{"id":167435,"date":"2025-12-23T18:05:11","date_gmt":"2025-12-23T18:05:11","guid":{"rendered":"https:\/\/www.europesays.com\/pl\/167435\/"},"modified":"2025-12-23T18:05:11","modified_gmt":"2025-12-23T18:05:11","slug":"wyslali-oficjalne-protesty-do-fis-ciag-dalszy-afery-z-engelbergu-jestesmy-wsciekli-sport-tvp-pl","status":"publish","type":"post","link":"https:\/\/www.europesays.com\/pl\/167435\/","title":{"rendered":"Wys\u0142ali oficjalne protesty do FIS! Ci\u0105g dalszy afery z Engelbergu. &quot;Jeste\u015bmy w\u015bciekli&quot; &#8211; sport.tvp.pl"},"content":{"rendered":"<ol>\n<li><a href=\"https:\/\/news.google.com\/rss\/articles\/CBMisgFBVV95cUxNQzMzaU95c3pPNTFYY0dBdXZhR3V4eUJibXdyQldXWVl1ZE1Ca1lYcUxNTTlfc0V2ZndZQjVDOU9PNzNXd3FqUGkwN0dVWHVQU3NJcDZqeGdEQVZIWUN1RHhDUF84ZERCMUxjMUs2RVJtMUl3Yk83bzZlOXYyeWgzeWx4TWpodlBRRzZic05ybUJKejhRN0c4NUtVQzFNVzFOQWRpem1yanpiMENleUhCNTdn0gG3AUFVX3lxTE4yS0I2ckVrUzVhendQQWJ0a2FGSk5sZnoxdy1DYlRIRnBwamtuZkUxMkNkRUFQN2NybWZCRHhwNW1XX3N1M29EOFNyR1lzOTlVZmhJSG15YnR3M0NNWlBIeWpOSU95LXpWOGNBNTZCNlRKbWpfMlM1WXc4QXd2bVdXYU1rNklaRjVsSDNPZ0F0MEROQURaZ2VGT3g2TzJNbDhNelBlajI5TW0yTWZuTjdKX2hpY1ZoOA?oc=5\" target=\"_blank\" rel=\"nofollow noopener\">Wys\u0142ali oficjalne protesty do FIS! Ci\u0105g dalszy afery z Engelbergu. &#8222;Jeste\u015bmy w\u015bciekli&#8221;<\/a>&nbsp;&nbsp;sport.tvp.pl<\/li>\n<li><a href=\"https:\/\/news.google.com\/rss\/articles\/CBMi2wFBVV95cUxOd3ZOaXMzSkQ1MlQ2WU9fYWdrZnhveG5IR18waDZTS2Rub1RTZnRqREZOT2UwdHI3U3RiVVh4SElBaEkzQU83LWpsR3JBbHdQeml5Uk1uU1VnZGJkSlF6R0dKMkktYnYxRnpONzZKek1yTkNaWmtMck12OUNvbXBrZlRWUVpkMkYyQVo4T0I0WnJ3R0ZsT3k1RHBoOWV5N2xWMjJ6WWdNaFZOZ2VJbFMycUhjelc5WExpWVR1SEh2QUlQTmxJbG92UXFaYzFuYWpCY0tzTkdybzQtY2c?oc=5\" target=\"_blank\" rel=\"nofollow noopener\">Protest tu\u017c przed Turniejem Czterech Skoczni! Gor\u0105ca dyskusja w skokach<\/a>&nbsp;&nbsp;Przegl\u0105d Sportowy Onet<\/li>\n<li><a href=\"https:\/\/news.google.com\/rss\/articles\/CBMiwwFBVV95cUxPZTJRREFfbVhpQkFKZlozODBOX0tjUXl5aDhnaTdqa2k2WlgtekllaERHUldwdnpmZVIya1dlWWRsYUdfbDhWMzhSNTNpQVh2d0VHTE1aeVdTeHlIYTR1V1VrcUF0MHduaktZN0FTeDNIaUd6bXI4RnZNZ3MwT0RUdFNneDBtSFNHcmU4WF9QQjBGWjA5cXg4Q3F0aGtuMXVJMVJieEJLSTZ1R0VtSmwzcFF4Y1g1cnRKaEdhbHJEUDVFVEU?oc=5\" target=\"_blank\" rel=\"nofollow noopener\">Gor\u0105co przed Turniejem Czterech Skoczni. Wybuch\u0142 skandal, pisma dotar\u0142y do FIS. Polak w furii<\/a>&nbsp;&nbsp;Sport w INTERIA.PL<\/li>\n<li><a href=\"https:\/\/news.google.com\/rss\/articles\/CBMisgFBVV95cUxNcVNDRXVjcVpsbEVUT0d3QkRWS1RCTFY0S0dpaWZjeE9IcUN6VlhibTMyNVVNeW90THk4R0I0UDQ4NEU1clR4cDFmREhvUjJmYTBOUDlnMzlpMXQxUFBGVnZqM0dZRTNvMDZNNkZYeHJJaVZkT21SblJ0b1hOSGdtdE1xVDJIcDdBUlNqZWdWbWhWRXBjMXhPTmNDODRLQkVhUmZ6U2hmbDlzcDVRSzhtTlRn?oc=5\" target=\"_blank\" rel=\"nofollow noopener\">Przyznali si\u0119 do winy po serii dyskwalifikacji. &#8222;Zawalili\u015bmy&#8221;<\/a>&nbsp;&nbsp;SportoweFakty<\/li>\n<li><a href=\"https:\/\/news.google.com\/rss\/articles\/CBMixAFBVV95cUxQeUhnQ3p3dDAtc3lqRG5vSHpWLWJKRmMybWdKUmNvTFU2cVhwV1piVG13Yk5ocGgyZzBaMjg2b1YzaDE3cFA3clEwVDNNMm1YX3BNNWNaQ0QybUdHRTdseGJJdmdXV2FSZnNrUFpnbllNelBXU2VWODF2al9JZnExbzJEb2hJMWE0YkJBSkw5RkxvUmozNHA0QTVfX1JnX3NjVDRNOTh5bW0xbi10bTFaRld4eGhzWGd6V2VnUi03Mkc1TkxY?oc=5\" target=\"_blank\" rel=\"nofollow noopener\">Poruszenie w skokach. Seria dyskwalifikacji, polski trener nie kryje \u017calu<\/a>&nbsp;&nbsp;MSN<\/li>\n<\/ol>\n","protected":false},"excerpt":{"rendered":"Wys\u0142ali oficjalne protesty do FIS! Ci\u0105g dalszy afery z Engelbergu. &#8222;Jeste\u015bmy w\u015bciekli&#8221;&nbsp;&nbsp;sport.tvp.pl Protest tu\u017c przed Turniejem Czterech Skoczni!&hellip;\n","protected":false},"author":2,"featured_media":167436,"comment_status":"","ping_status":"","sticky":false,"template":"","format":"standard","meta":{"footnotes":"","_share_on_mastodon":"0"},"categories":[24],"tags":[30697,42,38,40,39,41,13539,1539,1538,127,334,126],"class_list":["post-167435","post","type-post","status-publish","format-standard","has-post-thumbnail","category-sport","tag-engelberg","tag-pl","tag-poland","tag-polish","tag-polska","tag-polski","tag-ps-w-skokach-narciarskich","tag-skoki","tag-skoki-narciarskie","tag-sport","tag-sport-tvp-pl","tag-sports"],"share_on_mastodon":{"url":"https:\/\/pubeurope.com\/@pl\/115770211002182641","error":""},"_links":{"self":[{"href":"https:\/\/www.europesays.com\/pl\/wp-json\/wp\/v2\/posts\/167435","targetHints":{"allow":["GET"]}}],"collection":[{"href":"https:\/\/www.europesays.com\/pl\/wp-json\/wp\/v2\/posts"}],"about":[{"href":"https:\/\/www.europesays.com\/pl\/wp-json\/wp\/v2\/types\/post"}],"author":[{"embeddable":true,"href":"https:\/\/www.europesays.com\/pl\/wp-json\/wp\/v2\/users\/2"}],"replies":[{"embeddable":true,"href":"https:\/\/www.europesays.com\/pl\/wp-json\/wp\/v2\/comments?post=167435"}],"version-history":[{"count":0,"href":"https:\/\/www.europesays.com\/pl\/wp-json\/wp\/v2\/posts\/167435\/revisions"}],"wp:featuredmedia":[{"embeddable":true,"href":"https:\/\/www.europesays.com\/pl\/wp-json\/wp\/v2\/media\/167436"}],"wp:attachment":[{"href":"https:\/\/www.europesays.com\/pl\/wp-json\/wp\/v2\/media?parent=167435"}],"wp:term":[{"taxonomy":"category","embeddable":true,"href":"https:\/\/www.europesays.com\/pl\/wp-json\/wp\/v2\/categories?post=167435"},{"taxonomy":"post_tag","embeddable":true,"href":"https:\/\/www.europesays.com\/pl\/wp-json\/wp\/v2\/tags?post=167435"}],"curies":[{"name":"wp","href":"https:\/\/api.w.org\/{rel}","templated":true}]}}