{"id":167454,"date":"2025-12-23T18:17:26","date_gmt":"2025-12-23T18:17:26","guid":{"rendered":"https:\/\/www.europesays.com\/pl\/167454\/"},"modified":"2025-12-23T18:17:26","modified_gmt":"2025-12-23T18:17:26","slug":"tragiczny-wypadek-na-przejezdzie-kolejowym-w-ziebicach-rogatki-byly-otwarte","status":"publish","type":"post","link":"https:\/\/www.europesays.com\/pl\/167454\/","title":{"rendered":"\u200bTragiczny wypadek na przeje\u017adzie kolejowym w Zi\u0119bicach. Rogatki by\u0142y otwarte"},"content":{"rendered":"<p>W niedziel\u0119 na przeje\u017adzie kolejowym w Zi\u0119bicach na Dolnym \u015al\u0105sku dosz\u0142o do tragicznego wypadku. Samoch\u00f3d osobowy zderzy\u0142 si\u0119 z poci\u0105giem dalekobie\u017cnym relacji Praga-Gdynia. W wyniku zdarzenia zgin\u0119li rodzice dwuletniego ch\u0142opca. Jak ustali\u0142a reporterka RMF FM Martyna Czerwi\u0144ska, auto nie omin\u0119\u0142o zamkni\u0119tego szlabanu, jak podejrzewano. Rogatki by\u0142y otwarte.<\/p>\n<p>                         &#13;<br \/>\n        &#13;<\/p>\n<p>                                        &#13;<br \/>\n                        &#13;<br \/>\n                            <img decoding=\"async\" src=\"https:\/\/www.europesays.com\/pl\/wp-content\/uploads\/2025\/12\/000M43BGTOXME126-C123-F4.jpg\" title=\"\u200bTragedia na przeje\u017adzie kolejowym w Zi\u0119bicach. B\u0142\u0105d, kt\u00f3ry kosztowa\u0142 \u017cycie dw\u00f3ch os\u00f3b\" alt=\"Miejsce zdarzenia. Komenda Powiatowa Policji w Z\u0105bkowicach \u015al\u0105skich \/Facebook \/Komenda Powiatowa Policji w Z\u0105bkowicach \u015al\u0105skich \/Facebook\" class=\"img-responsive\"\/>&#13;<\/p>\n<p>                            &#13;<\/p>\n<p>      &#13;<br \/>\n                            Miejsce zdarzenia. Komenda Powiatowa Policji w Z\u0105bkowicach \u015al\u0105skich \/Facebook&#13;<br \/>\n                                    \/Komenda Powiatowa Policji w Z\u0105bkowicach \u015al\u0105skich \/Facebook  &#13;\n                                    <\/p>\n<p>&#13;<\/p>\n<ul class=\"bullet\">\n<li>Wypadek mia\u0142 miejsce na przeje\u017adzie kolejowym z sygnalizacj\u0105 i rogatkami przy drodze wojew\u00f3dzkiej nr 385 w Zi\u0119bicach.<\/li>\n<li>W zderzeniu z poci\u0105giem relacji Praga-Gdynia zgin\u0119\u0142y dwie osoby &#8211; 31-letnia kobieta i m\u0119\u017cczyzna, rodzice dwuletniego ch\u0142opca.<\/li>\n<li>Dziecko nie by\u0142o obecne w samochodzie w chwili wypadku &#8211; przebywa\u0142o u babci.<\/li>\n<li>Nikt z pasa\u017cer\u00f3w poci\u0105gu nie odni\u00f3s\u0142 obra\u017ce\u0144.<\/li>\n<li>Wi\u0119cej informacji z\u00a0Polski i\u00a0\u015bwiata znajdziesz na\u00a0<a href=\"https:\/\/www.rmf24.pl\/\" target=\"_blank\" rel=\"noreferrer noopener nofollow\">RMF24.pl<\/a>.<\/li>\n<\/ul>\n<p>  Do tragicznego zdarzenia dosz\u0142o w niedziel\u0119 na przeje\u017adzie kolejowym w Zi\u0119bicach, wyposa\u017conym w sygnalizacj\u0119 \u015bwietln\u0105 i rogatki. Samoch\u00f3d osobowy wjecha\u0142 na tory w momencie, gdy nadje\u017cd\u017ca\u0142 poci\u0105g dalekobie\u017cny relacji Praga-Gdynia. Na miejscu\u00a0zgin\u0119li 31-letnia kobieta i m\u0119\u017cczyzna.\u00a0<\/p>\n<p>Si\u0142a uderzenia by\u0142a ogromna &#8211; pojazd zosta\u0142 doszcz\u0119tnie zniszczony. Wed\u0142ug naszej dziennikarki sk\u0142ady jad\u0105 na tym odcinku nawet 120 km\/h. Samoch\u00f3d marki Kia, kt\u00f3rym podr\u00f3\u017cowa\u0142a para, zosta\u0142 przeci\u0105gni\u0119ty po torach przez oko\u0142o 500 metr\u00f3w.\u00a0Przejazd kolejowy w tym miejscu jest po\u0142o\u017cony na \u0142uku i wzniesieniu, co bardzo ogranicza widoczno\u015b\u0107.<\/p>\n<p>W samochodzie znajdowa\u0142 si\u0119 fotelik dzieci\u0119cy, co pocz\u0105tkowo wzbudzi\u0142o obawy s\u0142u\u017cb ratunkowych, \u017ce w poje\u017adzie mog\u0142o by\u0107 dziecko. Ostatecznie ustalono, \u017ce dwuletni syn ofiar wypadku w chwili tragedii przebywa\u0142 u babci.<\/p>\n<p>  Prokuratura Rejonowa w Z\u0105bkowicach \u015al\u0105skich zabezpieczy\u0142a monitoring oraz zapis z kamery w lokomotywie. Przeprowadzi\u0142a te\u017c ogl\u0119dziny na miejscu zdarzenia. Jak ustali\u0142a reporterka RMF FM Martyna Czerwi\u0144ska, auto nie omin\u0119\u0142o zamkni\u0119tego szlabanu. Wcze\u015bniej podejrzewano, \u017ce kierowca zignorowa\u0142 czerwone \u015bwiat\u0142o i omin\u0105\u0142 szlaban. Okaza\u0142o si\u0119 jednak, \u017ce rogatki by\u0142y otwarte.<\/p>\n<p>Nasza dziennikarka przypomnia\u0142a, \u017ce od razu pojawi\u0142y si\u0119 pytania, w jaki spos\u00f3b auto znalaz\u0142o si\u0119 na torach. Rogatki nie odgradzaj\u0105 ca\u0142ej jezdni, wi\u0119c by\u0142o podejrzenie, \u017ce kierowca je omin\u0105\u0142. Jednak PKP PLK potwierdzi\u0142o, \u017ce szlaban by\u0142 w g\u00f3rze.<\/p>\n<p>Martyna Czerwi\u0144ska dowiedzia\u0142a si\u0119 tak\u017ce, \u017ce badana jest jeszcze kwestia sygnalizacji \u015bwietlnej na tym przeje\u017adzie. System jest automatyczny. To oznacza, \u017ce gdy sk\u0142ad si\u0119 zbli\u017ca, zapala si\u0119 czerwone \u015bwiat\u0142o i rogatki opadaj\u0105. Wiele wi\u0119c wskazuje na to, \u017ce dosz\u0142o do awarii systemu.<\/p>\n<p>Wed\u0142ug nieoficjalnych informacji reporterki RMF FM, sygnalizacja te\u017c mia\u0142a nie dzia\u0142a\u0107.\u00a0<\/p>\n<p>Spraw\u0119 bada prokuratura i komisja ds. wypadk\u00f3w na kolei.\u00a0<\/p>\n","protected":false},"excerpt":{"rendered":"W niedziel\u0119 na przeje\u017adzie kolejowym w Zi\u0119bicach na Dolnym \u015al\u0105sku dosz\u0142o do tragicznego wypadku. Samoch\u00f3d osobowy zderzy\u0142 si\u0119&hellip;\n","protected":false},"author":2,"featured_media":167455,"comment_status":"","ping_status":"","sticky":false,"template":"","format":"standard","meta":{"footnotes":""},"categories":[12],"tags":[32,33,36,37,27,34,35,28,31,25,42,38,40,39,41,29,30,26],"class_list":{"0":"post-167454","1":"post","2":"type-post","3":"status-publish","4":"format-standard","5":"has-post-thumbnail","7":"category-polska","8":"tag-breaking-news","9":"tag-breakingnews","10":"tag-featured-news","11":"tag-featurednews","12":"tag-headlines","13":"tag-latest-news","14":"tag-latestnews","15":"tag-naglowki","16":"tag-najwazniejsze-artykuly","17":"tag-news","18":"tag-pl","19":"tag-poland","20":"tag-polish","21":"tag-polska","22":"tag-polski","23":"tag-top-stories","24":"tag-topstories","25":"tag-wiadomosci"},"share_on_mastodon":{"url":"https:\/\/pubeurope.com\/@pl\/115770258185511195","error":""},"_links":{"self":[{"href":"https:\/\/www.europesays.com\/pl\/wp-json\/wp\/v2\/posts\/167454","targetHints":{"allow":["GET"]}}],"collection":[{"href":"https:\/\/www.europesays.com\/pl\/wp-json\/wp\/v2\/posts"}],"about":[{"href":"https:\/\/www.europesays.com\/pl\/wp-json\/wp\/v2\/types\/post"}],"author":[{"embeddable":true,"href":"https:\/\/www.europesays.com\/pl\/wp-json\/wp\/v2\/users\/2"}],"replies":[{"embeddable":true,"href":"https:\/\/www.europesays.com\/pl\/wp-json\/wp\/v2\/comments?post=167454"}],"version-history":[{"count":0,"href":"https:\/\/www.europesays.com\/pl\/wp-json\/wp\/v2\/posts\/167454\/revisions"}],"wp:featuredmedia":[{"embeddable":true,"href":"https:\/\/www.europesays.com\/pl\/wp-json\/wp\/v2\/media\/167455"}],"wp:attachment":[{"href":"https:\/\/www.europesays.com\/pl\/wp-json\/wp\/v2\/media?parent=167454"}],"wp:term":[{"taxonomy":"category","embeddable":true,"href":"https:\/\/www.europesays.com\/pl\/wp-json\/wp\/v2\/categories?post=167454"},{"taxonomy":"post_tag","embeddable":true,"href":"https:\/\/www.europesays.com\/pl\/wp-json\/wp\/v2\/tags?post=167454"}],"curies":[{"name":"wp","href":"https:\/\/api.w.org\/{rel}","templated":true}]}}