{"id":167460,"date":"2025-12-23T18:20:31","date_gmt":"2025-12-23T18:20:31","guid":{"rendered":"https:\/\/www.europesays.com\/pl\/167460\/"},"modified":"2025-12-23T18:20:31","modified_gmt":"2025-12-23T18:20:31","slug":"mata-ma-sie-czym-pochwalic-tak-wygladaja-przystrojone-wnetrza-jego-rodzinnego-domu","status":"publish","type":"post","link":"https:\/\/www.europesays.com\/pl\/167460\/","title":{"rendered":"Mata ma si\u0119 czym pochwali\u0107. Tak wygl\u0105daj\u0105 przystrojone wn\u0119trza jego rodzinnego domu"},"content":{"rendered":"<p class=\"ods-c-paragraph \">Micha\u0142 Matczak, znany szerszej publiczno\u015bci jako <a href=\"https:\/\/plejada.pl\/temat\/mata-raper-michal-matczak\/s3zljks\" id=\"d9cd9d85-5560-4eae-8676-7aefc6b45cc0\" rel=\"nofollow noopener\" target=\"_blank\">Mata<\/a>, to syn jednego z najbardziej rozpoznawalnych prawnik\u00f3w w Polsce, Marcina Matczaka. Raper rozpocz\u0105\u0142 karier\u0119 w 2018 r. i w zatrwa\u017caj\u0105cym tempie podbi\u0142 serca s\u0142uchaczy oraz platformy streamingowe. Podczas trwaj\u0105cej dopiero siedem lat kariery, uwielbiany przez m\u0142odych ludzi tw\u00f3rca, osi\u0105gn\u0105\u0142 sukces, jakiego nie powstydzi\u0142by si\u0119 \u015bwiatowej klasy wytrawny muzyk.<\/p>\n<p class=\"ods-c-paragraph \">Najwi\u0119ksz\u0105 popularno\u015b\u0107 przynios\u0142a Macie piosenka &#8222;Patointeligencja&#8221; wydana w 2019 r., w kt\u00f3rej raper obna\u017ca styl \u017cycia m\u0142odzie\u017cy z &#8222;dobrych dom\u00f3w&#8221;, kt\u00f3ry obfituje w alkohol, narkotyki i inne substancje psychoaktywne oraz samob\u00f3jstwa i nieplanowane ci\u0105\u017ce. Teledysk do utworu doczeka\u0142 si\u0119 78 mln ods\u0142on na YouTubie, a jego kolejna cz\u0119\u015b\u0107 &#8222;Patoreakcja&#8221; a\u017c 95 mln. Pomimo m\u0142odego wieku, Matczak ma na swoim koncie wsp\u00f3\u0142prace z najpopularniejszymi raperami w Polsce, m.in. Quebonafide, Malikiem Montan\u0105 czy Taco Hemingway&#8217;em.<\/p>\n<p>Dalszy ci\u0105g artyku\u0142u pod materia\u0142em wideo<br \/>\nTak wygl\u0105da \u015bwi\u0105teczny dom Matczak\u00f3w. Nie brakuje dekoracji<\/p>\n<p class=\"ods-c-paragraph \">Zar\u00f3wno polskie, jak i zagraniczne gwiazdy ju\u017c od kilku tygodni dziel\u0105 si\u0119 z fanami zdj\u0119ciami udekorowanych willi i apartament\u00f3w, a tak\u017ce ch\u0119tnie opowiadaj\u0105, jak sp\u0119dz\u0105 nadchodz\u0105ce Bo\u017ce Narodzenie. Zaledwie dzie\u0144 przed Wigili\u0105 przystrojone wn\u0119trza pokaza\u0142a mama Maty \u2014 Arletta Matczak.<\/p>\n<p>   <img decoding=\"async\" src=\"https:\/\/www.europesays.com\/pl\/wp-content\/uploads\/2025\/12\/NtCk9lBaHR0cHM6Ly9vY2RuLmV1L3B1bHNjbXMvTURBXy9mNWU3MmZjMWI3NzQ5NTI0ZGM1MjViZGVhNzA5NzllYS5wbmeSlQPNA.jpeg\" height=\"529\" width=\"940\" alt=\"Arletta Matczak na Instagramie\" loading=\"lazy\" class=\"ods-c-image__img ods-c-image__img--viewport-width\"\/><\/p>\n<p>Arletta Matczak na Instagramiehttps:\/\/www.instagram.com\/arlettamatczak\/<\/p>\n<p class=\"ods-c-paragraph \">Na zdj\u0119ciach opublikowanych przez mam\u0119 Maty jako pierwsza w oczy rzuca si\u0119 wielka, \u017cywa choinka z ogromn\u0105 kokard\u0105 na czubku i wieloma mieni\u0105cymi si\u0119 na z\u0142oto lampkami. Wygl\u0105da na to, \u017ce Arletta Matczak postanowi\u0142a nakry\u0107 ju\u017c do sto\u0142u, poniewa\u017c widzimy na nim \u015bwi\u0105teczn\u0105 zastaw\u0119. Mi\u0119dzy talerzami i kieliszkami znalaz\u0142y si\u0119 bo\u017conarodzeniowe figurki, wilczomlecz nadobny, znany jako &#8222;gwiazda betlejemska&#8221; oraz plastry pomara\u0144czy, pierniczki i op\u0142atek \u2014 wszystko to zosta\u0142o ustawione na czerwonym kraciastym obrusie.<\/p>\n<p><img decoding=\"async\" src=\"https:\/\/www.europesays.com\/pl\/wp-content\/uploads\/2025\/12\/S4Yk9lBaHR0cHM6Ly9vY2RuLmV1L3B1bHNjbXMvTURBXy9kNGJhNDQ0MGVjYzljMzQzOTY0YWY4OWU1MmU2NGZhYy5wbmeSlQPNA.jpeg\" height=\"529\" width=\"940\" alt=\"Arletta Matczak na Instagramie\" loading=\"lazy\" class=\"ods-c-image__img ods-c-image__img--viewport-width\"\/><\/p>\n<p>Arletta Matczak na Instagramiehttps:\/\/www.instagram.com\/arlettamatczak\/<\/p>\n<p class=\"ods-c-paragraph \">W salonie Matczak\u00f3w widnieje r\u00f3wnie\u017c mn\u00f3stwo miniaturowych choinek, a nieco wi\u0119ksza stoi r\u00f3wnie\u017c na tarasie. Przy oknie swoje miejsce znalaz\u0142y natomiast dwa z\u0142ote renifery. Na kominku zosta\u0142y ustawione \u017co\u0142nierzyki oraz \u015bwierkowe ga\u0142\u0105zki, a tu\u017c nad nimi zawis\u0142 o\u015bnie\u017cony stroik. W ozdobionych wn\u0119trzach nie zabrak\u0142o r\u00f3wnie\u017c poduszek w \u015bwi\u0105teczne wzory.<\/p>\n<p>   <img decoding=\"async\" src=\"https:\/\/www.europesays.com\/pl\/wp-content\/uploads\/2025\/12\/w0Ok9lBaHR0cHM6Ly9vY2RuLmV1L3B1bHNjbXMvTURBXy9iOGFkMzAxMjQ0NjNkMzAyZTIzNjg1ODZjZTg1MmYzOC5wbmeSlQPNA.jpeg\" height=\"529\" width=\"940\" alt=\"Arletta Matczak na Instagramie\" loading=\"lazy\" class=\"ods-c-image__img ods-c-image__img--viewport-width\"\/><\/p>\n<p>Arletta Matczak na Instagramiehttps:\/\/www.instagram.com\/arlettamatczak\/<\/p>\n<p> <img decoding=\"async\" src=\"https:\/\/www.europesays.com\/pl\/wp-content\/uploads\/2025\/12\/G7Hk9lBaHR0cHM6Ly9vY2RuLmV1L3B1bHNjbXMvTURBXy9jOTc5NmE1YmUwNTMwMjBjNTEwNWI1Mjk4NGIyN2NkMy5wbmeSlQPNA.jpeg\" height=\"529\" width=\"940\" alt=\"Arletta Matczak na Instagramie\" loading=\"lazy\" class=\"ods-c-image__img ods-c-image__img--viewport-width\"\/><\/p>\n<p>Arletta Matczak na Instagramiehttps:\/\/www.instagram.com\/arlettamatczak\/<\/p>\n<p> <img decoding=\"async\" src=\"https:\/\/www.europesays.com\/pl\/wp-content\/uploads\/2025\/12\/Fnqk9lBaHR0cHM6Ly9vY2RuLmV1L3B1bHNjbXMvTURBXy8yYjBlMWFiNGU4MTM1NjY4MmFhYTcwNWU3Nzc5ZWM4OC5wbmeSlQPNA.jpeg\" height=\"529\" width=\"940\" alt=\"Arletta Matczak na Instagramie\" loading=\"lazy\" class=\"ods-c-image__img ods-c-image__img--viewport-width\"\/><\/p>\n<p>Arletta Matczak na Instagramiehttps:\/\/www.instagram.com\/arlettamatczak\/<\/p>\n<p> <img decoding=\"async\" src=\"https:\/\/www.europesays.com\/pl\/wp-content\/uploads\/2025\/12\/v29k9lBaHR0cHM6Ly9vY2RuLmV1L3B1bHNjbXMvTURBXy83NDczMWRmYWEwNTkyYWM0ZWI5NDVhNDExOTM4ZWMwNi5wbmeSlQPNA.jpeg\" height=\"529\" width=\"940\" alt=\"Arletta Matczak na Instagramie\" loading=\"lazy\" class=\"ods-c-image__img ods-c-image__img--viewport-width\"\/><\/p>\n<p>Arletta Matczak na Instagramiehttps:\/\/www.instagram.com\/arlettamatczak\/<\/p>\n<p> <img decoding=\"async\" src=\"https:\/\/www.europesays.com\/pl\/wp-content\/uploads\/2025\/12\/D8qk9lBaHR0cHM6Ly9vY2RuLmV1L3B1bHNjbXMvTURBXy80YzZmNWE1ODZkZGM5YTlhNjdhOTQ2MzEyYjU0Nzg4OS5wbmeSlQPNA.jpeg\" height=\"760\" width=\"764\" alt=\"Arletta Matczak na Instagramie\" loading=\"lazy\" class=\"ods-c-image__img ods-c-image__img--viewport-width\"\/><\/p>\n<p>Arletta Matczak na Instagramiehttps:\/\/www.instagram.com\/arlettamatczak\/<\/p>\n<p class=\"ods-c-paragraph \">Dzi\u0119kujemy, \u017ce przeczyta\u0142a\u015b\/e\u015b nasz artyku\u0142 do ko\u0144ca. W serwisie Plejada.pl ka\u017cdego dnia piszemy o najwa\u017cniejszych wydarzeniach show-biznesowych. B\u0105d\u017a na bie\u017c\u0105co! <a rel=\"nofollow noopener\" href=\"https:\/\/profile.google.com\/cp\/Cg0vZy8xMWJ6X19wdHBx\" id=\"5d1b6f7e-029e-4745-9448-f3186c579e1a\" target=\"_blank\">Obserwuj<\/a> Plejad\u0119 w Google. Odwied\u017a nas tak\u017ce na <a rel=\"nofollow noopener\" href=\"https:\/\/www.facebook.com\/plejadapl\" id=\"2ec8ab6e-931c-4501-b65e-6716126c6a67\" target=\"_blank\">Facebooku<\/a>, <a rel=\"nofollow noopener\" href=\"https:\/\/www.instagram.com\/plejadapl\/\" id=\"d54d9ca7-a53c-4016-ba86-bec5a7c9d7ad\" target=\"_blank\">Instagramie<\/a>, <a rel=\"nofollow noopener\" href=\"https:\/\/www.youtube.com\/c\/plejada\" id=\"f5b8bbd5-8117-4ca6-977e-9690133d7046\" target=\"_blank\">YouTubie<\/a> oraz <a rel=\"nofollow noopener\" href=\"https:\/\/www.tiktok.com\/@plejada_pl\" id=\"ee0aa2a9-8385-4bd0-83dc-1a3afab65756\" target=\"_blank\">TikToku<\/a>.<\/p>\n<p class=\"ods-c-paragraph \">Chcesz podzieli\u0107 si\u0119 ciekawym newsem lub zaproponowa\u0107 temat? Skontaktuj si\u0119 z nami, pisz\u0105c maila na adres: <a rel=\"nofollow noopener\" href=\"https:\/\/plejada.pl\/newsy\/mata-ma-sie-czym-pochwalic-tak-wygladaja-przystrojone-wnetrza-jego-rodzinnego-domu\/mailto:plejada@redakcjaonet.pl\" id=\"f27437a0-ec29-4d0d-ac3d-f8ae036315ff\" target=\"_blank\">plejada@redakcjaon<\/a><a href=\"https:\/\/et.pl\" id=\"bf14a55f-fca8-445f-9a0f-f3cdf2558170\" rel=\"nofollow noopener\" target=\"_blank\">et.pl<\/a>.<\/p>\n<p><script async src=\"\/\/www.instagram.com\/embed.js\"><\/script><script async src=\"\/\/www.tiktok.com\/embed.js\"><\/script><\/p>\n","protected":false},"excerpt":{"rendered":"Micha\u0142 Matczak, znany szerszej publiczno\u015bci jako Mata, to syn jednego z najbardziej rozpoznawalnych prawnik\u00f3w w Polsce, Marcina Matczaka.&hellip;\n","protected":false},"author":2,"featured_media":167461,"comment_status":"","ping_status":"","sticky":false,"template":"","format":"standard","meta":{"footnotes":""},"categories":[22],"tags":[23150,12698,122,33024,17668,48,125,46,42,38,40,39,41,123,47],"class_list":{"0":"post-167460","1":"post","2":"type-post","3":"status-publish","4":"format-standard","5":"has-post-thumbnail","7":"category-rozrywka","8":"tag-boze_narodzenie_wigilia","9":"tag-domy_gwiazd","10":"tag-entertainment","11":"tag-marcin_matczak","12":"tag-mata","13":"tag-nat_styl","14":"tag-newsy","15":"tag-omp","16":"tag-pl","17":"tag-poland","18":"tag-polish","19":"tag-polska","20":"tag-polski","21":"tag-rozrywka","22":"tag-screening_general"},"share_on_mastodon":{"url":"https:\/\/pubeurope.com\/@pl\/115770271085568695","error":""},"_links":{"self":[{"href":"https:\/\/www.europesays.com\/pl\/wp-json\/wp\/v2\/posts\/167460","targetHints":{"allow":["GET"]}}],"collection":[{"href":"https:\/\/www.europesays.com\/pl\/wp-json\/wp\/v2\/posts"}],"about":[{"href":"https:\/\/www.europesays.com\/pl\/wp-json\/wp\/v2\/types\/post"}],"author":[{"embeddable":true,"href":"https:\/\/www.europesays.com\/pl\/wp-json\/wp\/v2\/users\/2"}],"replies":[{"embeddable":true,"href":"https:\/\/www.europesays.com\/pl\/wp-json\/wp\/v2\/comments?post=167460"}],"version-history":[{"count":0,"href":"https:\/\/www.europesays.com\/pl\/wp-json\/wp\/v2\/posts\/167460\/revisions"}],"wp:featuredmedia":[{"embeddable":true,"href":"https:\/\/www.europesays.com\/pl\/wp-json\/wp\/v2\/media\/167461"}],"wp:attachment":[{"href":"https:\/\/www.europesays.com\/pl\/wp-json\/wp\/v2\/media?parent=167460"}],"wp:term":[{"taxonomy":"category","embeddable":true,"href":"https:\/\/www.europesays.com\/pl\/wp-json\/wp\/v2\/categories?post=167460"},{"taxonomy":"post_tag","embeddable":true,"href":"https:\/\/www.europesays.com\/pl\/wp-json\/wp\/v2\/tags?post=167460"}],"curies":[{"name":"wp","href":"https:\/\/api.w.org\/{rel}","templated":true}]}}