{"id":167507,"date":"2025-12-23T18:51:10","date_gmt":"2025-12-23T18:51:10","guid":{"rendered":"https:\/\/www.europesays.com\/pl\/167507\/"},"modified":"2025-12-23T18:51:10","modified_gmt":"2025-12-23T18:51:10","slug":"j-d-vance-krytykuje-europe-nie-ma-obecnie-zbyt-dobrego-wyobrazenia-o-sobie","status":"publish","type":"post","link":"https:\/\/www.europesays.com\/pl\/167507\/","title":{"rendered":"J.D. Vance krytykuje Europ\u0119. &#8222;Nie ma obecnie zbyt dobrego wyobra\u017cenia o sobie&#8221;"},"content":{"rendered":"<p class=\"Paragraph_desktopParagraph__U31Gm\">\u2014 My\u015bl\u0119, \u017ce Europa nie ma obecnie zbyt dobrego wyobra\u017cenia o sobie, co potwierdzaj\u0105 r\u00f3\u017cne wska\u017aniki stagnacji gospodarczej i kulturowej. Chcemy, aby Europa odzyska\u0142a swoj\u0105 energi\u0119. Chcemy, aby by\u0142a znacznie bardziej samowystarczalna i niezale\u017cna \u2014 powiedzia\u0142 ameryka\u0144ski wiceprezydent.<\/p>\n<p class=\"VideoPlayerText_videoPlayerText__iDwyz\">Dalszy ci\u0105g materia\u0142u pod wideo<\/p>\n<p class=\"Paragraph_desktopParagraph__U31Gm\">Vance doda\u0142 zarazem, \u017ce USA maj\u0105 &#8222;o wiele silniejsze wi\u0119zi kulturowe, religijne i gospodarcze z Europ\u0105, ni\u017c z jakimkolwiek innym miejscem na \u015bwiecie&#8221;. Zapowiedzia\u0142 te\u017c, \u017ce ameryka\u0144skie w\u0142adze b\u0119d\u0105 prowadzi\u0107 z Europ\u0105 rozmowy, &#8222;kt\u00f3rych nie mog\u0142yby prowadzi\u0107, na przyk\u0142ad, z Demokratyczn\u0105 Republik\u0105 Konga z uwagi na poczucie wsp\u00f3lnej historii i wsp\u00f3lnych warto\u015bci kulturowych&#8221;.<\/p>\n<ul class=\"OchatFollowUps_wrapper__1ry7X\">\n<li class=\"OchatFollowUps_item__Dhyly OchatFollowUps_itemDesktop__R6aBv\">Jakie jest zdanie J.D. Vance&#8217;a na temat polityki gospodarczej UE?<\/li>\n<li class=\"OchatFollowUps_item__Dhyly OchatFollowUps_itemDesktop__R6aBv\">Jak J.D. Vance ocenia wp\u0142yw islamu w Europie?<\/li>\n<li class=\"OchatFollowUps_item__Dhyly OchatFollowUps_itemDesktop__R6aBv\">Co J.D. Vance s\u0105dzi o polityce demokrat\u00f3w w USA?<\/li>\n<li class=\"OchatFollowUps_item__Dhyly OchatFollowUps_itemDesktop__R6aBv\">Jakie s\u0105 obawy J.D. Vance&#8217;a dotycz\u0105ce broni j\u0105drowej w Europie?<\/li>\n<\/ul>\n<p>Vance obawia si\u0119 rosn\u0105cych wp\u0142yw\u00f3w wyznawc\u00f3w islamu <\/p>\n<p class=\"Paragraph_desktopParagraph__U31Gm\">Wiceprezydent USA przyzna\u0142, \u017ce Waszyngton obawia si\u0119 skutk\u00f3w rosn\u0105cych wp\u0142yw\u00f3w wyznawc\u00f3w islamu w krajach Europy.<\/p>\n<p class=\"Paragraph_desktopParagraph__U31Gm\">\u2014 Francja i Wielka Brytania maj\u0105 bro\u0144 j\u0105drow\u0105. Je\u015bli pozwol\u0105 si\u0119 zdominowa\u0107 przez bardzo destrukcyjne idee moralne, to doprowadzimy do sytuacji, w kt\u00f3rej bro\u0144 j\u0105drowa wpadnie w r\u0119ce ludzi, kt\u00f3rzy mog\u0105 wyrz\u0105dzi\u0107 bardzo, bardzo powa\u017cne szkody Stanom Zjednoczonym \u2014 o\u015bwiadczy\u0142 wiceprezydent USA.<\/p>\n<p class=\"Paragraph_desktopParagraph__U31Gm\">Vance wyja\u015bni\u0142, \u017ce ma na my\u015bli &#8222;osoby o pogl\u0105dach zbli\u017conych do islamist\u00f3w lub im podobnych, kt\u00f3re pe\u0142ni\u0105 wa\u017cne funkcje w krajach europejskich&#8221;. Przyzna\u0142, \u017ce na razie s\u0105 to stanowiska ni\u017cszego szczebla, np. w samorz\u0105dach.<\/p>\n<p class=\"Paragraph_desktopParagraph__U31Gm\">\u2014 Nie jest wykluczone, \u017ce osoba o pogl\u0105dach zbli\u017conych do islamist\u00f3w mog\u0142aby mie\u0107 bardzo znacz\u0105cy wp\u0142yw na europejskie mocarstwo j\u0105drowe. W ci\u0105gu najbli\u017cszych pi\u0119ciu lat? Nie. Ale za 15 lat? Zdecydowanie \u2014 o\u015bwiadczy\u0142 wiceprezydent USA.<\/p>\n<p class=\"Paragraph_desktopParagraph__U31Gm\">Podkre\u015bli\u0142, \u017ce taka perspektywa jest &#8222;bezpo\u015brednim zagro\u017ceniem dla Stan\u00f3w Zjednoczonych&#8221;. \u2014 Chcemy, aby Europa by\u0142a silna i dynamiczna. Chc\u0119, aby Europa by\u0142a miejscem, do kt\u00f3rego Amerykanie mog\u0105 je\u017adzi\u0107 i je zwiedza\u0107; gdzie istnieje wymiana kulturalna \u2014 stwierdzi\u0142 Vance.<\/p>\n<p>Krytyka polityki demokrat\u00f3w <\/p>\n<p class=\"Paragraph_desktopParagraph__U31Gm\">Podkre\u015bli\u0142, \u017ce polityka otwartych granic prowadzona przez prezydent\u00f3w z Partii Demokratycznej doprowadzi\u0142a do &#8222;zniszczenia sp\u00f3jno\u015bci spo\u0142ecznej&#8221;.<\/p>\n<p class=\"Paragraph_desktopParagraph__U31Gm\">\u2014 Rywalizacja etniczna i ba\u0142kanizacja s\u0105 nieuniknion\u0105 konsekwencj\u0105 tych zjawisk. (\u2026) To przewidywalna konsekwencja tego, co lewica forsowa\u0142a przez lata \u2014 stwierdzi\u0142 Vance.<\/p>\n<p class=\"Paragraph_desktopParagraph__U31Gm\">Wiceprezydent USA podkre\u015bli\u0142 zarazem, \u017ce &#8222;Ameryka ca\u0142kiem dobrze radzi sobie z asymilacj\u0105 ludzi, o ile jest to niewielka liczba os\u00f3b i maj\u0105 one czas na ni\u0105&#8221;. \u2014 Problem z ameryka\u0144sk\u0105 imigracj\u0105 w ci\u0105gu czterech lat administracji (Joe) Bidena polega na tym, \u017ce wpuszczali\u015bmy zbyt wielu ludzi zbyt szybko \u2014 doda\u0142 Vance.<\/p>\n","protected":false},"excerpt":{"rendered":"\u2014 My\u015bl\u0119, \u017ce Europa nie ma obecnie zbyt dobrego wyobra\u017cenia o sobie, co potwierdzaj\u0105 r\u00f3\u017cne wska\u017aniki stagnacji gospodarczej&hellip;\n","protected":false},"author":2,"featured_media":167508,"comment_status":"","ping_status":"","sticky":false,"template":"","format":"standard","meta":{"footnotes":""},"categories":[14],"tags":[32,33,416,27,67,6969,34,35,28,31,53,25,52,68,51,55,40,41,47,59,80,29,30,65,50,26,82,83,84],"class_list":{"0":"post-167507","1":"post","2":"type-post","3":"status-publish","4":"format-standard","5":"has-post-thumbnail","7":"category-swiat","8":"tag-breaking-news","9":"tag-breakingnews","10":"tag-europa_kontynent","11":"tag-headlines","12":"tag-intextvideo_splayer","13":"tag-jd_vance_amerykanski_polityk_jd_vance","14":"tag-latest-news","15":"tag-latestnews","16":"tag-naglowki","17":"tag-najwazniejsze-artykuly","18":"tag-new_header","19":"tag-news","20":"tag-onet3","21":"tag-onet3d","22":"tag-onet3d_2i","23":"tag-phx","24":"tag-polish","25":"tag-polski","26":"tag-screening_general","27":"tag-stany_zjednoczone_usa","28":"tag-swiat","29":"tag-top-stories","30":"tag-topstories","31":"tag-update_me","32":"tag-v2021","33":"tag-wiadomosci","34":"tag-world","35":"tag-world-news","36":"tag-worldnews"},"share_on_mastodon":{"url":"https:\/\/pubeurope.com\/@pl\/115770391489491513","error":""},"_links":{"self":[{"href":"https:\/\/www.europesays.com\/pl\/wp-json\/wp\/v2\/posts\/167507","targetHints":{"allow":["GET"]}}],"collection":[{"href":"https:\/\/www.europesays.com\/pl\/wp-json\/wp\/v2\/posts"}],"about":[{"href":"https:\/\/www.europesays.com\/pl\/wp-json\/wp\/v2\/types\/post"}],"author":[{"embeddable":true,"href":"https:\/\/www.europesays.com\/pl\/wp-json\/wp\/v2\/users\/2"}],"replies":[{"embeddable":true,"href":"https:\/\/www.europesays.com\/pl\/wp-json\/wp\/v2\/comments?post=167507"}],"version-history":[{"count":0,"href":"https:\/\/www.europesays.com\/pl\/wp-json\/wp\/v2\/posts\/167507\/revisions"}],"wp:featuredmedia":[{"embeddable":true,"href":"https:\/\/www.europesays.com\/pl\/wp-json\/wp\/v2\/media\/167508"}],"wp:attachment":[{"href":"https:\/\/www.europesays.com\/pl\/wp-json\/wp\/v2\/media?parent=167507"}],"wp:term":[{"taxonomy":"category","embeddable":true,"href":"https:\/\/www.europesays.com\/pl\/wp-json\/wp\/v2\/categories?post=167507"},{"taxonomy":"post_tag","embeddable":true,"href":"https:\/\/www.europesays.com\/pl\/wp-json\/wp\/v2\/tags?post=167507"}],"curies":[{"name":"wp","href":"https:\/\/api.w.org\/{rel}","templated":true}]}}