{"id":167581,"date":"2025-12-23T19:48:08","date_gmt":"2025-12-23T19:48:08","guid":{"rendered":"https:\/\/www.europesays.com\/pl\/167581\/"},"modified":"2025-12-23T19:48:08","modified_gmt":"2025-12-23T19:48:08","slug":"ponad-20-km-nowej-ekspresowki-na-podkarpaciu-drogowcy-udostepnili-trase","status":"publish","type":"post","link":"https:\/\/www.europesays.com\/pl\/167581\/","title":{"rendered":"Ponad 20 km nowej ekspres\u00f3wki na Podkarpaciu. Drogowcy udost\u0119pnili tras\u0119"},"content":{"rendered":"<p>Nowo otwarte odcinki maj\u0105 na celu zminimalizowanie obci\u0105\u017cenia dotychczasowej drogi krajowej nr 19, szczeg\u00f3lnie w\u00a0okolicach ronda w\u00a0Miejscu Piastowym.<\/p>\n<p>Jak przekaza\u0142a Polskiej Agencji Prasowej rzeczniczka oddzia\u0142u <a href=\"https:\/\/www.money.pl\/wiadomosci\/gddkia.html\" rel=\"noopener noreferrer nofollow\" target=\"_blank\">GDDKiA<\/a> w\u00a0<a href=\"https:\/\/www.money.pl\/gospodarka\/a-jak-warszawa-xd-jak-gdansk-beda-zmiany-na-tablicach-rejestracyjnych-6908569172245120a.html\" rel=\"noopener noreferrer nofollow\" target=\"_blank\">Rzeszowie<\/a> Joanna Rarus, trasa g\u0142\u00f3wna jest ju\u017c dost\u0119pna dla pojazd\u00f3w, cho\u0107 z\u00a0pewnymi ograniczeniami. &#8211;\u00a0Do czasu zamontowania pe\u0142nego ogrodzenia drogi wprowadzono ograniczenie pr\u0119dko\u015bci do 80 km\/h &#8211;\u00a0zaznaczy\u0142a.<\/p>\n<p>Odcinek S19 Krosno \u2013\u00a0Miejsce Piastowe o\u00a0d\u0142ugo\u015bci ponad 10 km zosta\u0142 zrealizowany przez firm\u0119 Aldesa, a\u00a0koszt projektu wyni\u00f3s\u0142 365 mln z\u0142. W\u00a0ramach tego zadania zbudowano dwa w\u0119z\u0142y drogowe: Krosno oraz Miejsce Piastowe, kt\u00f3re po\u0142\u0105cz\u0105 tras\u0119 ekspresow\u0105 z\u00a0lokalnymi drogami wojew\u00f3dzkimi i\u00a0powiatowymi.<\/p>\n<p>Opr\u00f3cz tego, wa\u017cn\u0105 cz\u0119\u015bci\u0105 projektu by\u0142o zbudowanie licznych obiekt\u00f3w in\u017cynierskich, w\u00a0tym dziewi\u0119ciu most\u00f3w i\u00a0siedmiu wiadukt\u00f3w. Prace wyko\u0144czeniowe, takie jak nasadzenia zieleni i\u00a0oznakowanie poziome, zostan\u0105 uko\u0144czone do po\u0142owy przysz\u0142ego roku.<\/p>\n<p>Drugi odcinek, mi\u0119dzy Miejscem Piastowym a\u00a0Dukl\u0105, tak\u017ce ma ponad 10 km i\u00a0zosta\u0142 wykonany przez firm\u0119 Strabag, przy \u0142\u0105cznym nak\u0142adzie 479 mln z\u0142. Ten fragment zawiera r\u00f3wnie\u017c w\u0119ze\u0142 Dukla, kt\u00f3ry umo\u017cliwi po\u0142\u0105czenie z\u00a0drog\u0105 wojew\u00f3dzk\u0105 nr 993.<\/p>\n<p>&#8211; Trwa tak\u017ce budowa dw\u00f3ch Miejsc Obs\u0142ugi Podr\u00f3\u017cnych na wysoko\u015bci miejscowo\u015bci R\u00f3wne oraz roboty na DK19 w\u00a0Zboiskach, w\u00a0rejonie w\u0119z\u0142a Dukla &#8211;\u00a0doda\u0142a Joanna Rarus.<\/p>\n<p>Droga ekspresowa S19 jest cz\u0119\u015bci\u0105 mi\u0119dzynarodowego szlaku Via Carpatia, maj\u0105cego za zadanie lepsze po\u0142\u0105czenie drogowe Europy P\u00f3\u0142nocnej i\u00a0Po\u0142udniowej. W\u00a0Polsce Via Carpatia ma mie\u0107 d\u0142ugo\u015b\u0107 ponad 700 km i\u00a0obejmuje fragmenty pi\u0119ciu wojew\u00f3dztw, w\u00a0tym podkarpackiego.<\/p>\n<p>Podkarpacki odcinek S19 b\u0119dzie liczy\u0142 docelowo 170 km, z\u00a0czego kierowcy korzystaj\u0105 ju\u017c z\u00a0102 km. Dalsze 64 km s\u0105 na r\u00f3\u017cnych etapach realizacji, w\u00a0tym w\u00a0trakcie budowy.<\/p>\n","protected":false},"excerpt":{"rendered":"Nowo otwarte odcinki maj\u0105 na celu zminimalizowanie obci\u0105\u017cenia dotychczasowej drogi krajowej nr 19, szczeg\u00f3lnie w\u00a0okolicach ronda w\u00a0Miejscu Piastowym.&hellip;\n","protected":false},"author":2,"featured_media":167582,"comment_status":"","ping_status":"","sticky":false,"template":"","format":"standard","meta":{"footnotes":""},"categories":[12],"tags":[32,33,36,37,27,34,35,28,31,25,42,38,40,39,41,29,30,26],"class_list":{"0":"post-167581","1":"post","2":"type-post","3":"status-publish","4":"format-standard","5":"has-post-thumbnail","7":"category-polska","8":"tag-breaking-news","9":"tag-breakingnews","10":"tag-featured-news","11":"tag-featurednews","12":"tag-headlines","13":"tag-latest-news","14":"tag-latestnews","15":"tag-naglowki","16":"tag-najwazniejsze-artykuly","17":"tag-news","18":"tag-pl","19":"tag-poland","20":"tag-polish","21":"tag-polska","22":"tag-polski","23":"tag-top-stories","24":"tag-topstories","25":"tag-wiadomosci"},"share_on_mastodon":{"url":"https:\/\/pubeurope.com\/@pl\/115770615799958224","error":""},"_links":{"self":[{"href":"https:\/\/www.europesays.com\/pl\/wp-json\/wp\/v2\/posts\/167581","targetHints":{"allow":["GET"]}}],"collection":[{"href":"https:\/\/www.europesays.com\/pl\/wp-json\/wp\/v2\/posts"}],"about":[{"href":"https:\/\/www.europesays.com\/pl\/wp-json\/wp\/v2\/types\/post"}],"author":[{"embeddable":true,"href":"https:\/\/www.europesays.com\/pl\/wp-json\/wp\/v2\/users\/2"}],"replies":[{"embeddable":true,"href":"https:\/\/www.europesays.com\/pl\/wp-json\/wp\/v2\/comments?post=167581"}],"version-history":[{"count":0,"href":"https:\/\/www.europesays.com\/pl\/wp-json\/wp\/v2\/posts\/167581\/revisions"}],"wp:featuredmedia":[{"embeddable":true,"href":"https:\/\/www.europesays.com\/pl\/wp-json\/wp\/v2\/media\/167582"}],"wp:attachment":[{"href":"https:\/\/www.europesays.com\/pl\/wp-json\/wp\/v2\/media?parent=167581"}],"wp:term":[{"taxonomy":"category","embeddable":true,"href":"https:\/\/www.europesays.com\/pl\/wp-json\/wp\/v2\/categories?post=167581"},{"taxonomy":"post_tag","embeddable":true,"href":"https:\/\/www.europesays.com\/pl\/wp-json\/wp\/v2\/tags?post=167581"}],"curies":[{"name":"wp","href":"https:\/\/api.w.org\/{rel}","templated":true}]}}