{"id":167813,"date":"2025-12-23T22:37:08","date_gmt":"2025-12-23T22:37:08","guid":{"rendered":"https:\/\/www.europesays.com\/pl\/167813\/"},"modified":"2025-12-23T22:37:08","modified_gmt":"2025-12-23T22:37:08","slug":"brawurowa-akcja-ukraincy-zniszczyli-kluczowy-samolot-rosji-wp-wiadomosci","status":"publish","type":"post","link":"https:\/\/www.europesays.com\/pl\/167813\/","title":{"rendered":"Brawurowa akcja. Ukrai\u0144cy zniszczyli kluczowy samolot Rosji &#8211; WP Wiadomo\u015bci"},"content":{"rendered":"<ol>\n<li><a href=\"https:\/\/news.google.com\/rss\/articles\/CBMiowFBVV95cUxQRkNwRkFCY2Y5TjFfM3JZcXVRNGQydEJjbkZxNHZaUU1VY2p1YnFXaGZ0TE5MUmlpc2JMMkItMktxOUxZdXNfMzByclZZMXdKdjJnQzU0V1FfNU04cURQWVA1RDZyT2xJaUMxVy1FX0FMNU02Q1ExV24zOUVsSmZvM0J2YVdCOWRHUzF6d25LLUY2b0lZVGVxS0Znb3hRVmEzaGJZ?oc=5\" target=\"_blank\" rel=\"nofollow noopener\">Brawurowa akcja. Ukrai\u0144cy zniszczyli kluczowy samolot Rosji<\/a>&nbsp;&nbsp;WP Wiadomo\u015bci<\/li>\n<li><a href=\"https:\/\/news.google.com\/rss\/articles\/CBMizwFBVV95cUxPc1kzVzJ4bjVWRC1ZTlBZemMxdDBvQTRKZVJJOFlrWWtTaWRIS3hIUVVEalUyTGRiZmhWTXBCZGN1Mmp2WHdlN1V1QVBXVjJaSERhd0ZUT3M0TmRZRTlpc3l5OEJNVVhWVGVrc0RBWEtTR294UkxkQi1ZTnFId1JpM2c2R1VFLW1BYjdtd2JJS2pyLVBFQVNuOTBmMUxiX1RpUmV6YzVzWHF4elAxX2NQdnQzcU5tZGxUVW03MGd3TXRDLXBUV0kyMkZHNFkyWWs?oc=5\" target=\"_blank\" rel=\"nofollow noopener\">Ukraina uderza we flot\u0119 Putina tam, gdzie nikt si\u0119 nie spodziewa\u0142. &#8222;Ryzyko jest wsz\u0119dzie&#8221;<\/a>&nbsp;&nbsp;Business Insider Polska<\/li>\n<li><a href=\"https:\/\/news.google.com\/rss\/articles\/CBMiuAFBVV95cUxQV05rUzJQYlFxNFBkTGdiZVNnNlZ1NjZJTnhtOWhNRGs5eURvYnNSc2dfU3dyLUdpUjQ3Ti1BMWdzeTVLZmJiRkJzTFFGRW9SM2NweVVpTnM4UVdnV3NvOTFaTmVSVzlyemhrb2tDc0NkLUtyd1pFYkh5SzA4MFh4MXYxbXdsRk1wRHJINmlpdmJMT2gwYTFlWDVuZkp1Y3RPX01QYUl2VkdTa1JVVDFYQWhlOHpmZG1z?oc=5\" target=\"_blank\" rel=\"nofollow noopener\">Niespokojna noc w Rosji. Ukrai\u0144ski dron uszkodzi\u0142 dwa statki, na miejscu wybuch\u0142 po\u017car<\/a>&nbsp;&nbsp;Wydarzenia w INTERIA.PL<\/li>\n<li><a href=\"https:\/\/news.google.com\/rss\/articles\/CBMisgFBVV95cUxNejZ3QS11RFZJdnNGVWY5d3RKcHpWVC0zY3lrM24wcjg5blYwSVloc1JpWVBlclQ4cmVvY1VUVWR1STd1emdrRVlrUjR2aTlYdWppVDVwdkZkTFlqakhuM2p1MDZKWEQwM29UVmR6dVNIcXkxV3RsU1hOMVljX0pUa0RyTmp6Y0R6QVdhcDU5dVcxTjVYZEFVOXE2dTJPVUgzSkRwcU9tTVFDLThNQmhxbXZn?oc=5\" target=\"_blank\" rel=\"nofollow noopener\">Eksplozje na Morzu \u015ar\u00f3dziemnym. Nagranie z ataku na rosyjski tankowiec<\/a>&nbsp;&nbsp;WP Wiadomo\u015bci<\/li>\n<li><a href=\"https:\/\/news.google.com\/rss\/articles\/CBMimAFBVV95cUxOR0dIaU14aUt0anlQeXB1OXFuUDVZZmFmeU1IUG90S0hSd1FPQ0RGMEZYNmZObU51ZkNFMnZheHE5TnBuY2szcFNwUXZnd2VGeHRMdEthRnZyUnhRbDZHYTFsSUZFbnVtTk5fdjk5RGQ3WDZPeDJRUUVyRTRQNVhKZS04dHBfbk9VWkx1OEMxaVZEU3N3M0Vjbg?oc=5\" target=\"_blank\" rel=\"nofollow noopener\">Atak Ukrainy na po\u0142udniu Rosji. Dron uderzy\u0142 w statki<\/a>&nbsp;&nbsp;Onet Wiadomo\u015bci<\/li>\n<\/ol>\n","protected":false},"excerpt":{"rendered":"Brawurowa akcja. Ukrai\u0144cy zniszczyli kluczowy samolot Rosji&nbsp;&nbsp;WP Wiadomo\u015bci Ukraina uderza we flot\u0119 Putina tam, gdzie nikt si\u0119 nie&hellip;\n","protected":false},"author":2,"featured_media":167814,"comment_status":"","ping_status":"","sticky":false,"template":"","format":"standard","meta":{"footnotes":""},"categories":[5],"tags":[32,33,36,37,27,34,35,28,31,25,42,38,40,39,41,29,30,26],"class_list":{"0":"post-167813","1":"post","2":"type-post","3":"status-publish","4":"format-standard","5":"has-post-thumbnail","7":"category-naglowki","8":"tag-breaking-news","9":"tag-breakingnews","10":"tag-featured-news","11":"tag-featurednews","12":"tag-headlines","13":"tag-latest-news","14":"tag-latestnews","15":"tag-naglowki","16":"tag-najwazniejsze-artykuly","17":"tag-news","18":"tag-pl","19":"tag-poland","20":"tag-polish","21":"tag-polska","22":"tag-polski","23":"tag-top-stories","24":"tag-topstories","25":"tag-wiadomosci"},"share_on_mastodon":{"url":"https:\/\/pubeurope.com\/@pl\/115771280167362164","error":""},"_links":{"self":[{"href":"https:\/\/www.europesays.com\/pl\/wp-json\/wp\/v2\/posts\/167813","targetHints":{"allow":["GET"]}}],"collection":[{"href":"https:\/\/www.europesays.com\/pl\/wp-json\/wp\/v2\/posts"}],"about":[{"href":"https:\/\/www.europesays.com\/pl\/wp-json\/wp\/v2\/types\/post"}],"author":[{"embeddable":true,"href":"https:\/\/www.europesays.com\/pl\/wp-json\/wp\/v2\/users\/2"}],"replies":[{"embeddable":true,"href":"https:\/\/www.europesays.com\/pl\/wp-json\/wp\/v2\/comments?post=167813"}],"version-history":[{"count":0,"href":"https:\/\/www.europesays.com\/pl\/wp-json\/wp\/v2\/posts\/167813\/revisions"}],"wp:featuredmedia":[{"embeddable":true,"href":"https:\/\/www.europesays.com\/pl\/wp-json\/wp\/v2\/media\/167814"}],"wp:attachment":[{"href":"https:\/\/www.europesays.com\/pl\/wp-json\/wp\/v2\/media?parent=167813"}],"wp:term":[{"taxonomy":"category","embeddable":true,"href":"https:\/\/www.europesays.com\/pl\/wp-json\/wp\/v2\/categories?post=167813"},{"taxonomy":"post_tag","embeddable":true,"href":"https:\/\/www.europesays.com\/pl\/wp-json\/wp\/v2\/tags?post=167813"}],"curies":[{"name":"wp","href":"https:\/\/api.w.org\/{rel}","templated":true}]}}