{"id":167878,"date":"2025-12-23T23:13:09","date_gmt":"2025-12-23T23:13:09","guid":{"rendered":"https:\/\/www.europesays.com\/pl\/167878\/"},"modified":"2025-12-23T23:13:09","modified_gmt":"2025-12-23T23:13:09","slug":"klub-z-ekstraklasy-moze-pobic-rekord-transferowy-oferta-z-serie-a","status":"publish","type":"post","link":"https:\/\/www.europesays.com\/pl\/167878\/","title":{"rendered":"Klub z Ekstraklasy mo\u017ce pobi\u0107 rekord transferowy! 'Oferta z Serie A&#8217;"},"content":{"rendered":"<p class=\"art_paragraph\">1 &#8211; zaledwie tyle <a href=\"https:\/\/www.sport.pl\/mecz#anchorLink\" rel=\"nofollow noopener\" target=\"_blank\">mecz<\/a>\u00f3w na koncie w PKO BP Ekstraklasie mia\u0142 22-letni Oskar W\u00f3jcik jeszcze przed rozpocz\u0119ciem tego sezonu. Tymczasem w rundzie jesiennej sta\u0142 si\u0119 jednym z odkry\u0107 rozgrywek i znakomicie spisywa\u0142 si\u0119 w obronie Cracovii.\u00a0<\/p>\n<p>\n    Zobacz wideo Kosecki z mocnym przes\u0142aniem w sprawie pi\u0142karzy Legii: Wsp\u00f3\u0142czuj\u0119 im. Cierpi\u0105 na tym ich bliscy\n  <\/p>\n<p> Cracovia pobije rekord transferowy?<\/p>\n<p class=\"art_paragraph\">Bardzo dobra dyspozycja Oskara W\u00f3jcika sprawi\u0142a, \u017ce wzbudza on zainteresowanie nawet zagranicznych klub\u00f3w. Piotr Rzepecki z portalu 365dniopilce.pl poinformowa\u0142, \u017ce <a href=\"https:\/\/www.sport.pl\/pilkarz#anchorLink\" rel=\"nofollow noopener\" target=\"_blank\">pi\u0142karzem<\/a> interesuj\u0105 si\u0119 kluby Serie A. Mo\u017ce doj\u015b\u0107 do tego, \u017ce Cracovia pobije rekord transferowy. Dotychczasowy wynosi oko\u0142o 5 milion\u00f3w euro &#8211; tyle Leicester City zap\u0142aci\u0142 w 2016 roku za Bartosza Kapustk\u0119, obecnie graj\u0105cego w Legii Warszawa.\u00a0<\/p>\n<p class=\"art_paragraph\">&#8222;W kuluarach pad\u0142o has\u0142o &#8222;rekord transferowy klubu&#8221;&#8230; Chodzi o ofert\u0119 z Serie A. Mo\u017cna si\u0119 domy\u015bli\u0107, i\u017c 22-latek mia\u0142by zasili\u0107 zesp\u00f3\u0142, kt\u00f3ry preferuje gr\u0119 na tr\u00f3jk\u0119 obro\u0144c\u00f3w, bo tak od wielu lat <a href=\"https:\/\/www.sport.pl\/pilka\/7,65041,30017627,oficjalnie-uefa-podjela-decyzje-ws-gry-fc-barcelony-w-lidze.html#anchorLink\" rel=\"nofollow noopener\" target=\"_blank\">gra<\/a> Cracovia i w\u0142a\u015bnie w tym systemie W\u00f3jcik czuje si\u0119 najlepiej. Faktem jest, \u017ce zdecydowana wi\u0119kszo\u015b\u0107 zespo\u0142\u00f3w w Serie A gra w\u0142a\u015bnie takim ustawieniem, st\u0105d trudno ustali\u0107, <a href=\"https:\/\/365dniopilce.pl\/oskar-wojcik-rozchwytywany-obronca-moze-opuscic-cracovie-tej-zimy\/\" class=\"art_link\" rel=\"nofollow noopener\" target=\"_blank\">kt\u00f3ry konkretnie klub jest najbardziej zaanga\u017cowany w transfer Polaka&#8221; &#8211; czytamy. <\/a><\/p>\n<p class=\"art_paragraph\">Zobacz tak\u017ce:\u00a0<a href=\"https:\/\/www.sport.pl\/pilka\/7,64946,32490880,znany-komentator-uslyszal-miazdzaca-diagnoze-albo-umre-albo.html\" class=\"art_link\" rel=\"dofollow noopener\" target=\"_blank\">Znany komentator us\u0142ysza\u0142 mia\u017cd\u017c\u0105c\u0105 diagnoz\u0119. &#8222;Albo umr\u0119, albo to wylecz\u0119&#8221; <\/a><\/p>\n<p class=\"art_paragraph\">Rzepecki bardzo chwali W\u00f3jcika.\u00a0<\/p>\n<p class=\"art_paragraph\">&#8222;Jest jednym z najlepszych obro\u0144c\u00f3w w tym sezonie, jesieni\u0105 zaskoczy\u0142 wszystkich swoj\u0105 bezkompromisowo\u015bci\u0105, skuteczno\u015bci\u0105 w pojedynkach i pewno\u015bci\u0105 siebie. W\u00f3jcik\u00a0uchodzi za prawdziwego walczaka, jego liczby w obronie s\u0105 imponuj\u0105ce \u2013 wyr\u00f3\u017cnia si\u0119 skuteczno\u015bci\u0105 w pojedynkach w defensywie (6,8 interwencji na mecz, 2 przechwyty na mecz i 58% wygranych pojedynk\u00f3w \u2013 blisko 6 na spotkanie). Do tego imponuje charakterem&#8221; &#8211; dodaje.\u00a0<\/p>\n<p class=\"art_paragraph\">W\u00f3jcik w tym sezonie wyst\u0105pi\u0142 w 20 spotkaniach (18 w <a href=\"https:\/\/www.sport.pl\/pilka\/0,65044.html#anchorLink\" rel=\"nofollow noopener\" target=\"_blank\">lidze<\/a> i dwa w Pucharze Polski). W a\u017c 18 z nich gra\u0142 90 minut.\u00a0<\/p>\n","protected":false},"excerpt":{"rendered":"1 &#8211; zaledwie tyle mecz\u00f3w na koncie w PKO BP Ekstraklasie mia\u0142 22-letni Oskar W\u00f3jcik jeszcze przed rozpocz\u0119ciem&hellip;\n","protected":false},"author":2,"featured_media":167879,"comment_status":"","ping_status":"","sticky":false,"template":"","format":"standard","meta":{"footnotes":""},"categories":[24],"tags":[42,38,40,39,41,127,126],"class_list":{"0":"post-167878","1":"post","2":"type-post","3":"status-publish","4":"format-standard","5":"has-post-thumbnail","7":"category-sport","8":"tag-pl","9":"tag-poland","10":"tag-polish","11":"tag-polska","12":"tag-polski","13":"tag-sport","14":"tag-sports"},"share_on_mastodon":{"url":"https:\/\/pubeurope.com\/@pl\/115771421958966341","error":""},"_links":{"self":[{"href":"https:\/\/www.europesays.com\/pl\/wp-json\/wp\/v2\/posts\/167878","targetHints":{"allow":["GET"]}}],"collection":[{"href":"https:\/\/www.europesays.com\/pl\/wp-json\/wp\/v2\/posts"}],"about":[{"href":"https:\/\/www.europesays.com\/pl\/wp-json\/wp\/v2\/types\/post"}],"author":[{"embeddable":true,"href":"https:\/\/www.europesays.com\/pl\/wp-json\/wp\/v2\/users\/2"}],"replies":[{"embeddable":true,"href":"https:\/\/www.europesays.com\/pl\/wp-json\/wp\/v2\/comments?post=167878"}],"version-history":[{"count":0,"href":"https:\/\/www.europesays.com\/pl\/wp-json\/wp\/v2\/posts\/167878\/revisions"}],"wp:featuredmedia":[{"embeddable":true,"href":"https:\/\/www.europesays.com\/pl\/wp-json\/wp\/v2\/media\/167879"}],"wp:attachment":[{"href":"https:\/\/www.europesays.com\/pl\/wp-json\/wp\/v2\/media?parent=167878"}],"wp:term":[{"taxonomy":"category","embeddable":true,"href":"https:\/\/www.europesays.com\/pl\/wp-json\/wp\/v2\/categories?post=167878"},{"taxonomy":"post_tag","embeddable":true,"href":"https:\/\/www.europesays.com\/pl\/wp-json\/wp\/v2\/tags?post=167878"}],"curies":[{"name":"wp","href":"https:\/\/api.w.org\/{rel}","templated":true}]}}