{"id":167999,"date":"2025-12-24T00:50:15","date_gmt":"2025-12-24T00:50:15","guid":{"rendered":"https:\/\/www.europesays.com\/pl\/167999\/"},"modified":"2025-12-24T00:50:15","modified_gmt":"2025-12-24T00:50:15","slug":"nie-zyje-maciej-misztal-byl-wspoltworca-kabaretu-trzeci-wymiar","status":"publish","type":"post","link":"https:\/\/www.europesays.com\/pl\/167999\/","title":{"rendered":"Nie \u017cyje Maciej Misztal. By\u0142 wsp\u00f3\u0142tw\u00f3rc\u0105 Kabaretu Trzeci Wymiar"},"content":{"rendered":"<p class=\"article-p\" data-section=\"detail-body\">Informacj\u0119 o \u015bmierci Macieja Misztala przekaza\u0142 na Facebooku profil festiwalu. &#8222;Maciej by\u0142 prawdziwym wulkanem energii i rado\u015bci, kt\u00f3r\u0105 bezinteresownie dzieli\u0142 si\u0119 z ka\u017cdym z nas&#8221; \u2014 brzmi pocz\u0105tek wpisu.<\/p>\n<p class=\"article-p\" data-section=\"detail-body\">Pozostanie w naszej pami\u0119ci jako osoba ciep\u0142a, pomocna i zaanga\u017cowana w swoj\u0105 prac\u0119. Jeste\u015bmy wdzi\u0119czni za ka\u017cdy wsp\u00f3lny rok, za ka\u017cd\u0105 chwil\u0119 zawodowej drogi, kt\u00f3r\u0105 przeszli\u015bmy razem. Rodzinie oraz bliskim sk\u0142adamy p\u0142yn\u0105ce z serca wyrazy g\u0142\u0119bokiego wsp\u00f3\u0142czucia<\/p>\n<p class=\"article-p\" data-section=\"detail-body\">\u2014 czytamy we wpisie, w kt\u00f3rym przyjaciele \u017cegnaj\u0105 Macieja Misztala.<\/p>\n<p class=\"article-p\" data-section=\"detail-body\">Czytaj te\u017c: <a href=\"https:\/\/ludzie.fakt.pl\/romuald-michalewski-nie-zyje-wybitny-aktor-zmarl-w-wieku-87-lat\/3kmb6l6\" id=\"6e22587c-de51-467d-b300-c2ba4cde6b55\" rel=\"nofollow noopener\" target=\"_blank\">Nie \u017cyje Romuald Michalewski. Aktor zmar\u0142 w wieku 87 lat<\/a><\/p>\n<p>        Nie \u017cyje Maciej Misztal. \u015arodowisko artystyczne pogr\u0105\u017cone w \u017ca\u0142obie<\/p>\n<p class=\"article-p\" data-section=\"detail-body\">43-latek by\u0142 jednym z inicjator\u00f3w Kabaretu Trzeci Wymiar, kt\u00f3ry wsp\u00f3\u0142tworzy\u0142 wraz z Arturem Dyjasem i Arturem Banaszkiewiczem. Koledzy po\u017cegnali go w pami\u0105tkowym wpisie:<\/p>\n<p class=\"article-p\" data-section=\"detail-body\">Dzisiejszy poranek zmi\u00f3t\u0142 nas z n\u00f3g. Z ogromnym b\u00f3lem dzielimy si\u0119 z Wami informacj\u0105, \u017ce po ci\u0119\u017ckiej walce z chorob\u0105 Maciek minionej nocy zmar\u0142. &#8222;Miszta, Misztal, Misztalski&#8221; od podstaw by\u0142 wsp\u00f3\u0142tw\u00f3rc\u0105 Kabaretu Trzeci Wymiar. Po dzi\u015b dzie\u0144 pami\u0119tamy pierwszy telefon w sprawie za\u0142o\u017cenia kabaretowego sk\u0142adu.<\/p>\n<p class=\"article-p\" data-section=\"detail-body\">Przyjacielu, cho\u0107 by\u0142 moment, w kt\u00f3rym poszli\u015bmy na ma\u0142y odpoczynek, to ponownie mieli\u015bmy si\u0119 spotka\u0107, stan\u0105\u0107 jeszcze razem na scenie. C\u00f3\u017c\u2026 spotkamy si\u0119. Tam wy\u017cej. Wywo\u0142amy jeszcze wsp\u00f3lnie niejeden u\u015bmiech. Nie \u017cegnamy si\u0119, zobaczymy si\u0119, tak jak to ustalili\u015bmy par\u0119 miesi\u0119cy temu. Tymczasem, odpoczywaj\u2026 [*] [*] [*]<\/p>\n<p class=\"article-p\" data-section=\"detail-body\">\u2014 dodali.<\/p>\n<p class=\"article-p\" data-section=\"detail-body\">Maciej Misztal zostanie zapami\u0119tany ze swojej dzia\u0142alno\u015bci w spo\u0142eczno\u015bci lokalnej. Rybniczanie znali go z pracy przy festiwalach oraz z dzia\u0142a\u0144 w Domu Kultury w Chwa\u0142owicach. 43-latek by\u0142 re\u017cyserem i scenarzyst\u0105 m.in. chwa\u0142owickiego Misterium M\u0119ki Pa\u0144skiej. Przez wielu okre\u015blany by\u0142 mianem animatora kulturalnego \u017cycia Rybnika. W komentarzach do post\u00f3w o jego \u015bmierci nie brakowa\u0142o nostalgicznych wspomnie\u0144:<\/p>\n<p class=\"article-p\" data-section=\"detail-body\">Nie umiem sobie wyobrazi\u0107 festiwalowych koncert\u00f3w bez jego profesjonalizmu&#8230; Moje kondolencje dla bliskich i wsp\u00f3\u0142pracownik\u00f3w<\/p>\n<p class=\"article-p\" data-section=\"detail-body\">Panie Ma\u0107ku&#8230; B\u0119dziemy t\u0119skni\u0107 za pana \u017cartami i opierdzielaniem nas o wychodzenie w trakcie koncertu galowego. Wyrazy wsp\u00f3\u0142czucia dla wszystkich bliskich!<\/p>\n<p class=\"article-p\" data-section=\"detail-body\">Nie umiem uwierzy\u0107 w to&#8230; By\u0142e\u015b taki m\u0142ody i pe\u0142en energii i rado\u015bci&#8230;  zabawiaj teraz w publik\u0119 w niebie<\/p>\n<p class=\"article-p\" data-section=\"detail-body\">Jak informuje portal rybnik.com.pl uroczysto\u015bci pogrzebowe zaplanowano na wtorek 30 grudnia 2025 r. Rozpoczn\u0105 si\u0119 one o godz. 8.30 w ko\u015bciele pw. \u015bw. Teresy od Dzieci\u0105tka Jezus w Rybniku-Chwa\u0142owicach.<\/p>\n<p class=\"article-p\" data-section=\"detail-body\">\u0179r\u00f3d\u0142o: Facebook, rybnik.com.pl\/ Fakt.pl<\/p>\n<p class=\"article-p\" data-section=\"detail-body\"><a href=\"https:\/\/www.fakt.pl\/wydarzenia\/nie-zyje-grzegorz-wolny-lider-zespolu-popiol-byl-tworca-festiwalu\/yv1g4w9\" id=\"c4ef4fc4-1d64-4fbf-a378-671015091c63\" rel=\"nofollow noopener\" target=\"_blank\">Nie \u017cyje tw\u00f3rca popularnego festiwalu. &#8222;Szybko sta\u0142 si\u0119 cz\u0119\u015bci\u0105 naszej codzienno\u015bci&#8221;<\/a><\/p>\n<p class=\"article-p\" data-section=\"detail-body\"><a href=\"https:\/\/ludzie.fakt.pl\/mariusz-bienkowski-zmarl-nagle-podczas-wystepu-muzyk-mial-zaledwie-44-lata\/hh0j82g\" id=\"ce723f01-2378-4323-9587-35ebcf455531\" rel=\"nofollow noopener\" target=\"_blank\">Nie \u017cyje Mariusz Bie\u0144kowski. 44-latek zas\u0142ab\u0142 w trakcie wyst\u0119pu. &#8222;\u015amier\u0107 zakrad\u0142a si\u0119 niespodziewanie&#8221;<\/a><\/p>\n<p>        \/5<\/p>\n<p>                    <img decoding=\"async\" class=\"article-image-img\" loading=\"lazy\" alt=\"\" src=\"https:\/\/www.europesays.com\/pl\/wp-content\/uploads\/2025\/12\/aDnk9kuTURBXy8yMmYzMmU2OS02ZTQ3LTRjYzgtODM4NC0xNzg1OWIwYTM4YmYuanBlZ5GTAs0DSM0B194AAqEwAaExAQ.jpeg\" width=\"840\" height=\"471\"\/><\/p>\n<p>                  &#8211; \/ Instagram<\/p>\n<p class=\"article-gallery-p\">\n        By\u0142 on tak\u017ce wieloletnim wsp\u00f3\u0142pracownikiem Og\u00f3lnopolskiego Festiwalu Piosenki Artystycznej (OFPA).\n    <\/p>\n<p>        \/5<\/p>\n<p>                    <img decoding=\"async\" class=\"article-image-img\" loading=\"lazy\" alt=\"\" src=\"https:\/\/www.europesays.com\/pl\/wp-content\/uploads\/2025\/12\/SHkk9kuTURBXy9hOTNkMTkzYi0xYmQ0LTQxMzItOGRjYS1kOGU0ZDRlOTk2N2YuanBlZ5GTAs0DSM0DSN4AAqEwAaExAQ.jpeg\" width=\"840\" height=\"840\"\/><\/p>\n<p>                  &#8211; \/ Instagram<\/p>\n<p class=\"article-gallery-p\">\n        43-latek by\u0142 jednym z inicjator\u00f3w Kabaretu Trzeci Wymiar, kt\u00f3ry wsp\u00f3\u0142tworzy\u0142 wraz z Arturem Dyjasem i Arturem Banaszkiewiczem. Koledzy po\u017cegnali go w pami\u0105tkowym wpisie.\n    <\/p>\n","protected":false},"excerpt":{"rendered":"Informacj\u0119 o \u015bmierci Macieja Misztala przekaza\u0142 na Facebooku profil festiwalu. &#8222;Maciej by\u0142 prawdziwym wulkanem energii i rado\u015bci, kt\u00f3r\u0105&hellip;\n","protected":false},"author":2,"featured_media":168000,"comment_status":"","ping_status":"","sticky":false,"template":"","format":"standard","meta":{"footnotes":""},"categories":[5],"tags":[32,33,36,37,27,34,35,28,31,25,42,38,40,39,41,29,30,26],"class_list":{"0":"post-167999","1":"post","2":"type-post","3":"status-publish","4":"format-standard","5":"has-post-thumbnail","7":"category-naglowki","8":"tag-breaking-news","9":"tag-breakingnews","10":"tag-featured-news","11":"tag-featurednews","12":"tag-headlines","13":"tag-latest-news","14":"tag-latestnews","15":"tag-naglowki","16":"tag-najwazniejsze-artykuly","17":"tag-news","18":"tag-pl","19":"tag-poland","20":"tag-polish","21":"tag-polska","22":"tag-polski","23":"tag-top-stories","24":"tag-topstories","25":"tag-wiadomosci"},"share_on_mastodon":{"url":"https:\/\/pubeurope.com\/@pl\/115771803506101367","error":""},"_links":{"self":[{"href":"https:\/\/www.europesays.com\/pl\/wp-json\/wp\/v2\/posts\/167999","targetHints":{"allow":["GET"]}}],"collection":[{"href":"https:\/\/www.europesays.com\/pl\/wp-json\/wp\/v2\/posts"}],"about":[{"href":"https:\/\/www.europesays.com\/pl\/wp-json\/wp\/v2\/types\/post"}],"author":[{"embeddable":true,"href":"https:\/\/www.europesays.com\/pl\/wp-json\/wp\/v2\/users\/2"}],"replies":[{"embeddable":true,"href":"https:\/\/www.europesays.com\/pl\/wp-json\/wp\/v2\/comments?post=167999"}],"version-history":[{"count":0,"href":"https:\/\/www.europesays.com\/pl\/wp-json\/wp\/v2\/posts\/167999\/revisions"}],"wp:featuredmedia":[{"embeddable":true,"href":"https:\/\/www.europesays.com\/pl\/wp-json\/wp\/v2\/media\/168000"}],"wp:attachment":[{"href":"https:\/\/www.europesays.com\/pl\/wp-json\/wp\/v2\/media?parent=167999"}],"wp:term":[{"taxonomy":"category","embeddable":true,"href":"https:\/\/www.europesays.com\/pl\/wp-json\/wp\/v2\/categories?post=167999"},{"taxonomy":"post_tag","embeddable":true,"href":"https:\/\/www.europesays.com\/pl\/wp-json\/wp\/v2\/tags?post=167999"}],"curies":[{"name":"wp","href":"https:\/\/api.w.org\/{rel}","templated":true}]}}