{"id":168009,"date":"2025-12-24T00:58:17","date_gmt":"2025-12-24T00:58:17","guid":{"rendered":"https:\/\/www.europesays.com\/pl\/168009\/"},"modified":"2025-12-24T00:58:17","modified_gmt":"2025-12-24T00:58:17","slug":"zuzel-8500-dni-oczekiwania-wkrotce-swietochlowicki-licznik-zostanie-wyzerowany","status":"publish","type":"post","link":"https:\/\/www.europesays.com\/pl\/168009\/","title":{"rendered":"\u017bu\u017cel. 8500 dni oczekiwania. Wkr\u00f3tce \u015bwi\u0119toch\u0142owicki licznik zostanie wyzerowany!"},"content":{"rendered":"\n<p class=\"contentpart contentpart--default contentpart--text\" data-position=\"0\">Dzia\u0142acze \u015bwi\u0119toch\u0142owickiego <a href=\"https:\/\/sportowefakty.wp.pl\/zuzel\/slask-swietochlowice\" rel=\"nofollow noopener\" target=\"_blank\">\u015al\u0105ska<\/a>\u00a0od wielu lat d\u0105\u017cyli do tego, by przywr\u00f3ci\u0107 czarny sport na obiekcie przy ulicy Bytomskiej. Ten cel uda\u0142o si\u0119 zrealizowa\u0107, ale przez kolejne sezony w sferze marze\u0144 pozostawa\u0142y rozgrywki ligowe. Plany by\u0142y ambitne &#8211; celowano w rok 2020, tak\u017ce w 2022, ale w obu przypadkach trzeba by\u0142o prze\u0142kn\u0105\u0107 gorycz pewnego rodzaju pora\u017cki. W 2025 roku w \u015awi\u0119toch\u0142owicach wystrzeli\u0142y jednak butelki od szampan\u00f3w. Sta\u0142o si\u0119! \u015al\u0105sk wraca i w przysz\u0142ym sezonie we\u017amie udzia\u0142 w zmaganiach <a href=\"https:\/\/sportowefakty.wp.pl\/zuzel\/polska-2-liga-zuzlowa\" rel=\"nofollow noopener\" target=\"_blank\">Krajowej Ligi \u017bu\u017clowej<\/a>.<\/p>\n<p> <img role=\"presentation\" src=\"https:\/\/std.wpcdn.pl\/images\/adv\/placeholder_wp.svg\" loading=\"lazy\" alt=\"\" decoding=\"async\"\/>  <\/p>\n<p class=\"contentpart contentpart--default contentpart--text\" data-position=\"1\">Warkot motocykli \u017cu\u017clowych na Ska\u0142ce i wsparcie kibic\u00f3w miejscowego \u015al\u0105ska w rozgrywkach ligowych b\u0119dzie wielk\u0105 chwil\u0105 dla \u017cu\u017cla w tym miejscu. Po raz ostatni taka sytuacja mia\u0142a miejsce 15 wrze\u015bnia 2002 roku, a zatem&#8230; 8500 dni temu! Na owalu przy ulicy Bytomskiej pojawi\u0142a si\u0119 tamtego dnia ekipa T\u017b-u \u0141\u00f3d\u017a. Pe\u0142nego spotkania nie uda\u0142o si\u0119 jednak odjecha\u0107, bowiem przeszkodzi\u0142a w tym aura. Opady deszczu ju\u017c na pocz\u0105tku da\u0142y si\u0119 we znaki &#8211; mecz rozpocz\u0105\u0142 si\u0119 z op\u00f3\u017anieniem, a kiedy ta\u015bma posz\u0142a w g\u00f3r\u0119, to \u017cu\u017clowcy mieli ogromne problemy z p\u0142ynn\u0105 jazd\u0105.<\/p>\n<p class=\"contentpart contentpart--default contentpart--text\" data-position=\"2\">ZOBACZ WIDEO: \u017bu\u017cel bez TV? Przewodnicz\u0105cy GKS\u017b m\u00f3wi wprost<\/p>\n<p class=\"contentpart contentpart--default contentpart--text\" data-position=\"4\">Na mokrym torze lepiej radzili sobie przyjezdni. Nie oby\u0142o si\u0119 bez upadk\u00f3w, a jeden z nich &#8211; w przypadku Piotra Rembasa zako\u0144czy\u0142 si\u0119 st\u0142uczeniem klatki piersiowej. Po o\u015bmiu gonitwach arbiter meczu Leszek Demski zako\u0144czy\u0142 spotkanie. W tym momencie \u015al\u0105sk \u015awi\u0119toch\u0142owice przegrywa\u0142 z T\u017b-em \u0141\u00f3d\u017a 15:32.<\/p>\n<p class=\"contentpart contentpart--default contentpart--text\" data-position=\"5\">&#8211; Dobrze, \u017ce s\u0119dzia zdecydowa\u0142 si\u0119 na zako\u0144czenie meczu, bo na takim torze by\u0142 to anty\u017cu\u017cel. Ca\u0142e szcz\u0119\u015bcie, \u017ce \u017caden z zawodnik\u00f3w nie dozna\u0142 gro\u017anego urazu &#8211; stwierdzi\u0142 Henryk Jatczak, kierownik \u0142\u00f3dzkiej dru\u017cyny, cytowany przez serwis chorzow.naszemiasto.pl.<\/p>\n<p> <img role=\"presentation\" src=\"https:\/\/std.wpcdn.pl\/images\/adv\/placeholder_wp.svg\" loading=\"lazy\" alt=\"\" decoding=\"async\"\/>  <\/p>\n<p class=\"contentpart contentpart--default contentpart--text\" data-position=\"6\">Dwa tygodnie p\u00f3\u017aniej \u015al\u0105sk uda\u0142 si\u0119 do Lublina, gdzie z trudem uciu\u0142a\u0142 25 punkt\u00f3w i tym samym zako\u0144czy\u0142 zmagania 2. Ligi na ostatnim miejscu &#8211; bez cho\u0107by jednego oczka, z dwunastoma pora\u017ckami na koncie i ujemnym bilansem ma\u0142ych punkt\u00f3w, kt\u00f3ry wyni\u00f3s\u0142 317.<\/p>\n<p class=\"contentpart contentpart--default contentpart--text\" data-position=\"7\">Dru\u017cyna zosta\u0142a zg\u0142oszona do rozgrywek ligowych w 2003 roku. Przed rozpocz\u0119ciem sezonu \u015al\u0105sk oraz Pogo\u0144 Szczecin podj\u0119\u0142y jednak decyzj\u0119 o wycofaniu si\u0119 z ligi. Nikt w\u00f3wczas nie przypuszcza\u0142, \u017ce na kolejne ligowe zmagania z udzia\u0142em \u015al\u0105ska przyjdzie czeka\u0107 ponad 20 lat.<\/p>\n<p class=\"contentpart contentpart--default contentpart--text\" data-position=\"8\">Losy zawodnik\u00f3w, kt\u00f3rzy 8500 dni temu stworzyli \u015bwi\u0119toch\u0142owick\u0105 dru\u017cyn\u0119 potoczy\u0142y si\u0119 r\u00f3\u017cnie, ale wielu z nich by\u0142o lub nadal jest zwi\u0105zanych z czarnym sportem. <a href=\"https:\/\/sportowefakty.wp.pl\/zuzel\/krzysztof-bas\" rel=\"nofollow noopener\" target=\"_blank\">Krzysztof Bas<\/a>\u00a0jest jedn\u0105 z najwa\u017cniejszych postaci w klubie, bowiem pe\u0142ni rol\u0119 trenera, <a href=\"https:\/\/sportowefakty.wp.pl\/zuzel\/sebastian-kowolik\" rel=\"nofollow noopener\" target=\"_blank\">Sebastian Kowolik<\/a>\u00a0regularnie odwiedza\u0142 Ska\u0142k\u0119 ze swoim bratankiem &#8211; Marcelem Kowolikiem, juniorem Betard Sparty Wroc\u0142aw.<\/p>\n<p class=\"contentpart contentpart--default contentpart--text\" data-position=\"9\">Przy czarnym sporcie w \u015awi\u0119toch\u0142owicach pomaga Tomasz Krzykowski, kt\u00f3ry w niebiesko-bia\u0142ych barwach \u015bciga\u0142 si\u0119 tak\u017ce na speedrowerze, a jaki\u015b czas temu na \u017cu\u017clu swoich si\u0142 pr\u00f3bowa\u0142 jego syn &#8211; Marcel.\u00a0Rafa\u0142 Chi\u0144ski prowadzi sw\u00f3j biznes i w przesz\u0142o\u015bci aktywnie dzia\u0142a\u0142 z Micha\u0142em Wider\u0105. Na Ska\u0142ce mo\u017cna by\u0142o r\u00f3wnie\u017c spotka\u0107 m.in. Marcina Be\u0142kota, kt\u00f3ry nie pe\u0142ni\u0142 \u017cadnej oficjalnej funkcji.<\/p>\n<p> <img role=\"presentation\" src=\"https:\/\/std.wpcdn.pl\/images\/adv\/placeholder_wp.svg\" loading=\"lazy\" alt=\"\" decoding=\"async\"\/>  <\/p>\n<p class=\"contentpart contentpart--default contentpart--text\" data-position=\"10\">Wyniki 13. rundy Dru\u017cynowych Mistrzostw 2. Ligi &#8211; 15.09.2002 (wyniki za: speedwayw.pl)<\/p>\n<p class=\"contentpart contentpart--default contentpart--text\" data-position=\"11\">\u015al\u0105sk \u015awi\u0119toch\u0142owice &#8211; 15<br \/>9. Rafa\u0142 Chi\u0144ski &#8211; 5 (1,1,2)<br \/>10. Krzysztof Bas &#8211; 1 (0,1,-)<br \/>11. Sebastian Kowolik &#8211; 0 (d,u)<br \/>12. Marcin Be\u0142kot &#8211; 2 (1,1)<br \/>13. Tomasz Krzykowski &#8211; 3 (d,1,2)<br \/>14. Przemys\u0142aw Pyzik &#8211; 4 (1,1,2)<br \/>15. brak zawodnika<\/p>\n<p class=\"contentpart contentpart--default contentpart--text\" data-position=\"12\">T\u017b \u0141\u00f3d\u017a &#8211; 32<br \/>1. Piotr Padowski &#8211; 6 (3,3,w\/u)<br \/>2. Maciej J\u0105der &#8211; 7+2 (2*,2*,3)<br \/>3. Piotr Rembas &#8211; 6 (3,w\/u,3)<br \/>4. Mariusz Lisiak &#8211; 5+1 (2*,3,w)<br \/>5. Mariusz Fierlej &#8211; 2+1 (2*,d)<br \/>6. Tomasz Nowicki &#8211; ns<br \/>7. Tomasz Zywertowski &#8211; 6 (3,3)<\/p>\n","protected":false},"excerpt":{"rendered":"Dzia\u0142acze \u015bwi\u0119toch\u0142owickiego \u015al\u0105ska\u00a0od wielu lat d\u0105\u017cyli do tego, by przywr\u00f3ci\u0107 czarny sport na obiekcie przy ulicy Bytomskiej. Ten&hellip;\n","protected":false},"author":2,"featured_media":168010,"comment_status":"","ping_status":"","sticky":false,"template":"","format":"standard","meta":{"footnotes":""},"categories":[24],"tags":[3404,33116,42,38,40,39,41,33117,29522,127,126,174],"class_list":{"0":"post-168009","1":"post","2":"type-post","3":"status-publish","4":"format-standard","5":"has-post-thumbnail","7":"category-sport","8":"tag-krajowa-liga-zuzlowa","9":"tag-krzysztof-bas","10":"tag-pl","11":"tag-poland","12":"tag-polish","13":"tag-polska","14":"tag-polski","15":"tag-sebastian-kowolik","16":"tag-slask-swietochlowice","17":"tag-sport","18":"tag-sports","19":"tag-zuzel"},"share_on_mastodon":{"url":"https:\/\/pubeurope.com\/@pl\/115771834845903569","error":""},"_links":{"self":[{"href":"https:\/\/www.europesays.com\/pl\/wp-json\/wp\/v2\/posts\/168009","targetHints":{"allow":["GET"]}}],"collection":[{"href":"https:\/\/www.europesays.com\/pl\/wp-json\/wp\/v2\/posts"}],"about":[{"href":"https:\/\/www.europesays.com\/pl\/wp-json\/wp\/v2\/types\/post"}],"author":[{"embeddable":true,"href":"https:\/\/www.europesays.com\/pl\/wp-json\/wp\/v2\/users\/2"}],"replies":[{"embeddable":true,"href":"https:\/\/www.europesays.com\/pl\/wp-json\/wp\/v2\/comments?post=168009"}],"version-history":[{"count":0,"href":"https:\/\/www.europesays.com\/pl\/wp-json\/wp\/v2\/posts\/168009\/revisions"}],"wp:featuredmedia":[{"embeddable":true,"href":"https:\/\/www.europesays.com\/pl\/wp-json\/wp\/v2\/media\/168010"}],"wp:attachment":[{"href":"https:\/\/www.europesays.com\/pl\/wp-json\/wp\/v2\/media?parent=168009"}],"wp:term":[{"taxonomy":"category","embeddable":true,"href":"https:\/\/www.europesays.com\/pl\/wp-json\/wp\/v2\/categories?post=168009"},{"taxonomy":"post_tag","embeddable":true,"href":"https:\/\/www.europesays.com\/pl\/wp-json\/wp\/v2\/tags?post=168009"}],"curies":[{"name":"wp","href":"https:\/\/api.w.org\/{rel}","templated":true}]}}