{"id":168011,"date":"2025-12-24T01:01:15","date_gmt":"2025-12-24T01:01:15","guid":{"rendered":"https:\/\/www.europesays.com\/pl\/168011\/"},"modified":"2025-12-24T01:01:15","modified_gmt":"2025-12-24T01:01:15","slug":"24-grudnia-te-biedronki-beda-otwarte-zabki-tez-czynne-rmf-fm","status":"publish","type":"post","link":"https:\/\/www.europesays.com\/pl\/168011\/","title":{"rendered":"24 grudnia te Biedronki b\u0119d\u0105 otwarte. \u017babki te\u017c czynne :: RMF FM"},"content":{"rendered":"<p>W 2025 roku wigilia Bo\u017cego Narodzenia jest po raz pierwszy dniem ustawowo wolnym od pracy. W nast\u0119puj\u0105ce po sobie dni: 24, 25 i 26 grudnia b\u0119dzie wi\u0119c obowi\u0105zywa\u0142 zakaz handlu. Od regu\u0142y s\u0105 jednak pewne wyj\u0105tki. Dzi\u0119ki nim otwarte b\u0119d\u0105 m.in. dwa sklepy sieci Biedronka, a tak\u017ce punkty sieci \u017babka.<\/p>\n<p><img decoding=\"async\" alt=\"\" src=\"https:\/\/www.europesays.com\/pl\/wp-content\/uploads\/2025\/12\/40f4854fb02a650e0a0f628f75a66b3e.jpg\" class=\"w-100\"\/><\/p>\n<p>Dwie Biedronki otwarte w Wigili\u0119, fot. Shutterstock<\/p>\n<p>&#13;<br \/>\n\tDwie Biedronki otwarte 24 grudnia<\/p>\n<p>&#13;<br \/>\n\tNale\u017c\u0105ca do sp\u00f3\u0142ki akcyjnej Jeronimo Martins Polska sie\u0107 <a href=\"https:\/\/www.rmf.fm\/magazyn\/tag,Biedronka.html\" rel=\"nofollow noopener\" target=\"_blank\">Biedronka<\/a> ma ju\u017c ponad 3,8 tys. sklep\u00f3w i wi\u0119kszo\u015b\u0107 z nich b\u0119dzie w nadchodz\u0105ce \u015bwi\u0119ta nieczynna. Jak informuje jednak Portal Spo\u017cywczy, dwa punkty pod tym szyldem \u2013 mimo wolnej Wigilii \u2013\u00a0 b\u0119d\u0105 24 grudnia otwarte. Mowa o plac\u00f3wkach agencyjnych zlokalizowanych na stacjach benzynowych \u2013 w R\u00f3\u017cy\u0144cu oraz w S\u0142ubicach (os. Przemys\u0142owe).<\/p>\n<p>&#13;<br \/>\n\tJustyna Dobaj, specjalistka ds. komunikacji korporacyjnej w sieci Biedronka, przekaza\u0142a cytowanemu portalowi, \u017ce wspomniane dwie plac\u00f3wki w \u015brod\u0119 24 grudnia b\u0119d\u0105 dzia\u0142a\u0142y w godzinach 5.00-13.30. W czwartek 25 grudnia oba wskazane sklepy b\u0119d\u0105 ju\u017c zamkni\u0119te, ale w pi\u0105tek 26 grudnia zn\u00f3w si\u0119 otworz\u0105 \u2013 w R\u00f3\u017cy\u0144cu w godzinach 6.00-23.30, a w S\u0142ubicach w godzinach 8.00-23.30.<\/p>\n<p>\t<a href=\"https:\/\/www.rmf.fm\/magazyn\/news,86767,pilny-komunikat-action-przestan-uzywac-i-zwroc-do-sklepu.html\" rel=\"nofollow noopener\" target=\"_blank\"><img decoding=\"async\" src=\"https:\/\/www.europesays.com\/pl\/wp-content\/uploads\/2025\/12\/baaeb2a4f4bb9ae00cfbaf3a9b2e1202.jpg\" width=\"290\"\/><\/a><a href=\"https:\/\/www.rmf.fm\/magazyn\/news,86767,pilny-komunikat-action-przestan-uzywac-i-zwroc-do-sklepu.html\" rel=\"nofollow noopener\" target=\"_blank\">Pilny komunikat Action. \u201ePrzesta\u0144 u\u017cywa\u0107 i zwr\u00f3\u0107 do sklepu\u201d<\/a><\/p>\n<p>Action informuje o wycofaniu ze sprzeda\u017cy produktu, kt\u00f3ry nie spe\u0142nia norm bezpiecze\u0144stwa i mo\u017ce zagra\u017ca\u0107 zdrowiu u\u017cytkownik\u00f3w. W komunikacie z 23 grudnia zwr\u00f3cono si\u0119 z pilnym apelem do os\u00f3b, kt\u00f3rego zakupi\u0142y. Proszone s\u0105 o&#8230;<\/p>\n<p>\n&#13;<br \/>\n\t<a href=\"https:\/\/www.rmf.fm\/magazyn\/tag,%C5%BBabka.html\" rel=\"nofollow noopener\" target=\"_blank\">\u017babka<\/a> \u2013 kt\u00f3re sklepy b\u0119d\u0105 otwarte?<\/p>\n<p>&#13;<br \/>\n\t\u017babka natomiast \u2013\u00a0licz\u0105ca ju\u017c ponad 12 tys. sklep\u00f3w w ca\u0142ej Polsce \u2013 podobnie jak w niedziele handlowe, w \u015bwi\u0119ta mo\u017ce korzysta\u0107 z ustawowych wy\u0142\u0105cze\u0144. Tu jednak sytuacja wygl\u0105da inaczej, bo decyzja le\u017cy po stronie franczyzobiorc\u00f3w. Z ustale\u0144 Portalu Spo\u017cywczego wynika jednak, \u017ce wiele sklep\u00f3w planuje otworzy\u0107 si\u0119 w nadchodz\u0105cych dniach.<\/p>\n<p>&#13;<br \/>\n\tZasady takie jak w niedziele z ograniczeniami handlu maj\u0105 obowi\u0105zywa\u0107 w dniach 24-26 grudnia 2025 roku, a potem tak\u017ce 1, 4 i 6 stycznia 2026 roku. Informacje o godzinach otwarcia b\u0119d\u0105 dost\u0119pne na drzwiach poszczeg\u00f3lnych sklep\u00f3w oraz w internecie \u2013 na stronie internetowej \u017babki oraz w jej aplikacji.<\/p>\n<blockquote><p>&#13;<\/p>\n<p>&#13;<br \/>\n\t\tWi\u0119kszo\u015b\u0107 sklep\u00f3w \u017babka pracuje w dni obj\u0119te ograniczeniami, korzystaj\u0105c z wy\u0142\u0105czenia dla przedsi\u0119biorc\u00f3w prowadz\u0105cych sprzeda\u017c osobi\u015bcie i na w\u0142asny rachunek. Decyzj\u0119 o otwarciu sklepu podejm\u0105 sami franczyzobiorcy \u2013 podkre\u015bla sie\u0107.<\/p>\n<p>&#13;\n<\/p><\/blockquote>\n","protected":false},"excerpt":{"rendered":"W 2025 roku wigilia Bo\u017cego Narodzenia jest po raz pierwszy dniem ustawowo wolnym od pracy. W nast\u0119puj\u0105ce po&hellip;\n","protected":false},"author":2,"featured_media":168012,"comment_status":"","ping_status":"","sticky":false,"template":"","format":"standard","meta":{"footnotes":""},"categories":[16],"tags":[33121,1528,33118,33122,113,112,42,38,40,39,41,33120,7883,33119],"class_list":{"0":"post-168011","1":"post","2":"type-post","3":"status-publish","4":"format-standard","5":"has-post-thumbnail","7":"category-biznes","8":"tag-24-grudnia-otwarte-sklepy","9":"tag-biedronka","10":"tag-biedronka-24-grudnia","11":"tag-biedronka-otwarta-w-wigilie","12":"tag-biznes","13":"tag-business","14":"tag-pl","15":"tag-poland","16":"tag-polish","17":"tag-polska","18":"tag-polski","19":"tag-sklepy-otwarte-w-wigilie","20":"tag-zabka","21":"tag-zabka-24-grudnia"},"share_on_mastodon":{"url":"https:\/\/pubeurope.com\/@pl\/115771846612831378","error":""},"_links":{"self":[{"href":"https:\/\/www.europesays.com\/pl\/wp-json\/wp\/v2\/posts\/168011","targetHints":{"allow":["GET"]}}],"collection":[{"href":"https:\/\/www.europesays.com\/pl\/wp-json\/wp\/v2\/posts"}],"about":[{"href":"https:\/\/www.europesays.com\/pl\/wp-json\/wp\/v2\/types\/post"}],"author":[{"embeddable":true,"href":"https:\/\/www.europesays.com\/pl\/wp-json\/wp\/v2\/users\/2"}],"replies":[{"embeddable":true,"href":"https:\/\/www.europesays.com\/pl\/wp-json\/wp\/v2\/comments?post=168011"}],"version-history":[{"count":0,"href":"https:\/\/www.europesays.com\/pl\/wp-json\/wp\/v2\/posts\/168011\/revisions"}],"wp:featuredmedia":[{"embeddable":true,"href":"https:\/\/www.europesays.com\/pl\/wp-json\/wp\/v2\/media\/168012"}],"wp:attachment":[{"href":"https:\/\/www.europesays.com\/pl\/wp-json\/wp\/v2\/media?parent=168011"}],"wp:term":[{"taxonomy":"category","embeddable":true,"href":"https:\/\/www.europesays.com\/pl\/wp-json\/wp\/v2\/categories?post=168011"},{"taxonomy":"post_tag","embeddable":true,"href":"https:\/\/www.europesays.com\/pl\/wp-json\/wp\/v2\/tags?post=168011"}],"curies":[{"name":"wp","href":"https:\/\/api.w.org\/{rel}","templated":true}]}}