{"id":168106,"date":"2025-12-24T04:27:09","date_gmt":"2025-12-24T04:27:09","guid":{"rendered":"https:\/\/www.europesays.com\/pl\/168106\/"},"modified":"2025-12-24T04:27:09","modified_gmt":"2025-12-24T04:27:09","slug":"amerykanie-przerzucili-sily-w-region-karaibow-media-ujawniaja-skale","status":"publish","type":"post","link":"https:\/\/www.europesays.com\/pl\/168106\/","title":{"rendered":"Amerykanie przerzucili si\u0142y w region Karaib\u00f3w. Media ujawniaj\u0105 skal\u0119"},"content":{"rendered":"<ul class=\"UnorderedList_container__nmfSl\">\n<li class=\"UnorderedList_listElement__Py7xi\" data-id=\"ai-summary-link\">Du\u017co czytania, a ma\u0142o czasu? Sprawd\u017a\u00a0skr\u00f3t\u00a0artyku\u0142u<\/li>\n<\/ul>\n<p class=\"Paragraph_desktopParagraph__U31Gm\">Dziennik powo\u0142a\u0142 si\u0119 na przedstawicieli ameryka\u0144skich w\u0142adz i dane dotycz\u0105ce ruchu samolot\u00f3w.<\/p>\n<p class=\"Paragraph_desktopParagraph__U31Gm\">&#8222;Wall Street Journal&#8221; poda\u0142, \u017ce do regionu w poniedzia\u0142ek w nocy wlecia\u0142o z bazy w Nowym Meksyku co najmniej 10 samolot\u00f3w CV-22 Osprey, wykorzystywanych przez si\u0142y specjalne. Natomiast samoloty transportowe C-17 przyby\u0142y w poniedzia\u0142ek do Portoryko. \u0179r\u00f3d\u0142o gazety potwierdzi\u0142o, \u017ce na pok\u0142adzie samolot\u00f3w by\u0142 transportowany personel wojskowy i sprz\u0119t.<\/p>\n<p class=\"VideoPlayerText_videoPlayerText__iDwyz\">Dalszy ci\u0105g materia\u0142u pod wideo<\/p>\n<p class=\"Paragraph_desktopParagraph__U31Gm\">Rzecznik Dow\u00f3dztwa Po\u0142udniowego USA odm\u00f3wi\u0142 odpowiedzi na pytanie o te przemieszczenia si\u0142. Zaznaczy\u0142, \u017ce &#8222;standardow\u0105 praktyk\u0105 jest rutynowa rotacja sprz\u0119tu i personelu do dowolnej instalacji wojskowej&#8221;.<\/p>\n<ul class=\"OchatFollowUps_wrapper__1ry7X\">\n<li class=\"OchatFollowUps_item__Dhyly OchatFollowUps_itemDesktop__R6aBv\">Ile samolot\u00f3w przemie\u015bci\u0142o si\u0119 do Karaib\u00f3w?<\/li>\n<li class=\"OchatFollowUps_item__Dhyly OchatFollowUps_itemDesktop__R6aBv\">Jakie typy samolot\u00f3w zosta\u0142y przerzucone przez USA?<\/li>\n<li class=\"OchatFollowUps_item__Dhyly OchatFollowUps_itemDesktop__R6aBv\">Jakie dzia\u0142ania podejmuj\u0105 USA przeciwko Wenezueli?<\/li>\n<li class=\"OchatFollowUps_item__Dhyly OchatFollowUps_itemDesktop__R6aBv\">Jakie jest stanowisko rzecznika Dow\u00f3dztwa Po\u0142udniowego USA w tej sprawie?<\/li>\n<\/ul>\n<p>Napi\u0119cia na linii USA-Wenezuela <\/p>\n<p class=\"Paragraph_desktopParagraph__U31Gm\"><a href=\"https:\/\/wiadomosci.onet.pl\/swiat\/napiecie-na-karaibach-usa-przerzucaja-mysliwce-w-poblize-wenezueli\/v205j06\" id=\"b81b1011-509f-41e0-bb63-cf42883404eb\" rel=\"nofollow noopener\" target=\"_blank\">Amerykanie, kt\u00f3rzy zgromadzili w regionie znaczne si\u0142y wojskowe<\/a>, oskar\u017caj\u0105 nieuznawanego przez nich przyw\u00f3dc\u0119 Wenezueli Nicolasa Maduro o to, \u017ce kieruje kartelem narkotykowym. <a href=\"https:\/\/www.onet.pl\/informacje\/onetwiadomosci\/usa-przeprowadzaja-kolejny-atak-na-lodz-na-pacyfiku-cztery-ofiary\/7e9gqpv,79cfc278\" id=\"c1b07157-48c6-4276-9d96-1119feac03b4\" rel=\"nofollow noopener\" target=\"_blank\">Od kilku tygodni USA prowadz\u0105 uderzenia na \u0142odzie<\/a>, kt\u00f3re \u2014 wed\u0142ug ameryka\u0144skich s\u0142u\u017cb \u2014 transportuj\u0105 narkotyki do Stan\u00f3w Zjednoczonych.<\/p>\n<p class=\"Paragraph_desktopParagraph__U31Gm\">USA og\u0142osi\u0142y te\u017c blokad\u0119 obj\u0119tych sankcjami tankowc\u00f3w p\u0142yn\u0105cych do Wenezueli i wyp\u0142ywaj\u0105cych z niej.<\/p>\n<p class=\"Paragraph_desktopParagraph__U31Gm\">W poniedzia\u0142ek prezydent Donald Trump powiedzia\u0142, \u017ce Amerykanie maj\u0105 &#8222;sformowan\u0105 ogromn\u0105 armad\u0119, najwi\u0119ksz\u0105 w historii, na pewno najwi\u0119ksz\u0105 w Ameryce Po\u0142udniowej&#8221;. <a href=\"https:\/\/wiadomosci.onet.pl\/swiat\/trump-ponownie-grozi-maduro-zrobi-to-po-raz-ostatni-podsumowanie-nocy\/hkmtwpv\" id=\"1527ce16-5764-43ca-b054-d2e42485304c\" rel=\"nofollow noopener\" target=\"_blank\">Doda\u0142, \u017ce je\u015bli Maduro &#8222;b\u0119dzie zgrywa\u0107 twardziela, zrobi to po raz ostatni&#8221;<\/a>. Ponownie zapowiedzia\u0142 te\u017c, \u017ce wkr\u00f3tce ameryka\u0144skie si\u0142y rozpoczn\u0105 na l\u0105dzie operacj\u0119 przeciwko przemytnikom narkotyk\u00f3w.<\/p>\n","protected":false},"excerpt":{"rendered":"Du\u017co czytania, a ma\u0142o czasu? Sprawd\u017a\u00a0skr\u00f3t\u00a0artyku\u0142u Dziennik powo\u0142a\u0142 si\u0119 na przedstawicieli ameryka\u0144skich w\u0142adz i dane dotycz\u0105ce ruchu samolot\u00f3w.&hellip;\n","protected":false},"author":2,"featured_media":168107,"comment_status":"","ping_status":"","sticky":false,"template":"","format":"standard","meta":{"footnotes":""},"categories":[5],"tags":[2891,32,33,36,37,27,67,6624,34,35,28,31,53,25,52,68,51,55,42,38,40,39,41,47,59,29,30,65,50,26],"class_list":{"0":"post-168106","1":"post","2":"type-post","3":"status-publish","4":"format-standard","5":"has-post-thumbnail","7":"category-naglowki","8":"tag-armia","9":"tag-breaking-news","10":"tag-breakingnews","11":"tag-featured-news","12":"tag-featurednews","13":"tag-headlines","14":"tag-intextvideo_splayer","15":"tag-karaiby","16":"tag-latest-news","17":"tag-latestnews","18":"tag-naglowki","19":"tag-najwazniejsze-artykuly","20":"tag-new_header","21":"tag-news","22":"tag-onet3","23":"tag-onet3d","24":"tag-onet3d_2i","25":"tag-phx","26":"tag-pl","27":"tag-poland","28":"tag-polish","29":"tag-polska","30":"tag-polski","31":"tag-screening_general","32":"tag-stany_zjednoczone_usa","33":"tag-top-stories","34":"tag-topstories","35":"tag-update_me","36":"tag-v2021","37":"tag-wiadomosci"},"share_on_mastodon":{"url":"https:\/\/pubeurope.com\/@pl\/115772656406423241","error":""},"_links":{"self":[{"href":"https:\/\/www.europesays.com\/pl\/wp-json\/wp\/v2\/posts\/168106","targetHints":{"allow":["GET"]}}],"collection":[{"href":"https:\/\/www.europesays.com\/pl\/wp-json\/wp\/v2\/posts"}],"about":[{"href":"https:\/\/www.europesays.com\/pl\/wp-json\/wp\/v2\/types\/post"}],"author":[{"embeddable":true,"href":"https:\/\/www.europesays.com\/pl\/wp-json\/wp\/v2\/users\/2"}],"replies":[{"embeddable":true,"href":"https:\/\/www.europesays.com\/pl\/wp-json\/wp\/v2\/comments?post=168106"}],"version-history":[{"count":0,"href":"https:\/\/www.europesays.com\/pl\/wp-json\/wp\/v2\/posts\/168106\/revisions"}],"wp:featuredmedia":[{"embeddable":true,"href":"https:\/\/www.europesays.com\/pl\/wp-json\/wp\/v2\/media\/168107"}],"wp:attachment":[{"href":"https:\/\/www.europesays.com\/pl\/wp-json\/wp\/v2\/media?parent=168106"}],"wp:term":[{"taxonomy":"category","embeddable":true,"href":"https:\/\/www.europesays.com\/pl\/wp-json\/wp\/v2\/categories?post=168106"},{"taxonomy":"post_tag","embeddable":true,"href":"https:\/\/www.europesays.com\/pl\/wp-json\/wp\/v2\/tags?post=168106"}],"curies":[{"name":"wp","href":"https:\/\/api.w.org\/{rel}","templated":true}]}}