{"id":168110,"date":"2025-12-24T05:22:11","date_gmt":"2025-12-24T05:22:11","guid":{"rendered":"https:\/\/www.europesays.com\/pl\/168110\/"},"modified":"2025-12-24T05:22:11","modified_gmt":"2025-12-24T05:22:11","slug":"warszawa-ukrainiec-uprowadzil-dziewieciolatka-jest-decyzja-ws-aresztu","status":"publish","type":"post","link":"https:\/\/www.europesays.com\/pl\/168110\/","title":{"rendered":"Warszawa. Ukrainiec uprowadzi\u0142 dziewi\u0119ciolatka. Jest decyzja ws. aresztu"},"content":{"rendered":"<p>W skr\u00f3cie<\/p>\n<ul class=\"typography ids-typeset-body ids-typeset-body--preset-large list ids-list ids-list--unordered ids-list--size-large \" datatype=\"disc\">\n<li class=\"ids-list-item\">\n<p>Obywatel Ukrainy zosta\u0142 zatrzymany po uprowadzeniu dziewi\u0119cioletniego ch\u0142opca.<\/p>\n<\/li>\n<li class=\"ids-list-item\">\n<p>M\u0119\u017cczy\u017anie postawiono zarzuty usi\u0142owania zab\u00f3jstwa i przetrzymywania zak\u0142adnika.<\/p>\n<\/li>\n<li class=\"ids-list-item\">\n<p>S\u0105d zdecydowa\u0142 o trzymiesi\u0119cznym areszcie, a podejrzanemu grozi do\u017cywocie.<\/p>\n<\/li>\n<li class=\"ids-list-item\"><\/li>\n<\/ul>\n<p class=\"typography ids-typeset-body ids-typeset-body--preset-large link paragraph ids-paragraph ids-paragraph--default\">Zdarzenie mia\u0142o miejsce w niedziel\u0119. 36-latek wraz z uprowadzonym ch\u0142opcem zostali znalezieni na warszawskiej Bia\u0142o\u0142\u0119ce. Po trwaj\u0105cych kilka godzin negocjacjach m\u0119\u017cczyzna zosta\u0142 zatrzymany.<\/p>\n<p class=\"typography ids-typeset-body ids-typeset-body--preset-large link paragraph ids-paragraph ids-paragraph--default\">Prokuratura Okr\u0119gowa Warszawa-Praga wszcz\u0119\u0142a \u015bledztwo w sprawie wzi\u0119cia dziewi\u0119cioletniego ch\u0142opca jako zak\u0142adnika, a nast\u0119pnie usi\u0142owania zab\u00f3jstwa tego ch\u0142opca.<\/p>\n<p>Pavlo R. us\u0142ysza\u0142 zarzuty. Grozi mu do\u017cywocie<\/p>\n<p class=\"typography ids-typeset-body ids-typeset-body--preset-large link paragraph ids-paragraph ids-paragraph--default\">36-letni Pavlo R. us\u0142ysza\u0142 zarzuty: usi\u0142owania zab\u00f3jstwa ma\u0142oletniego w zwi\u0105zku z wzi\u0119ciem go jako zak\u0142adnika,\u00a0przetrzymywania go\u00a0ze szczeg\u00f3lnym udr\u0119czeniem i spowodowania obra\u017ce\u0144 zagra\u017caj\u0105cych \u017cyciu pokrzywdzonego, uprowadzenia ch\u0142opca, kierowania gr\u00f3\u017ab karalnych, spowodowania lekkich obra\u017ce\u0144 cia\u0142a u innej osoby, zmuszania innej osoby do okre\u015blonego zachowania oraz zniszczenia mienia.<\/p>\n<p class=\"typography ids-typeset-body ids-typeset-body--preset-large link paragraph ids-paragraph ids-paragraph--default\">Za pope\u0142nienie zarzuconych mu czyn\u00f3w grozi kara do\u017cywotniego pozbawienia wolno\u015bci.<\/p>\n<p class=\"typography ids-typeset-body ids-typeset-body--preset-large link paragraph ids-paragraph ids-paragraph--default\">Jak przekaza\u0142a prokurator Karolina Staros, ch\u0142opiec z obra\u017ceniami zagra\u017caj\u0105cymi \u017cyciu zosta\u0142 przewieziony do szpitala i nadal w nim przebywa, jednak stan jego zdrowia jest stabilny.\u00a0<\/p>\n<p>Nowe informacje z prokuratury. 36-letni Ukrainiec odm\u00f3wi\u0142 sk\u0142adania wyja\u015bnie\u0144<\/p>\n<p class=\"typography ids-typeset-body ids-typeset-body--preset-large link paragraph ids-paragraph ids-paragraph--default\">&#8211; Podejrzany odm\u00f3wi\u0142 z\u0142o\u017cenia o\u015bwiadczenia, czy przyznaje si\u0119 do pope\u0142nienia zarzucanych mu czyn\u00f3w. Odm\u00f3wi\u0142 r\u00f3wnie\u017c sk\u0142adania wyja\u015bnie\u0144\u00a0na obecnym etapie post\u0119powania &#8211; poinformowa\u0142a prok. Staros.<\/p>\n<p class=\"typography ids-typeset-body ids-typeset-body--preset-large link paragraph ids-paragraph ids-paragraph--default\">Skierowany do s\u0105du wniosek o trzymiesi\u0119czny areszt podejrzanego argumentowany by\u0142 obaw\u0105 matactwa, gro\u017c\u0105c\u0105 surow\u0105 kar\u0105, a tak\u017ce uzasadnion\u0105 obaw\u0105, \u017ce podejrzany pope\u0142ni inne przest\u0119pstwo\u00a0przeciwko \u017cyciu i zdrowiu, czym m\u0119\u017cczyzna grozi\u0142.<\/p>\n<p class=\"typography ids-typeset-body ids-typeset-body--preset-large link paragraph ids-paragraph ids-paragraph--default\">S\u0105d zgodzi\u0142 si\u0119 z wnioskiem prokuratora i zastosowa\u0142 trzymiesi\u0119czny areszt.<\/p>\n<p>&#8222;Polityczny WF&#8221;: Tarcia w Konfederacji. Mo\u017cliwy g\u0142o\u015bny transfer do Brauna?INTERIA.PL<\/p>\n<p><a class=\"ids-undecorated-link source ids-page-info--source__link\" href=\"https:\/\/p.iplsc.com\/-\/000L0SCEGA4O3ESS.pdf\" rel=\"nofollow noopener\" target=\"_blank\"><img decoding=\"async\" class=\"ids-image-holder__img\" loading=\"lazy\" alt=\"\" title=\"\" height=\"24px\" src=\"https:\/\/www.europesays.com\/pl\/wp-content\/uploads\/2025\/12\/1766553730_818_0009A6098CYXTC6T-C202-F4.webp.webp\"\/><\/a><a class=\"ids-undecorated-link source ids-page-info--source__link\" href=\"https:\/\/www.interia.pl\" rel=\"nofollow noopener\" target=\"_blank\"><img decoding=\"async\" class=\"ids-image-holder__img\" loading=\"lazy\" alt=\"\" title=\"\" height=\"24px\" src=\"https:\/\/www.europesays.com\/pl\/wp-content\/uploads\/2025\/12\/1766553731_41_0009A60QQ5I2TYF7-C202-F4.webp.webp\"\/><\/a><\/p>\n<p>Masz sugestie, uwagi albo widzisz b\u0142\u0105d? Napisz do nas<\/p>\n","protected":false},"excerpt":{"rendered":"W skr\u00f3cie Obywatel Ukrainy zosta\u0142 zatrzymany po uprowadzeniu dziewi\u0119cioletniego ch\u0142opca. M\u0119\u017cczy\u017anie postawiono zarzuty usi\u0142owania zab\u00f3jstwa i przetrzymywania zak\u0142adnika.&hellip;\n","protected":false},"author":2,"featured_media":168111,"comment_status":"","ping_status":"","sticky":false,"template":"","format":"standard","meta":{"footnotes":""},"categories":[12],"tags":[32,33,36,37,27,34,35,28,31,25,42,38,40,39,41,29,30,26],"class_list":{"0":"post-168110","1":"post","2":"type-post","3":"status-publish","4":"format-standard","5":"has-post-thumbnail","7":"category-polska","8":"tag-breaking-news","9":"tag-breakingnews","10":"tag-featured-news","11":"tag-featurednews","12":"tag-headlines","13":"tag-latest-news","14":"tag-latestnews","15":"tag-naglowki","16":"tag-najwazniejsze-artykuly","17":"tag-news","18":"tag-pl","19":"tag-poland","20":"tag-polish","21":"tag-polska","22":"tag-polski","23":"tag-top-stories","24":"tag-topstories","25":"tag-wiadomosci"},"share_on_mastodon":{"url":"https:\/\/pubeurope.com\/@pl\/115772872979583735","error":""},"_links":{"self":[{"href":"https:\/\/www.europesays.com\/pl\/wp-json\/wp\/v2\/posts\/168110","targetHints":{"allow":["GET"]}}],"collection":[{"href":"https:\/\/www.europesays.com\/pl\/wp-json\/wp\/v2\/posts"}],"about":[{"href":"https:\/\/www.europesays.com\/pl\/wp-json\/wp\/v2\/types\/post"}],"author":[{"embeddable":true,"href":"https:\/\/www.europesays.com\/pl\/wp-json\/wp\/v2\/users\/2"}],"replies":[{"embeddable":true,"href":"https:\/\/www.europesays.com\/pl\/wp-json\/wp\/v2\/comments?post=168110"}],"version-history":[{"count":0,"href":"https:\/\/www.europesays.com\/pl\/wp-json\/wp\/v2\/posts\/168110\/revisions"}],"wp:featuredmedia":[{"embeddable":true,"href":"https:\/\/www.europesays.com\/pl\/wp-json\/wp\/v2\/media\/168111"}],"wp:attachment":[{"href":"https:\/\/www.europesays.com\/pl\/wp-json\/wp\/v2\/media?parent=168110"}],"wp:term":[{"taxonomy":"category","embeddable":true,"href":"https:\/\/www.europesays.com\/pl\/wp-json\/wp\/v2\/categories?post=168110"},{"taxonomy":"post_tag","embeddable":true,"href":"https:\/\/www.europesays.com\/pl\/wp-json\/wp\/v2\/tags?post=168110"}],"curies":[{"name":"wp","href":"https:\/\/api.w.org\/{rel}","templated":true}]}}