{"id":168112,"date":"2025-12-24T05:29:12","date_gmt":"2025-12-24T05:29:12","guid":{"rendered":"https:\/\/www.europesays.com\/pl\/168112\/"},"modified":"2025-12-24T05:29:12","modified_gmt":"2025-12-24T05:29:12","slug":"slask-chca-stworzyc-nowe-miasto-bedzie-wieksze-niz-warszawa","status":"publish","type":"post","link":"https:\/\/www.europesays.com\/pl\/168112\/","title":{"rendered":"\u015al\u0105sk. Chc\u0105 stworzy\u0107 nowe miasto. B\u0119dzie wi\u0119ksze ni\u017c Warszawa"},"content":{"rendered":"<p>Projekt megamiasta opiera si\u0119 na koncepcji opracowanej przez zesp\u00f3\u0142 naukowc\u00f3w z Uniwersytetu \u015al\u0105skiego w Katowicach. Jak podaje National Geographic, pomys\u0142 cieszy si\u0119 sporym poparciem lokalnych w\u0142adz.<\/p>\n<p>Projekt megamiasta. Prezydent Katowic: To moje marzenie\u00a0<\/p>\n<p>Aglomeracja, kt\u00f3ra mo\u017ce zosta\u0107 po\u0142\u0105czona w megamiasto, obejmuje 2,5 tysi\u0105ca kilometr\u00f3w kwadratowych. W jej granicach znajduje si\u0119 41 miast i gmin, a liczba mieszka\u0144c\u00f3w si\u0119ga 2,1 mln. Chocia\u017c GZM powsta\u0142 formalnie dopiero w 2017 r., od d\u0142u\u017cszego czasu m\u00f3wi si\u0119 o g\u0142\u0119bszej integracji tego obszaru.<\/p>\n<p>\u00a0<\/p>\n<p>ZOBACZ: <a href=\"https:\/\/www.polsatnews.pl\/wiadomosc\/2025-12-23\/polityke-i-spory-wyrzucamy-za-drzwi-marszalek-sejmu-sklada-zyczenia-swiateczne\/\" rel=\"nofollow noopener\" target=\"_blank\">&#8222;Polityk\u0119 i spory wyrzucamy za drzwi&#8221;. Marsza\u0142ek Sejmu sk\u0142ada \u017cyczenia \u015bwi\u0105teczne<\/a><\/p>\n<p>\u00a0<\/p>\n<p>Ogromna metropolia nie tylko przeros\u0142aby Warszaw\u0119, ale r\u00f3wnie\u017c Londyn, kt\u00f3ry nale\u017cy do jednych z najwi\u0119kszych miast w Europie. Projektem jest zainteresowany prezydent Katowic Marcin Krupa. Jak przyzna\u0142 w rozmowie z &#8222;Gazet\u0105 Wyborcz\u0105&#8221;, &#8222;jedno miasto jako fina\u0142owy etap integracji wszystkich gmin Metropolii to jego marzenie&#8221;.<\/p>\n<p>Korzy\u015bci z projektu i referendum ws. nazwy\u00a0<\/p>\n<p>Pomys\u0142odawcy projektu zak\u0142adaj\u0105, \u017ce nowe miasto poprawi\u0142oby jako\u015b\u0107 \u017cycia mieszka\u0144c\u00f3w, dzi\u0119ki efektywnemu zarz\u0105dzaniu zasobami lokalnymi. Metropolia mog\u0142aby r\u00f3wnie\u017c przyci\u0105gn\u0105\u0107 zagranicznych inwestor\u00f3w i zwi\u0119kszy\u0107 liczb\u0119 miejsc pracy na \u015al\u0105sku.<\/p>\n<p>\u00a0<\/p>\n<p>Kazimierz Karolczak, przewodnicz\u0105cy GZM podkre\u015bla przy tym, \u017ce realizacja tej koncepcji nie oznacza likwidacji obecnych struktur samorz\u0105dowych. Miasta i gminy zachowaj\u0105 swoich prezydent\u00f3w, burmistrz\u00f3w i rady. Nowo\u015bci\u0105 by\u0142oby natomiast powo\u0142anie gminy metropolitalnej, kt\u00f3ra &#8211; wed\u0142ug s\u0142\u00f3w Karolczaka &#8211; realizowa\u0142aby ponadlokalne zadania wy\u017cszego rz\u0119du.<\/p>\n<p>\u00a0<\/p>\n<p>ZOBACZ: <a href=\"https:\/\/www.polsatnews.pl\/wiadomosc\/2025-12-23\/szef-ukrainskiego-ipn-o-sukcesie-wizyty-w-polsce-karol-nawrocki-nie-mowil-o-banderowcach\/\" rel=\"nofollow noopener\" target=\"_blank\">Szef ukrai\u0144skiego IPN o sukcesie wizyty w Polsce. Karol Nawrocki nie m\u00f3wi\u0142 o &#8222;banderowcach&#8221;<\/a><\/p>\n<p>\u00a0<\/p>\n<p>Nazwa nowego miasta ma zosta\u0107 wy\u0142oniona przez mieszka\u0144c\u00f3w w drodze referendum. W\u015br\u00f3d propozycji pojawiaj\u0105 si\u0119 m.in. Metropolis, Silesia, Nowe Katowice oraz Nowe Miasto Katowice. Przed przyst\u0105pieniem do realizacji projektu zostanie uruchomiona kampania informacyjna. Jej celem b\u0119dzie przedstawienie mieszka\u0144com za\u0142o\u017ce\u0144 koncepcji oraz przekonanie do niej sceptycznie nastawionych samorz\u0105dowc\u00f3w.<\/p>\n<p>\u00a0<\/p>\n<p>Widzia\u0142e\u015b co\u015b wa\u017cnego? Przy\u015blij zdj\u0119cie, film lub napisz, co si\u0119 sta\u0142o. Skorzystaj z naszej <a href=\"https:\/\/www.polsatnews.pl\/platforma-widzow\/\" target=\"_blank\" rel=\"noopener noreferrer nofollow\">Wrzutni<\/a><\/p>\n<p>                <img decoding=\"async\" src=\"https:\/\/www.europesays.com\/pl\/wp-content\/uploads\/2025\/12\/2uq4p4534rd14rnxsk32j3c5og1dutx2.jpg\" alt=\"\" itemprop=\"contentUrl\" style=\"position:absolute; width: 100%; max-height: 100%;\"\/><video controls=\"\" controlslist=\"nodownload\" poster=\"https:\/\/www.europesays.com\/pl\/wp-content\/uploads\/2025\/12\/2uq4p4534rd14rnxsk32j3c5og1dutx2.jpg\" class=\"videoPlayer player6855742 news__video\" data-id=\"6855742\">Twoja przegl\u0105darka nie wspiera odtwarzacza wideo&#8230;<\/video><\/p>\n<p>                    \t\t\t\t\t\t\t\t\t\t\t\t\t<a class=\"news__author-link\" href=\"https:\/\/www.polsatnews.pl\/autor\/adam-gaafar_1497680\/\" rel=\"nofollow noopener\" target=\"_blank\">Adam Gaafar<\/a><br \/>\n\t\t\t\t\/\t\t\t\t\t\tmjo<br \/>\n\t\t\t\t\/\t\t\t\t\t\tpolsatnews.pl<br \/>\n\t\t\t\t\/\t\t\t\t\t\tNational Geographic<\/p>\n<p>                <a class=\"news__read-more-button\" href=\"https:\/\/www.polsatnews.pl\/\" rel=\"nofollow noopener\" target=\"_blank\">Czytaj wi\u0119cej<\/a><\/p>\n","protected":false},"excerpt":{"rendered":"Projekt megamiasta opiera si\u0119 na koncepcji opracowanej przez zesp\u00f3\u0142 naukowc\u00f3w z Uniwersytetu \u015al\u0105skiego w Katowicach. Jak podaje National&hellip;\n","protected":false},"author":2,"featured_media":168113,"comment_status":"","ping_status":"","sticky":false,"template":"","format":"standard","meta":{"footnotes":""},"categories":[12],"tags":[32,33,36,37,27,34,35,28,31,25,42,38,40,39,41,29,30,26],"class_list":{"0":"post-168112","1":"post","2":"type-post","3":"status-publish","4":"format-standard","5":"has-post-thumbnail","7":"category-polska","8":"tag-breaking-news","9":"tag-breakingnews","10":"tag-featured-news","11":"tag-featurednews","12":"tag-headlines","13":"tag-latest-news","14":"tag-latestnews","15":"tag-naglowki","16":"tag-najwazniejsze-artykuly","17":"tag-news","18":"tag-pl","19":"tag-poland","20":"tag-polish","21":"tag-polska","22":"tag-polski","23":"tag-top-stories","24":"tag-topstories","25":"tag-wiadomosci"},"share_on_mastodon":{"url":"https:\/\/pubeurope.com\/@pl\/115772900601801070","error":""},"_links":{"self":[{"href":"https:\/\/www.europesays.com\/pl\/wp-json\/wp\/v2\/posts\/168112","targetHints":{"allow":["GET"]}}],"collection":[{"href":"https:\/\/www.europesays.com\/pl\/wp-json\/wp\/v2\/posts"}],"about":[{"href":"https:\/\/www.europesays.com\/pl\/wp-json\/wp\/v2\/types\/post"}],"author":[{"embeddable":true,"href":"https:\/\/www.europesays.com\/pl\/wp-json\/wp\/v2\/users\/2"}],"replies":[{"embeddable":true,"href":"https:\/\/www.europesays.com\/pl\/wp-json\/wp\/v2\/comments?post=168112"}],"version-history":[{"count":0,"href":"https:\/\/www.europesays.com\/pl\/wp-json\/wp\/v2\/posts\/168112\/revisions"}],"wp:featuredmedia":[{"embeddable":true,"href":"https:\/\/www.europesays.com\/pl\/wp-json\/wp\/v2\/media\/168113"}],"wp:attachment":[{"href":"https:\/\/www.europesays.com\/pl\/wp-json\/wp\/v2\/media?parent=168112"}],"wp:term":[{"taxonomy":"category","embeddable":true,"href":"https:\/\/www.europesays.com\/pl\/wp-json\/wp\/v2\/categories?post=168112"},{"taxonomy":"post_tag","embeddable":true,"href":"https:\/\/www.europesays.com\/pl\/wp-json\/wp\/v2\/tags?post=168112"}],"curies":[{"name":"wp","href":"https:\/\/api.w.org\/{rel}","templated":true}]}}