{"id":168118,"date":"2025-12-24T05:50:12","date_gmt":"2025-12-24T05:50:12","guid":{"rendered":"https:\/\/www.europesays.com\/pl\/168118\/"},"modified":"2025-12-24T05:50:12","modified_gmt":"2025-12-24T05:50:12","slug":"donald-tusk-chwali-sie-paliwem-za-514-zl-mozliwe-ze-ceny-beda-jeszcze-spadac","status":"publish","type":"post","link":"https:\/\/www.europesays.com\/pl\/168118\/","title":{"rendered":"Donald Tusk chwali si\u0119 paliwem za 5,14 z\u0142. 'Mo\u017cliwe, \u017ce ceny b\u0119d\u0105 jeszcze spada\u0107&#8217;"},"content":{"rendered":"<p> Donald Tusk: &#8222;5,18 z\u0142\/l to fake? Spad\u0142o jeszcze bardziej&#8221;<\/p>\n<p class=\"art_paragraph\">Premier Donald Tusk pokaza\u0142 w poniedzia\u0142ek zdj\u0119cie zrobione na jednej ze <a href=\"https:\/\/moto.pl\/MotoPL\/7,88389,30002744,kto-ma-najwiecej-stacji-paliw-w-polsce-orlen-i-dlugo-nic-mozecie.html#anchorLink\" rel=\"nofollow noopener\" target=\"_blank\">stacji paliw<\/a>, gdzie benzyn\u0119 PB95 mo\u017cna kupi\u0107 w cenie 5,18 z\u0142 za litr. &#8222;Mog\u0119 by\u0107 winny grosika?&#8221; &#8211; napisa\u0142, nawi\u0105zuj\u0105c do swojej obietnicy z czerwca 2022 r. Polityk m\u00f3wi\u0142 w\u00f3wczas, \u017ce gdyby ponownie zosta\u0142 wybrany na premiera, to litr <a href=\"https:\/\/next.gazeta.pl\/benzyna#anchorLink\" rel=\"nofollow noopener\" target=\"_blank\">benzyny<\/a> na stacjach kosztowa\u0142by 5,19 z\u0142.<\/p>\n<p class=\"art_paragraph\">We wtorek zamie\u015bci\u0142 kolejne zdj\u0119cie, kt\u00f3re przys\u0142ano z Lubieszyna. &#8222;Wczoraj pisowcy podnie\u015bli krzyk, \u017ce 5,18 z\u0142\/l to fake, no to spad\u0142o jeszcze bardziej&#8221; &#8211; napisa\u0142 Tusk.<\/p>\n<p class=\"art_paragraph\">Urszula Cie\u015blak, ekspertka rynku paliwowego z firmy Reflex wyja\u015bni\u0142a, \u017ce ceny paliw na poziomie 5,18 z\u0142 za litr faktycznie s\u0105 dzi\u015b mo\u017cliwe. &#8211; Co prawda przy cenach \u015brednich tego nie wida\u0107, natomiast jest to mo\u017cliwe, \u017ce ceny b\u0119d\u0105 dalej spada\u0107 &#8211; m\u00f3wi\u0142a w rozmowie z &#8222;<a href=\"https:\/\/www.fakt.pl\/pieniadze\/tusk-chwali-sie-paliwem-po-518-zl-czy-to-mozliwe-ekspertka-nie-ma-watpliwosci\/97tsn9r\" class=\"art_link\" rel=\"nofollow noopener\" target=\"_blank\">Faktem<\/a>&#8222;.<\/p>\n<p class=\"art_paragraph\">Ekspertka zaznaczy\u0142a, \u017ce wci\u0105\u017c jeste\u015bmy daleko od tego, aby takie ceny pojawi\u0142y si\u0119 na wi\u0119kszo\u015bci stacji paliw w Polsce. &#8211; Mo\u017ce jeszcze nie na zbyt wielu stacjach zobaczymy takie poziomy dla <a href=\"https:\/\/moto.pl\/MotoPL\/7,88389,27831568,benzyna-pb95-i-pb98-jakie-sa-roznice-czy-warto-doplacac.html#anchorLink\" rel=\"nofollow noopener\" target=\"_blank\">benzyny 95<\/a>, ale ceny rz\u0119du 5,35-5,40 z\u0142 s\u0105 jak najbardziej realne. Na pojedynczych stacjach oczywi\u015bcie tak niskie ceny mog\u0105 by\u0107 ju\u017c dzi\u015b oferowane &#8211; podkre\u015bli\u0142a Urszula Cie\u015blak.<\/p>\n<p>\n    Zobacz wideo Tusk apeluje do Nawrockiego. Powraca ustawa o kryptowalutach\n  <\/p>\n<p> Jakie ceny paliw na \u015bwi\u0119ta?<\/p>\n<p class=\"art_paragraph\"><a href=\"https:\/\/reflex.com.pl\/wiadomosci\/reflex-najtansze-swieta-od-4-lat\" class=\"art_link\" rel=\"nofollow noopener\" target=\"_blank\">Firma Reflex powiadomi\u0142a w komunikacie<\/a>, \u017ce tegoroczne wyjazdy w okresie \u015bwi\u0105t Bo\u017cego Narodzenia b\u0119d\u0105 najta\u0144sze od kilku lat. Benzyna PB95 jest ta\u0144sza o 29 groszy za litr ni\u017c przed rokiem. Ostatni raz taniej na \u015bwi\u0119ta benzyn\u0119 PB95 mo\u017cna by\u0142o zatankowa\u0107 w 2021 r., kiedy jej \u015brednia krajowa cena wynios\u0142a 5,75 z\u0142\/l.<\/p>\n<p class=\"art_paragraph\">Podobnie wygl\u0105da sytuacja cenowa w przypadku diesla. Olej nap\u0119dowy jest ta\u0144szy o 7 groszy za litr ni\u017c przed rokiem, a je\u015bli chodzi o okres \u015bwi\u0105t Bo\u017cego Narodzenia to olej nap\u0119dowy jest najta\u0144szy od 2021 r. Przed \u015awi\u0119tami Bo\u017cego Narodzenia w 2021 r. \u015brednio litr diesla w Polsce kosztowa\u0142 5,75 z\u0142\/l. Jeszcze wi\u0119ksze powody do zadowolenia maj\u0105 kierowcy <a href=\"https:\/\/next.gazeta.pl\/next\/7,151003,28928802,ostatnie-dni-na-tanie-tankowanie-paliwa-na-stacjach-lotos-i.html#anchorLink\" rel=\"nofollow noopener\" target=\"_blank\">tankuj\u0105cy<\/a> autogaz. LPG w skali roku potania\u0142 o blisko 50 gr\/l. Po raz ostatni autogaz w okresie \u015bwi\u0105t mo\u017cna by\u0142o zatankowa\u0107 taniej w 2020 r.<\/p>\n<p> Co dok\u0142adnie m\u00f3wi\u0142 Donald Tusk o cenach paliw?<\/p>\n<p class=\"art_paragraph\">W czerwcu 2022 r. w rozmowie z serwisem <a href=\"https:\/\/natemat.pl\/419227,donald-tusk-o-cenach-paliwa\" class=\"art_link\" rel=\"nofollow noopener\" target=\"_blank\">natemat.pl<\/a> Donald Tusk m\u00f3wi\u0142, \u017ce gdyby ponownie zosta\u0142 wybrany na premiera, to litr benzyny na stacjach kosztowa\u0142by 5,19 z\u0142. <a href=\"https:\/\/next.gazeta.pl\/next\/7,151003,30094917,donald-tusk-zapowiada-benzyne-po-5-zl-ma-bardzo-konkretne.html\" class=\"art_link\" rel=\"dofollow noopener\" target=\"_blank\">W sierpniu 2023 r. podczas spotkania z wyborcami zapewnia\u0142<\/a>:\u00a0&#8222;mamy bardzo konkretne rozwi\u0105zania&#8221;, dzi\u0119ki kt\u00f3rym litr benzyny kosztowa\u0142by 5 z\u0142. Z kolei <a href=\"https:\/\/next.gazeta.pl\/inwestycje\/7,187021,30874354,daniel-obajtek-kpi-z-donalda-tuska-kupujecie-paliwo-ja-tez.html\" class=\"art_link\" rel=\"dofollow noopener\" target=\"_blank\">w kwietniu 2024 r. Donald Tusk ju\u017c jako premier przekonywa\u0142:<\/a> &#8222;Nie bior\u0119 odpowiedzialno\u015bci za ceny benzyny, to nie jest decyzja premiera&#8221;.<\/p>\n","protected":false},"excerpt":{"rendered":"Donald Tusk: &#8222;5,18 z\u0142\/l to fake? Spad\u0142o jeszcze bardziej&#8221; Premier Donald Tusk pokaza\u0142 w poniedzia\u0142ek zdj\u0119cie zrobione na&hellip;\n","protected":false},"author":2,"featured_media":168119,"comment_status":"","ping_status":"","sticky":false,"template":"","format":"standard","meta":{"footnotes":""},"categories":[12],"tags":[32,33,36,37,27,34,35,28,31,25,42,38,40,39,41,29,30,26],"class_list":{"0":"post-168118","1":"post","2":"type-post","3":"status-publish","4":"format-standard","5":"has-post-thumbnail","7":"category-polska","8":"tag-breaking-news","9":"tag-breakingnews","10":"tag-featured-news","11":"tag-featurednews","12":"tag-headlines","13":"tag-latest-news","14":"tag-latestnews","15":"tag-naglowki","16":"tag-najwazniejsze-artykuly","17":"tag-news","18":"tag-pl","19":"tag-poland","20":"tag-polish","21":"tag-polska","22":"tag-polski","23":"tag-top-stories","24":"tag-topstories","25":"tag-wiadomosci"},"share_on_mastodon":{"url":"https:\/\/pubeurope.com\/@pl\/115772982758574030","error":""},"_links":{"self":[{"href":"https:\/\/www.europesays.com\/pl\/wp-json\/wp\/v2\/posts\/168118","targetHints":{"allow":["GET"]}}],"collection":[{"href":"https:\/\/www.europesays.com\/pl\/wp-json\/wp\/v2\/posts"}],"about":[{"href":"https:\/\/www.europesays.com\/pl\/wp-json\/wp\/v2\/types\/post"}],"author":[{"embeddable":true,"href":"https:\/\/www.europesays.com\/pl\/wp-json\/wp\/v2\/users\/2"}],"replies":[{"embeddable":true,"href":"https:\/\/www.europesays.com\/pl\/wp-json\/wp\/v2\/comments?post=168118"}],"version-history":[{"count":0,"href":"https:\/\/www.europesays.com\/pl\/wp-json\/wp\/v2\/posts\/168118\/revisions"}],"wp:featuredmedia":[{"embeddable":true,"href":"https:\/\/www.europesays.com\/pl\/wp-json\/wp\/v2\/media\/168119"}],"wp:attachment":[{"href":"https:\/\/www.europesays.com\/pl\/wp-json\/wp\/v2\/media?parent=168118"}],"wp:term":[{"taxonomy":"category","embeddable":true,"href":"https:\/\/www.europesays.com\/pl\/wp-json\/wp\/v2\/categories?post=168118"},{"taxonomy":"post_tag","embeddable":true,"href":"https:\/\/www.europesays.com\/pl\/wp-json\/wp\/v2\/tags?post=168118"}],"curies":[{"name":"wp","href":"https:\/\/api.w.org\/{rel}","templated":true}]}}