{"id":168122,"date":"2025-12-24T05:56:08","date_gmt":"2025-12-24T05:56:08","guid":{"rendered":"https:\/\/www.europesays.com\/pl\/168122\/"},"modified":"2025-12-24T05:56:08","modified_gmt":"2025-12-24T05:56:08","slug":"siewiersk-w-obwodzie-donieckim-zajety-przez-rosje-ukrainska-armia-potwierdza","status":"publish","type":"post","link":"https:\/\/www.europesays.com\/pl\/168122\/","title":{"rendered":"Siewiersk w obwodzie donieckim zaj\u0119ty przez Rosj\u0119. Ukrai\u0144ska armia potwierdza"},"content":{"rendered":"\n<p>&#13;<br \/>\nWojska ukrai\u0144skie wycofa\u0142y si\u0119 z\u00a0miasta Siewiersk w\u00a0obwodzie donieckim, gdzie si\u0142y rosyjskie maj\u0105 znaczn\u0105 przewag\u0119 w\u00a0ludziach roboczej i\u00a0sprz\u0119cie i\u00a0kontynuuj\u0105 ofensyw\u0119 \u2013\u00a0poinformowa\u0142 Sztab Generalny Si\u0142 Zbrojnych Ukrainy na\u00a0Facebooku &#13;\n<\/p>\n<p>&#13;<br \/>\n&#8222;W\u00a0pobli\u017cu Siewierska trwaj\u0105 ci\u0119\u017ckie walki. Rosjanie maj\u0105 wyra\u017an\u0105 przewag\u0119 i\u00a0pomimo znacznych strat kontynuuj\u0105 aktywne dzia\u0142ania ofensywne. Aby\u00a0chroni\u0107 \u017cycie naszych \u017co\u0142nierzy i\u00a0zdolno\u015b\u0107 bojow\u0105 naszych jednostek, ukrai\u0144scy obro\u0144cy wycofali si\u0119 z\u00a0osady&#8221; \u2013\u00a0przekazano. &#13;\n<\/p>\n<p>&#13;<br \/>\n&#8222;Okupanci obecni w\u00a0mie\u015bcie s\u0105 atakowani, ich logistyka jest odcinana. Jednostki wroga s\u0105 blokowane, aby\u00a0uniemo\u017cliwi\u0107 dalszy post\u0119p&#8221; \u2013\u00a0zaznaczono. &#8222;Si\u0142y Obronne kontynuuj\u0105 misje bojowe w\u00a0kierunku S\u0142owia\u0144ska&#8221; \u2013\u00a0podsumowa\u0142 Sztab Generalny. &#13;\n<\/p>\n<p>&#13;<br \/>\nPortal Ukrai\u0144ska Prawda jeszcze kilka tygodni temu informowa\u0142a, \u017ce\u00a0Siewiersk by\u0142 pod\u00a0niemal ca\u0142kowit\u0105 kontrol\u0105 si\u0142 ukrai\u0144skich. Sytuacja zmieni\u0142a si\u0119, gdy Rosjanie zdobyli wzg\u00f3rza na\u00a0p\u00f3\u0142noc od\u00a0miasta, czym utrudnili obron\u0119. &#13;\n<\/p>\n<p>&#13;<br \/>\nW poniedzia\u0142ek 7. Korpus Powietrzno-Szturmowy poinformowa\u0142, \u017ce\u00a0si\u0142y rosyjskie kontynuowa\u0142y pr\u00f3by przerzutu personelu przez rzek\u0119 Siewerski Doniec, a\u00a0sytuacja w\u00a0osadzie Serebrianka zosta\u0142a okre\u015blona jako niezwykle trudna. &#13;\n<\/p>\n<p>Norwegia rozszerza szkolenia ukrai\u0144skich \u017co\u0142nierzy w\u00a0Polsce<\/p>\n<p>&#13;<br \/>\nNorwegia zbudowa\u0142a na\u00a0wschodzie Polski <a href=\"https:\/\/dorzeczy.pl\/kraj\/779640\/jomsborg-norwegia-szkoli-w-polsce-ukrainskich-zolnierzy.html\" rel=\"nofollow noopener\" target=\"_blank\">ob\u00f3z szkoleniowy Jomsborg<\/a>, w\u00a0kt\u00f3rym norwescy instruktorzy szkol\u0105 ukrai\u0144skich \u017co\u0142nierzy. Uwa\u017cany jest za\u00a0jeden z\u00a0najwi\u0119kszych oboz\u00f3w tego typu kiedykolwiek utworzonych przez Norweg\u00f3w. Stacjonuj\u0105 w\u00a0nim setki norweskich \u017co\u0142nierzy. &#13;\n<\/p>\n<p>&#13;<br \/>\nPrzedsi\u0119wzi\u0119cie jest cz\u0119\u015bci\u0105 operacji &#8222;Legio&#8221;, kt\u00f3ra obejmuje r\u00f3wnie\u017c dostawy broni i\u00a0sprz\u0119tu na\u00a0Ukrain\u0119. Operacj\u0105 dowodzi Norwegia, ale\u00a0uczestnicz\u0105 w\u00a0niej wszystkie pa\u0144stwa nordyckie, ba\u0142tyckie oraz\u00a0Polska. &#13;\n<\/p>\n<p>&#13;<br \/>\nCzytaj te\u017c:<br \/><a href=\"https:\/\/dorzeczy.pl\/opinie\/824072\/ukraina-moze-pojsc-na-ustepstwa-terytorialne-jest-warunek.html\" rel=\"follow nofollow noopener\" data-schema=\"DORZECZY\" data-image=\"https:\/\/img.dorzeczy.pl\/_thumb\/11\/c4\/7e649edf3cc4ae7530b87f7241f5.jpeg\" target=\"_blank\">Szef MSZ Niemiec: Ukraina mo\u017ce p\u00f3j\u015b\u0107 na\u00a0ust\u0119pstwa terytorialne pod\u00a0jednym warunkiem<\/a>Czytaj te\u017c:<br \/><a href=\"https:\/\/dorzeczy.pl\/swiat\/823958\/pieskow-nie-rozumiem-co-oznacza-przelom-ogloszony-przez-vancea.html\" rel=\"follow nofollow noopener\" data-schema=\"DORZECZY\" data-image=\"https:\/\/img.dorzeczy.pl\/_thumb\/4c\/77\/42513d522efe0ccc8ef3bd342619.jpeg\" target=\"_blank\">Pieskow zdziwiony og\u0142oszeniem prze\u0142omu. &#8222;Nie rozumiem&#8221;<\/a>&#13;<\/p>\n","protected":false},"excerpt":{"rendered":"&#13; Wojska ukrai\u0144skie wycofa\u0142y si\u0119 z\u00a0miasta Siewiersk w\u00a0obwodzie donieckim, gdzie si\u0142y rosyjskie maj\u0105 znaczn\u0105 przewag\u0119 w\u00a0ludziach roboczej i\u00a0sprz\u0119cie&hellip;\n","protected":false},"author":2,"featured_media":168123,"comment_status":"","ping_status":"","sticky":false,"template":"","format":"standard","meta":{"footnotes":""},"categories":[14],"tags":[32,33,17947,98,27,34,35,28,31,25,103,40,41,87,30004,80,29,30,415,26,892,82,83,84],"class_list":{"0":"post-168122","1":"post","2":"type-post","3":"status-publish","4":"format-standard","5":"has-post-thumbnail","7":"category-swiat","8":"tag-breaking-news","9":"tag-breakingnews","10":"tag-donieck","11":"tag-dorzeczy","12":"tag-headlines","13":"tag-latest-news","14":"tag-latestnews","15":"tag-naglowki","16":"tag-najwazniejsze-artykuly","17":"tag-news","18":"tag-obserwator-mediow","19":"tag-polish","20":"tag-polski","21":"tag-rosja","22":"tag-siewiersk","23":"tag-swiat","24":"tag-top-stories","25":"tag-topstories","26":"tag-ukraina","27":"tag-wiadomosci","28":"tag-wojna","29":"tag-world","30":"tag-world-news","31":"tag-worldnews"},"share_on_mastodon":{"url":"https:\/\/pubeurope.com\/@pl\/115773006350684920","error":""},"_links":{"self":[{"href":"https:\/\/www.europesays.com\/pl\/wp-json\/wp\/v2\/posts\/168122","targetHints":{"allow":["GET"]}}],"collection":[{"href":"https:\/\/www.europesays.com\/pl\/wp-json\/wp\/v2\/posts"}],"about":[{"href":"https:\/\/www.europesays.com\/pl\/wp-json\/wp\/v2\/types\/post"}],"author":[{"embeddable":true,"href":"https:\/\/www.europesays.com\/pl\/wp-json\/wp\/v2\/users\/2"}],"replies":[{"embeddable":true,"href":"https:\/\/www.europesays.com\/pl\/wp-json\/wp\/v2\/comments?post=168122"}],"version-history":[{"count":0,"href":"https:\/\/www.europesays.com\/pl\/wp-json\/wp\/v2\/posts\/168122\/revisions"}],"wp:featuredmedia":[{"embeddable":true,"href":"https:\/\/www.europesays.com\/pl\/wp-json\/wp\/v2\/media\/168123"}],"wp:attachment":[{"href":"https:\/\/www.europesays.com\/pl\/wp-json\/wp\/v2\/media?parent=168122"}],"wp:term":[{"taxonomy":"category","embeddable":true,"href":"https:\/\/www.europesays.com\/pl\/wp-json\/wp\/v2\/categories?post=168122"},{"taxonomy":"post_tag","embeddable":true,"href":"https:\/\/www.europesays.com\/pl\/wp-json\/wp\/v2\/tags?post=168122"}],"curies":[{"name":"wp","href":"https:\/\/api.w.org\/{rel}","templated":true}]}}