{"id":168138,"date":"2025-12-24T06:11:09","date_gmt":"2025-12-24T06:11:09","guid":{"rendered":"https:\/\/www.europesays.com\/pl\/168138\/"},"modified":"2025-12-24T06:11:09","modified_gmt":"2025-12-24T06:11:09","slug":"polska-armia-wydala-ostrzezenie-pisze-o-rosyjskiej-operacji-kognitywnej","status":"publish","type":"post","link":"https:\/\/www.europesays.com\/pl\/168138\/","title":{"rendered":"Polska armia wyda\u0142a ostrze\u017cenie. Pisze o rosyjskiej operacji kognitywnej"},"content":{"rendered":"<p class=\"ods-c-paragraph \">W opublikowanym we wtorek ostrze\u017ceniu Sztab Generalny Wojska Polskiego opisuje metody rozpowszechniania rosyjskiej dezinformacji w Polsce. &#8222;Do budowania narracji zgodnej z wrog\u0105 planowan\u0105 operacj\u0105 psychologiczn\u0105 wykorzystuje si\u0119 przeprowadzone wcze\u015bniej zdarzenia dywersyjne, podpalenia, pod\u0142o\u017cone \u0142adunki&#8221; \u2014 informuj\u0105 wojskowi.<\/p>\n<p class=\"ods-c-paragraph \">Przywo\u0142uj\u0105 te\u017c operacje okre\u015blane jako &#8222;fa\u0142szywa flaga&#8221;. Chodzi o publikowanie nieprawdziwych informacji dotycz\u0105cych tragicznych wydarze\u0144 i wykorzystywanie ich do budowania zaplanowanej, fa\u0142szywej narracji. Celem dzia\u0142a\u0144 Rosji ma by\u0107 pr\u00f3ba sk\u0142\u00f3cenia Polski i Ukrainy.<\/p>\n<p>Dalszy ci\u0105g artyku\u0142u pod materia\u0142em wideo<\/p>\n<p> Jakie ostrze\u017cenie wyda\u0142 Sztab Generalny Wojska Polskiego? <\/p>\n<p> Jakie metody dezinformacji opisano w ostrze\u017ceniu? <\/p>\n<p> Jakie wydarzenie wykorzystano do budowania fa\u0142szywej narracji? <\/p>\n<p> Jakie zalecenia daj\u0105 wojskowi odno\u015bnie weryfikacji informacji? <\/p>\n<p>     Do budowania fa\u0142szywej narracji zosta\u0142a wykorzystana \u015bmier\u0107 nastolatki<\/p>\n<p class=\"ods-c-paragraph \">Jako przyk\u0142ad &#8222;fa\u0142szywej flagi&#8221; przedstawiciele armii podaj\u0105 komentarze w mediach spo\u0142eczno\u015bciowych dotycz\u0105ce zab\u00f3jstwa 11-latki w Jeleniej G\u00f3rze. Autorzy fake news\u00f3w wykorzystali \u015bmier\u0107 dziewczynki do szerzenia nieprawdziwych informacji na temat ukrai\u0144skiego pochodzenia podejrzanej 12-latki.<\/p>\n<p class=\"ods-c-paragraph \"><a href=\"https:\/\/wiadomosci.onet.pl\/kraj\/wazny-apel-w-sprawie-zabojstwa-11-latki-z-jeleniej-gory-stop-dezinformacji\/w0rjsv2\" id=\"dbeeaed4-ccc9-4b02-bb95-7e3bec134e80\" rel=\"nofollow noopener\" target=\"_blank\">Pog\u0142oski na ten temat dementowa\u0142a p\u00f3\u017aniej rzeczniczka Ministerstwa Spraw Wewn\u0119trznych i Administracji.<\/a> &#8222;Setki komentarzy pod fa\u0142szywymi postami wskazuj\u0105 na brak refleksji i pr\u00f3b sprawdzenia w Internecie prawdopodobie\u0144stwa narodowo\u015bci dziecka&#8221; \u2014 oceniaj\u0105 przedstawiciele Sztabu Generalnego. Wskazuj\u0105, \u017ce nastolatka mieszka\u0142a w tej miejscowo\u015bci od najm\u0142odszych lat, a jej rodzina by\u0142a dobrze znana lokalnej spo\u0142eczno\u015bci.<\/p>\n<p>   Sztab Generalny przestrzega przed Rosj\u0105. Apeluje o weryfikowanie informacji<\/p>\n<p class=\"ods-c-paragraph \">&#8222;Ostrzegamy przed intensywn\u0105 rosyjsk\u0105 operacj\u0105 kognitywn\u0105&#8221; \u2014 pisz\u0105 wojskowi na Facebooku. Radz\u0105 te\u017c, jak nie ulega\u0107 dezinformacji. Zalecaj\u0105 weryfikacj\u0119 informacji zamieszczanych w mediach spo\u0142eczno\u015bciowych, a tak\u017ce por\u00f3wnywanie wiadomo\u015bci w r\u00f3\u017cnych \u017ar\u00f3d\u0142ach. &#8222;Przeczytaj artyku\u0142y w g\u0142\u00f3wnych portalach i wyci\u0105gaj wnioski&#8221; \u2014 apeluj\u0105.<\/p>\n","protected":false},"excerpt":{"rendered":"W opublikowanym we wtorek ostrze\u017ceniu Sztab Generalny Wojska Polskiego opisuje metody rozpowszechniania rosyjskiej dezinformacji w Polsce. &#8222;Do budowania&hellip;\n","protected":false},"author":2,"featured_media":168139,"comment_status":"","ping_status":"","sticky":false,"template":"","format":"standard","meta":{"footnotes":""},"categories":[12],"tags":[32,33,36,37,27,49,34,35,28,31,48,25,46,42,38,40,39,41,87,47,29,30,415,26,3146],"class_list":{"0":"post-168138","1":"post","2":"type-post","3":"status-publish","4":"format-standard","5":"has-post-thumbnail","7":"category-polska","8":"tag-breaking-news","9":"tag-breakingnews","10":"tag-featured-news","11":"tag-featurednews","12":"tag-headlines","13":"tag-kraj","14":"tag-latest-news","15":"tag-latestnews","16":"tag-naglowki","17":"tag-najwazniejsze-artykuly","18":"tag-nat_styl","19":"tag-news","20":"tag-omp","21":"tag-pl","22":"tag-poland","23":"tag-polish","24":"tag-polska","25":"tag-polski","26":"tag-rosja","27":"tag-screening_general","28":"tag-top-stories","29":"tag-topstories","30":"tag-ukraina","31":"tag-wiadomosci","32":"tag-wojsko_polskie"},"share_on_mastodon":{"url":"https:\/\/pubeurope.com\/@pl\/115773065309464674","error":""},"_links":{"self":[{"href":"https:\/\/www.europesays.com\/pl\/wp-json\/wp\/v2\/posts\/168138","targetHints":{"allow":["GET"]}}],"collection":[{"href":"https:\/\/www.europesays.com\/pl\/wp-json\/wp\/v2\/posts"}],"about":[{"href":"https:\/\/www.europesays.com\/pl\/wp-json\/wp\/v2\/types\/post"}],"author":[{"embeddable":true,"href":"https:\/\/www.europesays.com\/pl\/wp-json\/wp\/v2\/users\/2"}],"replies":[{"embeddable":true,"href":"https:\/\/www.europesays.com\/pl\/wp-json\/wp\/v2\/comments?post=168138"}],"version-history":[{"count":0,"href":"https:\/\/www.europesays.com\/pl\/wp-json\/wp\/v2\/posts\/168138\/revisions"}],"wp:featuredmedia":[{"embeddable":true,"href":"https:\/\/www.europesays.com\/pl\/wp-json\/wp\/v2\/media\/168139"}],"wp:attachment":[{"href":"https:\/\/www.europesays.com\/pl\/wp-json\/wp\/v2\/media?parent=168138"}],"wp:term":[{"taxonomy":"category","embeddable":true,"href":"https:\/\/www.europesays.com\/pl\/wp-json\/wp\/v2\/categories?post=168138"},{"taxonomy":"post_tag","embeddable":true,"href":"https:\/\/www.europesays.com\/pl\/wp-json\/wp\/v2\/tags?post=168138"}],"curies":[{"name":"wp","href":"https:\/\/api.w.org\/{rel}","templated":true}]}}