{"id":168143,"date":"2025-12-24T06:17:14","date_gmt":"2025-12-24T06:17:14","guid":{"rendered":"https:\/\/www.europesays.com\/pl\/168143\/"},"modified":"2025-12-24T06:17:14","modified_gmt":"2025-12-24T06:17:14","slug":"polscy-zolnierze-zostaja-w-iraku-prezydent-zlozyl-podpis","status":"publish","type":"post","link":"https:\/\/www.europesays.com\/pl\/168143\/","title":{"rendered":"Polscy \u017co\u0142nierze zostaj\u0105 w Iraku. Prezydent z\u0142o\u017cy\u0142 podpis"},"content":{"rendered":"<ul class=\"UnorderedList_container__nmfSl\">\n<li class=\"UnorderedList_listElement__Py7xi\" data-id=\"ai-summary-link\">Du\u017co czytania, a ma\u0142o czasu? Sprawd\u017a\u00a0skr\u00f3t\u00a0artyku\u0142u<\/li>\n<\/ul>\n<p class=\"Paragraph_desktopParagraph__U31Gm\">Datowane na poniedzia\u0142ek, 22 grudnia, postanowienie zosta\u0142o opublikowane w Monitorze Polskim. Jak czytamy, przewiduje ono przed\u0142u\u017cenie u\u017cycia Polskiego Kontyngentu Wojskowego w Iraku do 30 czerwca 2026 r., w sile do 350 \u017co\u0142nierzy. Poza Irakiem postanowienie przewiduje wykorzystanie PKW tak\u017ce w trzech innych pa\u0144stwach regionu \u2014 Jordanii, Kuwejcie i Katarze.<\/p>\n<p class=\"VideoPlayerText_videoPlayerText__iDwyz\">Dalszy ci\u0105g materia\u0142u pod wideo<\/p>\n<p class=\"Paragraph_desktopParagraph__U31Gm\">G\u0142\u00f3wnym celem dzia\u0142ania Kontyngentu jest zapobieganie aktom terroryzmu, przede wszystkim w ramach mi\u0119dzynarodowej operacji Inherent Resolve \u2014 koordynowanej przez USA operacji wymierzonej w Pa\u0144stwo Islamskie, w kt\u00f3r\u0105 poza Amerykanami zaanga\u017cowani s\u0105 m.in. \u017co\u0142nierze z Wielkiej Brytanii oraz innych pa\u0144stw sojuszniczych.<\/p>\n<ul class=\"OchatFollowUps_wrapper__1ry7X\">\n<li class=\"OchatFollowUps_item__Dhyly OchatFollowUps_itemDesktop__R6aBv\">Jak d\u0142ugo polski kontyngent wojskowy b\u0119dzie w Iraku?<\/li>\n<li class=\"OchatFollowUps_item__Dhyly OchatFollowUps_itemDesktop__R6aBv\">Ile \u017co\u0142nierzy bierze udzia\u0142 w misji?<\/li>\n<li class=\"OchatFollowUps_item__Dhyly OchatFollowUps_itemDesktop__R6aBv\">Jakie s\u0105 g\u0142\u00f3wne cele polskiego kontyngentu w Iraku?<\/li>\n<li class=\"OchatFollowUps_item__Dhyly OchatFollowUps_itemDesktop__R6aBv\">W jakich innych pa\u0144stwach b\u0119dzie dzia\u0142a\u0107 polski kontyngent?<\/li>\n<\/ul>\n<p>Prezydent: polscy \u017co\u0142nierze zostaj\u0105 w Iraku <\/p>\n<p class=\"Paragraph_desktopParagraph__U31Gm\">Zgodnie z postanowieniem prezydenta, g\u0142\u00f3wnym zadaniem polskich \u017co\u0142nierzy w Iraku jest wsparcie budowy zdolno\u015bci irackich \u2014 a tak\u017ce jorda\u0144skich i katarskich \u2014 si\u0142 bezpiecze\u0144stwa \u2014 w tym zdolno\u015bci kontrterrorystycznych \u2014 m.in. poprzez doradztwo, organizacj\u0119 szkole\u0144, a tak\u017ce udzia\u0142 w natowskiej misji w Iraku (NATO Mission Iraq), w tym doradztwo i szkolenie irackich kadr oraz obron\u0119 i ochron\u0119 doradc\u00f3w i baz.<\/p>\n<p class=\"Paragraph_desktopParagraph__U31Gm\">W ostatnich latach w Iraku stacjonuje do 350 polskich \u017co\u0142nierzy, w tym z zespo\u0142\u00f3w szkoleniowych i jednostek in\u017cynieryjnych. Ich g\u0142\u00f3wnym zadaniem \u2014 w ramach szerszej operacji wymierzonej w terrorystyczne Pa\u0144stwo Islamskie \u2014 jest wspieranie si\u0142 irackich w odzyskiwaniu przez nie zdolno\u015bci do samodzielnego zapewnienia bezpiecze\u0144stwa w regionie.<\/p>\n<p class=\"Paragraph_desktopParagraph__U31Gm\">PKW Irak to jeden z najd\u0142u\u017cej dzia\u0142aj\u0105cych i najwi\u0119kszych polskich kontyngent\u00f3w zagranicznych, w szczytowym momencie licz\u0105cy ok. 2,5 tys. \u017co\u0142nierzy. W latach 2003-2008 polscy \u017co\u0142nierze brali udzia\u0142 w zarz\u0105dzanej przez Amerykan\u00f3w misji Iraqi Freedom, kt\u00f3rej celem by\u0142o obalenie re\u017cimu Saddama Husajna, a w kolejnych latach w misjach stabilizacyjnych w tym kraju.<\/p>\n<p class=\"Paragraph_desktopParagraph__U31Gm\">Obecnie polscy \u017co\u0142nierze bior\u0105 udzia\u0142 w kilkunastu kontyngentach zagranicznych w r\u00f3\u017cnych cz\u0119\u015bciach \u015bwiata. Uczestnicz\u0105 we wzmacnianiu wschodniej flanki NATO \u2014 to m.in. kontyngenty w Rumunii oraz na \u0141otwie, s\u0105 zaanga\u017cowani w misje stabilizuj\u0105ce i szkoleniowe w zapalnych regionach Bliskiego Wschodu \u2014 poza Irakiem w Libanie, bior\u0105 te\u017c udzia\u0142 w mi\u0119dzynarodowych misjach na Ba\u0142kanach (w Kosowie oraz Bo\u015bni i Hercegowinie), czy w patrolowaniu Morza \u015ar\u00f3dziemnego.<\/p>\n","protected":false},"excerpt":{"rendered":"Du\u017co czytania, a ma\u0142o czasu? Sprawd\u017a\u00a0skr\u00f3t\u00a0artyku\u0142u Datowane na poniedzia\u0142ek, 22 grudnia, postanowienie zosta\u0142o opublikowane w Monitorze Polskim. Jak&hellip;\n","protected":false},"author":2,"featured_media":168144,"comment_status":"","ping_status":"","sticky":false,"template":"","format":"standard","meta":{"footnotes":""},"categories":[14],"tags":[32,33,27,67,13193,240,34,35,28,31,53,25,52,68,51,55,40,41,33144,47,80,29,30,65,50,26,711,82,83,84],"class_list":{"0":"post-168143","1":"post","2":"type-post","3":"status-publish","4":"format-standard","5":"has-post-thumbnail","7":"category-swiat","8":"tag-breaking-news","9":"tag-breakingnews","10":"tag-headlines","11":"tag-intextvideo_splayer","12":"tag-irak","13":"tag-karol_nawrocki_prezydent","14":"tag-latest-news","15":"tag-latestnews","16":"tag-naglowki","17":"tag-najwazniejsze-artykuly","18":"tag-new_header","19":"tag-news","20":"tag-onet3","21":"tag-onet3d","22":"tag-onet3d_2i","23":"tag-phx","24":"tag-polish","25":"tag-polski","26":"tag-polski_kontyngent_wojskowy","27":"tag-screening_general","28":"tag-swiat","29":"tag-top-stories","30":"tag-topstories","31":"tag-update_me","32":"tag-v2021","33":"tag-wiadomosci","34":"tag-wojsko_sily_zbrojne_armia","35":"tag-world","36":"tag-world-news","37":"tag-worldnews"},"share_on_mastodon":{"url":"https:\/\/pubeurope.com\/@pl\/115773089060328678","error":""},"_links":{"self":[{"href":"https:\/\/www.europesays.com\/pl\/wp-json\/wp\/v2\/posts\/168143","targetHints":{"allow":["GET"]}}],"collection":[{"href":"https:\/\/www.europesays.com\/pl\/wp-json\/wp\/v2\/posts"}],"about":[{"href":"https:\/\/www.europesays.com\/pl\/wp-json\/wp\/v2\/types\/post"}],"author":[{"embeddable":true,"href":"https:\/\/www.europesays.com\/pl\/wp-json\/wp\/v2\/users\/2"}],"replies":[{"embeddable":true,"href":"https:\/\/www.europesays.com\/pl\/wp-json\/wp\/v2\/comments?post=168143"}],"version-history":[{"count":0,"href":"https:\/\/www.europesays.com\/pl\/wp-json\/wp\/v2\/posts\/168143\/revisions"}],"wp:featuredmedia":[{"embeddable":true,"href":"https:\/\/www.europesays.com\/pl\/wp-json\/wp\/v2\/media\/168144"}],"wp:attachment":[{"href":"https:\/\/www.europesays.com\/pl\/wp-json\/wp\/v2\/media?parent=168143"}],"wp:term":[{"taxonomy":"category","embeddable":true,"href":"https:\/\/www.europesays.com\/pl\/wp-json\/wp\/v2\/categories?post=168143"},{"taxonomy":"post_tag","embeddable":true,"href":"https:\/\/www.europesays.com\/pl\/wp-json\/wp\/v2\/tags?post=168143"}],"curies":[{"name":"wp","href":"https:\/\/api.w.org\/{rel}","templated":true}]}}