{"id":168163,"date":"2025-12-24T06:32:10","date_gmt":"2025-12-24T06:32:10","guid":{"rendered":"https:\/\/www.europesays.com\/pl\/168163\/"},"modified":"2025-12-24T06:32:10","modified_gmt":"2025-12-24T06:32:10","slug":"tajne-akta-w-sprawie-ziobry-to-dlatego-sad-mial-odroczyc-posiedzenie-dotyczace-aresztu-onet-wiadomosci","status":"publish","type":"post","link":"https:\/\/www.europesays.com\/pl\/168163\/","title":{"rendered":"Tajne akta w sprawie Ziobry. To dlatego s\u0105d mia\u0142 odroczy\u0107 posiedzenie dotycz\u0105ce aresztu &#8211; Onet Wiadomo\u015bci"},"content":{"rendered":"<ol>\n<li><a href=\"https:\/\/news.google.com\/rss\/articles\/CBMitAFBVV95cUxNSjN4NlJCOHpMYWlGcmhWY0ZDcEpqUHkzTkVKWkFWSnpNOWQ4ZEVvYnJCWFVMbTNHcV9rYlVvUEpwbnZ0cVF1bnV1S0Z6NmRSNWt3YU15MjNRQnhUVzdOeVJGWVdUT3Iwb0RrLUphamJ1eW9VRi1GVlpsOXFkcE5XN1d0eFQ5cDJWMndCRktqWlluWHVjX19aWkxyVHpSRVdNOF9QQUxiWEpuemx6bHZHWWNpcVo?oc=5\" target=\"_blank\" rel=\"nofollow noopener\">Tajne akta w sprawie Ziobry. To dlatego s\u0105d mia\u0142 odroczy\u0107 posiedzenie dotycz\u0105ce aresztu<\/a>&nbsp;&nbsp;Onet Wiadomo\u015bci<\/li>\n<li><a href=\"https:\/\/news.google.com\/rss\/articles\/CBMirwFBVV95cUxOajV2WHFRY0ZSem5aOXpFUHVsOXFOdEp5MlMtQlNQcXg4ZGpSSHdrc0U0S0xhLWctUVlBaUF0V3lJQUhUSGg4U2NRQ0FESFFUZlNxSk1tRWNESFFTY2w2NFZfMWI5SVdzVHU2OUFVNzZVcVZ3T0haMkF0eEY3QW5wTU4zX0t3UVJ2bVFuSndkRGg0ZzVDaElkVGxnTk1kVWFMOTNwRzdib0tPX18tZVdz?oc=5\" target=\"_blank\" rel=\"nofollow noopener\">Kilka tom\u00f3w w sprawie Pegasusa. Dlaczego s\u0105d odroczy\u0142 decyzj\u0119 w sprawie aresztu dla Ziobry<\/a>&nbsp;&nbsp;Wyborcza.pl<\/li>\n<li><a href=\"https:\/\/news.google.com\/rss\/articles\/CBMixAFBVV95cUxNV2djZnRuMXRCQkVWX1FIdWVYUkxYVExQSjVSakhwLVl2allJRlA2UzQ2YnlpRTZ3eDRXS3oyTHdXZkdocEhuWU1uQjJsbWs3OGRPSi1hU0cwRFBhWGFESVo1aWtaaGFLeVUwZ3BoUUVmZTBENDlHdVJrVkhxanpZQm90UDJRNmdHQWtmdHkybjZadC1Qb29pR3g4OFJlbTZXVUUyWU5uZ2lNQ2xsLWFRclFSNlJlMlptdk05bGlPM1MwUlRo?oc=5\" target=\"_blank\" rel=\"nofollow noopener\">W PiS rado\u015b\u0107, bo nie musz\u0105 si\u0119 t\u0142umaczy\u0107 za Ziobr\u0119. Cios dla \u017burka tu\u017c przed \u015bwi\u0119tami<\/a>&nbsp;&nbsp;WP Wiadomo\u015bci<\/li>\n<li><a href=\"https:\/\/news.google.com\/rss\/articles\/CBMijwFBVV95cUxQVkxLWkNkelVqSFBQdjZRcTZQSno5SHhqcnBxbW5PQ3dhZXZROWFvWjlPSWk3d2pkNFhCbjRQSjZKSVg2NEZkLTR4ak5pOEdfWlZVV2plTEloa1lzQVdJZ1NqY1FTWXUzSHV6azVrMW5kRXdYTm15S3RSRXQzV2J5Z0QyUEdEM2lkZ1p4a2Y3Zw?oc=5\" target=\"_blank\" rel=\"nofollow noopener\">Nowe obrazki i filmy z gier &#8211; 3 sierpnia<\/a>&nbsp;&nbsp;Komputer \u015awiat<\/li>\n<li><a href=\"https:\/\/news.google.com\/rss\/articles\/CBMi9gFBVV95cUxPenM2T0hDc2dFczJ4OTJoMDVON284eWNtUnRtQTZXczJETEJvMFVfWE42T01zT0JCa1hGWkV1Ym1STjhhUF80TUQtWEtTa3JQbjNKSHpKdTc2WkR2cWsyYnVTbTZCWVc3NHU3SXJtVmpJRkZZalFnd3ZQYzh2OFNIaG9RcUFTbTctV0NHdXZydlU3SzZoNHdKejZLNm84ejlYYXVlbjRwUTh1VkF3ZU1qbDU4aElnc0ZXOHhIMTZKOUJvODJvNXlPeDc0UC1uUVNnOGUyeE9OUUNrTFZGNThOcFduRUxmdXRnVWdBS1RvdF85djVSQ3c?oc=5\" target=\"_blank\" rel=\"nofollow noopener\">\u017burek w &#8222;Kropce nad i&#8221;: musimy si\u0119 godzi\u0107 na t\u0119 gr\u0119<\/a>&nbsp;&nbsp;TVN24<\/li>\n<\/ol>\n","protected":false},"excerpt":{"rendered":"Tajne akta w sprawie Ziobry. To dlatego s\u0105d mia\u0142 odroczy\u0107 posiedzenie dotycz\u0105ce aresztu&nbsp;&nbsp;Onet Wiadomo\u015bci Kilka tom\u00f3w w sprawie&hellip;\n","protected":false},"author":2,"featured_media":168164,"comment_status":"","ping_status":"","sticky":false,"template":"","format":"standard","meta":{"footnotes":""},"categories":[12],"tags":[32,33,36,37,27,49,34,35,28,31,48,25,46,2039,42,38,40,39,41,412,47,29,30,26,2037],"class_list":{"0":"post-168163","1":"post","2":"type-post","3":"status-publish","4":"format-standard","5":"has-post-thumbnail","7":"category-polska","8":"tag-breaking-news","9":"tag-breakingnews","10":"tag-featured-news","11":"tag-featurednews","12":"tag-headlines","13":"tag-kraj","14":"tag-latest-news","15":"tag-latestnews","16":"tag-naglowki","17":"tag-najwazniejsze-artykuly","18":"tag-nat_styl","19":"tag-news","20":"tag-omp","21":"tag-pegasus_oprogramowanie","22":"tag-pl","23":"tag-poland","24":"tag-polish","25":"tag-polska","26":"tag-polski","27":"tag-prawo_sady_prawnicy","28":"tag-screening_general","29":"tag-top-stories","30":"tag-topstories","31":"tag-wiadomosci","32":"tag-zbigniew_ziobro"},"share_on_mastodon":{"url":"https:\/\/pubeurope.com\/@pl\/115773147994468341","error":""},"_links":{"self":[{"href":"https:\/\/www.europesays.com\/pl\/wp-json\/wp\/v2\/posts\/168163","targetHints":{"allow":["GET"]}}],"collection":[{"href":"https:\/\/www.europesays.com\/pl\/wp-json\/wp\/v2\/posts"}],"about":[{"href":"https:\/\/www.europesays.com\/pl\/wp-json\/wp\/v2\/types\/post"}],"author":[{"embeddable":true,"href":"https:\/\/www.europesays.com\/pl\/wp-json\/wp\/v2\/users\/2"}],"replies":[{"embeddable":true,"href":"https:\/\/www.europesays.com\/pl\/wp-json\/wp\/v2\/comments?post=168163"}],"version-history":[{"count":0,"href":"https:\/\/www.europesays.com\/pl\/wp-json\/wp\/v2\/posts\/168163\/revisions"}],"wp:featuredmedia":[{"embeddable":true,"href":"https:\/\/www.europesays.com\/pl\/wp-json\/wp\/v2\/media\/168164"}],"wp:attachment":[{"href":"https:\/\/www.europesays.com\/pl\/wp-json\/wp\/v2\/media?parent=168163"}],"wp:term":[{"taxonomy":"category","embeddable":true,"href":"https:\/\/www.europesays.com\/pl\/wp-json\/wp\/v2\/categories?post=168163"},{"taxonomy":"post_tag","embeddable":true,"href":"https:\/\/www.europesays.com\/pl\/wp-json\/wp\/v2\/tags?post=168163"}],"curies":[{"name":"wp","href":"https:\/\/api.w.org\/{rel}","templated":true}]}}