{"id":168269,"date":"2025-12-24T08:00:17","date_gmt":"2025-12-24T08:00:17","guid":{"rendered":"https:\/\/www.europesays.com\/pl\/168269\/"},"modified":"2025-12-24T08:00:17","modified_gmt":"2025-12-24T08:00:17","slug":"galaxy-s26-niczym-iphone-samsung-pracuje-nad-nowym-trybem-aparatu","status":"publish","type":"post","link":"https:\/\/www.europesays.com\/pl\/168269\/","title":{"rendered":"Galaxy S26 niczym iPhone? Samsung pracuje nad nowym trybem aparatu"},"content":{"rendered":"<p><img decoding=\"async\" src=\"https:\/\/std.wpcdn.pl\/images\/adv\/placeholder_wp.svg\" alt=\"\"\/><\/p>\n<p>\n                Coraz wi\u0119cej wskazuje na to, \u017ce Samsung Galaxy S26 pozwoli na robienie zdj\u0119\u0107 w\u00a0rozdzielczo\u015bci 24 Mpix. Mo\u017ce to by\u0107 wbrew pozorom znacz\u0105ca zmiana. &#13;<\/p>\n<p>Na rynku od lat dost\u0119pne s\u0105 smartfony z\u00a0aparatami 48, 50, 108 czy 200 Mpix, ale zdecydowana wi\u0119kszo\u015b\u0107 z\u00a0nich domy\u015blnie robi zdj\u0119cia 12 Mpix. Wi\u0119ksza rozdzielczo\u015b\u0107 jest zazwyczaj opcjonalna i\u00a0przek\u0142ada si\u0119 na zauwa\u017calnie wi\u0119kszy rozmiar plik\u00f3w, a\u00a0i nierzadko na gorsze dzia\u0142anie HDR-u i\u00a0innych algorytm\u00f3w\u00a0przetwarzania obrazu.\u00a0<\/p>\n<p>W 2023 roku z\u00a0tego trendu wy\u0142ama\u0142 si\u0119 Apple, bo iPhone\u2019y od linii 15 w\u00a0g\u00f3r\u0119 domy\u015blnie robi\u0105 zdj\u0119cia w\u00a0nietypowej rozdzielczo\u015bci 24 Mpix. Po latach Samsung mo\u017ce obra\u0107 podobny kierunek.\u00a0<\/p>\n<p><img loading=\"lazy\" decoding=\"async\" class=\"lazy\" src=\"https:\/\/www.europesays.com\/pl\/wp-content\/uploads\/2025\/12\/1766225831_16_sddefault.jpg\" alt=\"\" width=\"1050\" height=\"787\"\/><img decoding=\"async\" class=\"youtube-frame__play-img\" src=\"https:\/\/www.europesays.com\/pl\/wp-content\/uploads\/2025\/10\/1760695931_769_youtube-play.png\" alt=\"Uruchom wideo\" width=\"68\"\/>Samsung Galaxy S26 z\u00a0trybem robienia zdj\u0119\u0107 24 Mpix<\/p>\n<p>Serwis Android Authority przeanalizowa\u0142 kod testowej wersji nak\u0142adki <a href=\"https:\/\/www.benchmark.pl\/aktualnosci\/samsung-one-ui-8-5-beta.html\" title=\"Samsung One UI 8.5 - co nowego?\" rel=\"nofollow noopener\" target=\"_blank\">One UI 8.5<\/a> i\u00a0natrafi\u0142 na liczne <a href=\"https:\/\/www.androidauthority.com\/galaxy-s26-camera-features-3627388\/\" rel=\"nofollow noopener\" target=\"_blank\">odniesienia<\/a> do trybu 24 Mpix w\u00a0domy\u015blnej aplikacji aparatu. Spekuluje si\u0119, \u017ce taka opcja trafi do smartfon\u00f3w\u00a0z linii Galaxy S26, o\u00a0czym plotkowano ju\u017c wcze\u015bniej.\u00a0<\/p>\n<p>Flagowce Samsunga od Galaxy S24 w\u00a0g\u00f3r\u0119 pozwalaj\u0105 ju\u017c na robienie zdj\u0119\u0107 24 Mpix, ale wymaga to pobrania i\u00a0u\u017cycia dodatkowej aplikacji aparatu Expert RAW.\u00a0<\/p>\n<p>Osobi\u015bcie uwa\u017cam 24 Mpix za rozdzielczo\u015b\u0107 optymaln\u0105<\/p>\n<p>W 2023 roku przeprowadzi\u0142em prosty test. Za pomoc\u0105 iPhone\u2019a\u00a015 Pro zrobi\u0142em zdj\u0119cia tego samego miejsca w\u00a0trybach 12, 24 oraz 48 Mpix.\u00a0<\/p>\n<p class=\" wideImage\"><a href=\"https:\/\/cdn.benchmark.pl\/uploads\/backend_img\/c\/newsy\/2025-12\/MN\/iphone_15_pro_24_mpix.jpg\" rel=\"nofollow noopener\" target=\"_blank\"><img loading=\"lazy\" decoding=\"async\" src=\"https:\/\/www.europesays.com\/pl\/wp-content\/uploads\/2025\/12\/1766563216_376_330x0x1.jpg\" alt=\"\" class=\"lazy\" width=\"1920\" height=\"1440\" data-\/><\/a><\/p>\n<p>Tak w\u00a0przypadku tego kadru prezentowa\u0142y si\u0119 r\u00f3\u017cnice w\u00a0szczeg\u00f3\u0142owo\u015bci:\u00a0<\/p>\n<p class=\" wideImage\"><a href=\"https:\/\/cdn.benchmark.pl\/uploads\/backend_img\/c\/newsy\/2025-12\/MN\/iphone_15_pro_rozdzielczosc.jpg\" rel=\"nofollow noopener\" target=\"_blank\"><img loading=\"lazy\" decoding=\"async\" src=\"https:\/\/www.europesays.com\/pl\/wp-content\/uploads\/2025\/12\/1766563217_940_330x0x1.jpg\" alt=\"\" class=\"lazy\" width=\"1200\" height=\"587\" data-\/><\/a><\/p>\n<p>A tak w\u00a0rozmiarach zdj\u0119\u0107<\/p>\n<ul>\n<li>12 Mpix &#8211; 2,4 MB;<\/li>\n<li>24 Mpix &#8211; 3,3 MB;<\/li>\n<li>48 Mpix &#8211; 5,6 MB.<\/li>\n<\/ul>\n<p>W mojej ocenie 24 Mpix stanowi najbardziej optymaln\u0105 rozdzielczo\u015b\u0107. Tryb ten wnosi zauwa\u017caln\u0105 popraw\u0119 szczeg\u00f3\u0142owo\u015bci wzgl\u0119dem 12 Mpix, a\u00a0jednocze\u015bnie drastycznie mniejszy rozmiar pliku ni\u017c 48 Mpix.\u00a0<\/p>\n<p>Nie mia\u0142bym wi\u0119c nic przeciwko, gdyby tryb 24 Mpix &#8211; cho\u0107by opcjonalny &#8211; trafi\u0142 na wi\u0119cej smartfon\u00f3w. A\u00a0szanse na to rosn\u0105.\u00a0<\/p>\n<p>Oczekuje si\u0119, \u017ce modele Galaxy S26, S26+ i\u00a0S26 Ultra ujrz\u0105 \u015bwiat\u0142o dzienne na pocz\u0105tku 2026 roku.<\/p>\n<p><img decoding=\"async\" src=\"https:\/\/std.wpcdn.pl\/images\/adv\/placeholder_wp.svg\" alt=\"\"\/><\/p>\n","protected":false},"excerpt":{"rendered":"Coraz wi\u0119cej wskazuje na to, \u017ce Samsung Galaxy S26 pozwoli na robienie zdj\u0119\u0107 w\u00a0rozdzielczo\u015bci 24 Mpix. Mo\u017ce to&hellip;\n","protected":false},"author":2,"featured_media":168270,"comment_status":"","ping_status":"","sticky":false,"template":"","format":"standard","meta":{"footnotes":""},"categories":[20],"tags":[120,118,119,42,38,40,39,41,116,114,115,121,117],"class_list":{"0":"post-168269","1":"post","2":"type-post","3":"status-publish","4":"format-standard","5":"has-post-thumbnail","7":"category-nauka-i-technika","8":"tag-nauka","9":"tag-nauka-i-technika","10":"tag-naukatechnika","11":"tag-pl","12":"tag-poland","13":"tag-polish","14":"tag-polska","15":"tag-polski","16":"tag-science","17":"tag-science-and-technology","18":"tag-sciencetechnology","19":"tag-technika","20":"tag-technology"},"share_on_mastodon":{"url":"https:\/\/pubeurope.com\/@pl\/115773494200508442","error":""},"_links":{"self":[{"href":"https:\/\/www.europesays.com\/pl\/wp-json\/wp\/v2\/posts\/168269","targetHints":{"allow":["GET"]}}],"collection":[{"href":"https:\/\/www.europesays.com\/pl\/wp-json\/wp\/v2\/posts"}],"about":[{"href":"https:\/\/www.europesays.com\/pl\/wp-json\/wp\/v2\/types\/post"}],"author":[{"embeddable":true,"href":"https:\/\/www.europesays.com\/pl\/wp-json\/wp\/v2\/users\/2"}],"replies":[{"embeddable":true,"href":"https:\/\/www.europesays.com\/pl\/wp-json\/wp\/v2\/comments?post=168269"}],"version-history":[{"count":0,"href":"https:\/\/www.europesays.com\/pl\/wp-json\/wp\/v2\/posts\/168269\/revisions"}],"wp:featuredmedia":[{"embeddable":true,"href":"https:\/\/www.europesays.com\/pl\/wp-json\/wp\/v2\/media\/168270"}],"wp:attachment":[{"href":"https:\/\/www.europesays.com\/pl\/wp-json\/wp\/v2\/media?parent=168269"}],"wp:term":[{"taxonomy":"category","embeddable":true,"href":"https:\/\/www.europesays.com\/pl\/wp-json\/wp\/v2\/categories?post=168269"},{"taxonomy":"post_tag","embeddable":true,"href":"https:\/\/www.europesays.com\/pl\/wp-json\/wp\/v2\/tags?post=168269"}],"curies":[{"name":"wp","href":"https:\/\/api.w.org\/{rel}","templated":true}]}}