{"id":168275,"date":"2025-12-24T08:03:20","date_gmt":"2025-12-24T08:03:20","guid":{"rendered":"https:\/\/www.europesays.com\/pl\/168275\/"},"modified":"2025-12-24T08:03:20","modified_gmt":"2025-12-24T08:03:20","slug":"nowe-wieze-obserwacyjne-na-granicy-z-bialorusia-rusza-system-antydronowy","status":"publish","type":"post","link":"https:\/\/www.europesays.com\/pl\/168275\/","title":{"rendered":"Nowe wie\u017ce obserwacyjne na granicy z Bia\u0142orusi\u0105. Rusza system antydronowy"},"content":{"rendered":"<p>   <img decoding=\"async\" src=\"https:\/\/www.europesays.com\/pl\/wp-content\/uploads\/2025\/12\/aJ55LnG7HyiwqypARCkKi3h5i1DPPt5BNhawNo9N.v854.jpg\" alt=\"\"  width=\"800\" height=\"450\" author=\"MSWiA \ud83c\uddf5\ud83c\uddf1 (@MSWiA_GOV_PL)\/X\" fetchpriority=\"high\" class=\"img image-with-caption__image\"\/><br \/>\n        Autor. MSWiA \ud83c\uddf5\ud83c\uddf1 (@MSWiA_GOV_PL)\/X<\/p>\n<ul class=\"article-share list-inline d-lg-none bg-black mb-0\">\n<li class=\"article-share-item list-inline-item m-0\">\n        Facebook\n      <\/li>\n<li class=\"article-share-item list-inline-item m-0\">\n        Twitter\n      <\/li>\n<li class=\"article-share-item list-inline-item m-0\">\n        LinkedIn\n      <\/li>\n<li class=\"article-share-item list-inline-item m-0\">\n        Kopiuj link\n      <\/li>\n<li class=\"article-share-item list-inline-item m-0\">\n        Wy\u015blij email\n      <\/li>\n<\/ul>\n<p>\u201eTo wie\u017ca szczeg\u00f3lna, poniewa\u017c na tej wie\u017cy instalowany jest pierwszy klaster systemu artydronowego, kt\u00f3ry broni\u0107 b\u0119dzie w polskiej granicy. Ju\u017c w styczniu ten klaster zostanie uruchomiony\u201d \u2013 zapowiedzia\u0142, przy nowej wie\u017cy obserwacyjnej w Ozieranach, szef MSWiA Marcin Kierwi\u0144ski.<\/p>\n<p class=\"paragraph-module\">Premier Donald Tusk oraz szef MSWiA Marcin Kierwi\u0144ski odwiedzili we wtorek plac\u00f3wk\u0119 Stra\u017cy Granicznej w Bobrownikach. Wizyta zwi\u0105zana jest z zako\u0144czeniem etapu wzmacniania zabezpiecze\u0144 na wschodniej granicy Polski.<\/p>\n<p class=\"paragraph-module\">Szef rz\u0105du stwierdzi\u0142, \u017ce nowa wie\u017ca obserwacyjna w Ozieranach, przy kt\u00f3rej odby\u0142 si\u0119 briefing prasowy, jest symbolem inwestycji i wielkiego wysi\u0142ku ca\u0142ego pa\u0144stwa, by Polska by\u0142a bezpieczna. \u201eDzi\u0119kuj\u0119 za ca\u0142y rok ci\u0119\u017ckiej pracy i ci\u0119\u017ckiej s\u0142u\u017cby, zrobili\u015bcie wielk\u0105 rzecz\u201d \u2013 powiedzia\u0142, kieruj\u0105c swoje s\u0142owa do funkcjonariuszy.<\/p>\n<p class=\"paragraph-module\">Tusk poinformowa\u0142, \u017ce we wtorek rano odebra\u0142 meldunek od dow\u00f3dc\u00f3w wojska, Stra\u017cy Granicznej i policji. Jak przekaza\u0142, w wiecz\u00f3r wigilijny s\u0142u\u017cb\u0119 na granicy Polski z Bia\u0142orusi\u0105 i Litw\u0105 b\u0119dzie pe\u0142ni\u0142o ponad 4 tysi\u0105ce \u017co\u0142nierzy oraz kilkaset funkcjonariuszy SG i Policji. \u201eW sumie ponad 6 tysi\u0119cy ludzi wiecz\u00f3r wigilijny sp\u0119dzi w\u0142a\u015bnie na granicy i b\u0119dziemy o nich ciep\u0142o my\u015ble\u0107 i b\u0119dziemy wszyscy pami\u0119ta\u0107, \u017ce dzi\u0119ki nim wszyscy pozostali mog\u0105 bezpiecznie te \u015bwi\u0119ta w swoich domach sp\u0119dzi\u0107\u201d \u2013 doda\u0142 premier.<\/p>\n<p class=\"paragraph-module\">W trakcie briefingu szef MSWiA wskaza\u0142 na jedn\u0105 z pi\u0119ciu wie\u017c obserwacyjnych, kt\u00f3re powsta\u0142y w ostatnich miesi\u0105cach. \u201eTo wie\u017ca szczeg\u00f3lna, poniewa\u017c na tej wie\u017cy instalowany jest pierwszy klaster systemu artydronowego, kt\u00f3ry broni\u0107 b\u0119dzie w polskiej granicy. Ju\u017c w styczniu ten klaster zostanie uruchomiony\u201d \u2013 zapowiedzia\u0142 Kierwi\u0144ski.<\/p>\n<p class=\"paragraph-module\">Przypomnia\u0142, \u017ce w ostatnich latach na wzmocnienie polskiej granicy rz\u0105d przeznaczy\u0142 ponad 2 mld z\u0142. \u201eTen ostatni rok to rekordowe inwestycje, je\u017celi chodzi o kwestie bariery elektronicznej na odcinkach rzecznych, ale tak\u017ce je\u017celi chodzi o kwestie wsparcia bariery fizycznej, wybudowanie drogi technicznej wzd\u0142u\u017c tej bariery, aby nasi funkcjonariusze, stra\u017cy granicznej, policji, \u017co\u0142nierze Wojska Polskiego mogli szybciej i bardziej efektywnie doje\u017cd\u017ca\u0107 na swoje interwencje\u201d \u2013 powiedzia\u0142 szef MSWiA.<\/p>\n<p class=\"paragraph-module\">Podkre\u015bli\u0142 te\u017c, \u017ce w minionym roku funkcjonariusze stra\u017cy granicznej udaremnili prawie 30 tysi\u0119cy pr\u00f3b nielegalnego przekroczenia polskiej granicy. \u201eTo pokazuje z jakim wyzwaniem si\u0119 mierzymy. To pokazuje tak naprawd\u0119, czym jest ta wojna hybrydowa, kt\u00f3r\u0105 przeciwko Polsce, przeciwko Unii Europejskiej prowadzi Rosja i Bia\u0142oru\u015b\u201d \u2013 m\u00f3wi\u0142 Kierwi\u0144ski.<\/p>\n<p class=\"paragraph-module\">Doda\u0142, \u017ce w przysz\u0142ym roku b\u0119d\u0105 kolejne inwestycje m.in. w ramach programu modernizacji s\u0142u\u017cb podleg\u0142ych MSWiA \u201eSAFE\u201d. \u201eTylko do Stra\u017cy Granicznej trafi prawie 2,5 miliarda z\u0142otych\u201d \u2013 zaznaczy\u0142 szef MSWiA.<\/p>\n","protected":false},"excerpt":{"rendered":"Autor. MSWiA \ud83c\uddf5\ud83c\uddf1 (@MSWiA_GOV_PL)\/X Facebook Twitter LinkedIn Kopiuj link Wy\u015blij email \u201eTo wie\u017ca szczeg\u00f3lna, poniewa\u017c na tej wie\u017cy&hellip;\n","protected":false},"author":2,"featured_media":168276,"comment_status":"","ping_status":"","sticky":false,"template":"","format":"standard","meta":{"footnotes":""},"categories":[12],"tags":[32,33,1345,36,37,4341,27,34,35,2838,1891,28,31,25,33160,33159,42,38,40,39,41,101,4348,33158,29,30,26],"class_list":{"0":"post-168275","1":"post","2":"type-post","3":"status-publish","4":"format-standard","5":"has-post-thumbnail","7":"category-polska","8":"tag-breaking-news","9":"tag-breakingnews","10":"tag-donald-tusk","11":"tag-featured-news","12":"tag-featurednews","13":"tag-granica-polsko-bialoruska","14":"tag-headlines","15":"tag-latest-news","16":"tag-latestnews","17":"tag-marcin-kierwinski","18":"tag-mswia","19":"tag-naglowki","20":"tag-najwazniejsze-artykuly","21":"tag-news","22":"tag-nielegalni-migranci","23":"tag-ochrona-granic","24":"tag-pl","25":"tag-poland","26":"tag-polish","27":"tag-polska","28":"tag-polski","29":"tag-premier","30":"tag-straz-graniczna","31":"tag-system-antydronowy","32":"tag-top-stories","33":"tag-topstories","34":"tag-wiadomosci"},"share_on_mastodon":{"url":"https:\/\/pubeurope.com\/@pl\/115773506125358732","error":""},"_links":{"self":[{"href":"https:\/\/www.europesays.com\/pl\/wp-json\/wp\/v2\/posts\/168275","targetHints":{"allow":["GET"]}}],"collection":[{"href":"https:\/\/www.europesays.com\/pl\/wp-json\/wp\/v2\/posts"}],"about":[{"href":"https:\/\/www.europesays.com\/pl\/wp-json\/wp\/v2\/types\/post"}],"author":[{"embeddable":true,"href":"https:\/\/www.europesays.com\/pl\/wp-json\/wp\/v2\/users\/2"}],"replies":[{"embeddable":true,"href":"https:\/\/www.europesays.com\/pl\/wp-json\/wp\/v2\/comments?post=168275"}],"version-history":[{"count":0,"href":"https:\/\/www.europesays.com\/pl\/wp-json\/wp\/v2\/posts\/168275\/revisions"}],"wp:featuredmedia":[{"embeddable":true,"href":"https:\/\/www.europesays.com\/pl\/wp-json\/wp\/v2\/media\/168276"}],"wp:attachment":[{"href":"https:\/\/www.europesays.com\/pl\/wp-json\/wp\/v2\/media?parent=168275"}],"wp:term":[{"taxonomy":"category","embeddable":true,"href":"https:\/\/www.europesays.com\/pl\/wp-json\/wp\/v2\/categories?post=168275"},{"taxonomy":"post_tag","embeddable":true,"href":"https:\/\/www.europesays.com\/pl\/wp-json\/wp\/v2\/tags?post=168275"}],"curies":[{"name":"wp","href":"https:\/\/api.w.org\/{rel}","templated":true}]}}