{"id":168332,"date":"2025-12-24T08:34:28","date_gmt":"2025-12-24T08:34:28","guid":{"rendered":"https:\/\/www.europesays.com\/pl\/168332\/"},"modified":"2025-12-24T08:34:28","modified_gmt":"2025-12-24T08:34:28","slug":"maciej-kurzajewski-wspomnial-o-mamie-reakcja-katarzyny-cichopek-mowi-wszystko","status":"publish","type":"post","link":"https:\/\/www.europesays.com\/pl\/168332\/","title":{"rendered":"Maciej Kurzajewski wspomnia\u0142 o mamie. Reakcja Katarzyny Cichopek m\u00f3wi wszystko"},"content":{"rendered":"<p class=\"ods-c-paragraph \">Maciej Kurzajewski i Katarzyna Cichopek maj\u0105 za sob\u0105 miesi\u0105ce pe\u0142ne emocji. Jedna z najbardziej rozchwytywanych par polskiego show-biznesu jesieni\u0105 stan\u0119\u0142a na \u015blubnym kobiercu, o czym rozpisywa\u0142y si\u0119 media w ca\u0142ym kraju. W grudniu natomiast pr\u0119\u017cnie przygotowywali si\u0119 do pierwszych \u015bwi\u0105t jako m\u0105\u017c i \u017cona, dziel\u0105c si\u0119 w mediach spo\u0142eczno\u015bciowych <a href=\"https:\/\/plejada.pl\/newsy\/katarzyna-cichopek-i-maciej-kurzajewski-zajadaja-sie-deserem-internauci-nie-kryja\/6bphxe2\" id=\"f741e904-1bd7-43bf-ac78-4a64576109aa\" rel=\"nofollow noopener\" target=\"_blank\">przepisami na r\u00f3\u017cne desery.<\/a><\/p>\n<p>Dalszy ci\u0105g artyku\u0142u pod materia\u0142em wideo<\/p>\n<p> Jak\u0105 zup\u0119 ulubion\u0105 ma Maciej Kurzajewski? <\/p>\n<p> Jak zareagowa\u0142a Katarzyna Cichopek na wspomnienie o mamie Macieja? <\/p>\n<p> Co najwa\u017cniejszego wydarzy\u0142o si\u0119 w tym roku dla Kurzajewskich? <\/p>\n<p> Jakie desery przygotowuj\u0105 Kurzajewscy na \u015bwi\u0119ta? <\/p>\n<p>  Maciej Kurzajewski wspomnia\u0142 o mamie. Reakcja Katarzyny Cichopek m\u00f3wi wszystko<\/p>\n<p class=\"ods-c-paragraph \">Tym razem prowadz\u0105cy &#8222;Halo tu Polsat&#8221; odpowiedzieli na kilka pyta\u0144 zwi\u0105zanych z Bo\u017cym Narodzeniem i mijaj\u0105cym rokiem. Jeden z temat\u00f3w wywo\u0142a\u0142 salwy \u015bmiechu u ma\u0142\u017conk\u00f3w \u2014 chodzi\u0142o o pytanie o ulubion\u0105 \u015bwi\u0105teczn\u0105 zup\u0119 oraz\u2026 mam\u0119 Macieja Kurzajewskiego.<\/p>\n<p class=\"ods-c-paragraph \">&#8222;Uwielbiam grzybow\u0105. To moja ulubiona ze \u015bwi\u0105tecznych zup&#8221; \u2014 powiedzia\u0142a Cichopek.<\/p>\n<blockquote class=\"ods-o-quota\">\n<p class=\"ods-o-quota__paragraph\">Moja mama robi zup\u0119 rybn\u0105. Ja uwielbiam grzybow\u0105<\/p>\n<\/blockquote>\n<p class=\"ods-c-paragraph \">\u2014 stwierdzi\u0142 popularny prezenter.<\/p>\n<p class=\"ods-c-paragraph \">Aktorka wymownie zareagowa\u0142a, wybuchaj\u0105c \u015bmiechem. &#8222;To by\u0142a w sumie prawid\u0142owa odpowied\u017a, bo \u017cona siedzi obok&#8221; \u2014 doda\u0142a.<\/p>\n<blockquote class=\"ods-o-quota\">\n<p class=\"ods-o-quota__paragraph\">Moja mama robi \u015bwietn\u0105 grzybow\u0105<\/p>\n<\/blockquote>\n<p class=\"ods-c-paragraph \">\u2014 kontynuowa\u0142 Kurzajewski. &#8222;Dlatego podamy barszcz&#8221; \u2014 zako\u0144czy\u0142a Cichopek. Na koniec zgodnie przyznali, \u017ce najwi\u0119kszym osi\u0105gni\u0119ciem tego roku by\u0142 ich \u015blub, pokazuj\u0105c obr\u0105czki na palcach.<\/p>\n<p><img decoding=\"async\" src=\"https:\/\/www.europesays.com\/pl\/wp-content\/uploads\/2025\/12\/iEpk9lBaHR0cHM6Ly9vY2RuLmV1L3B1bHNjbXMvTURBXy9hMjU3ODNkMDBjMWMzZGI2Yjg4NDE5MDNlOTZjMTRiMy5qcGeRlQLNA.jpeg\" height=\"529\" width=\"940\" alt=\"Maciej Kurzajewski, Katarzyna Cichopek\" loading=\"lazy\" class=\"ods-c-image__img ods-c-image__img--vertical\"\/><\/p>\n<p>Maciej Kurzajewski, Katarzyna Cichopekmwmedia \/ MW Media<\/p>\n<p class=\"ods-c-paragraph \">Dzi\u0119kujemy, \u017ce przeczyta\u0142a\u015b\/e\u015b nasz artyku\u0142 do ko\u0144ca. W serwisie Plejada.pl ka\u017cdego dnia piszemy o najwa\u017cniejszych wydarzeniach show-biznesowych. B\u0105d\u017a na bie\u017c\u0105co! <a rel=\"nofollow noopener\" href=\"https:\/\/news.google.com\/publications\/CAAiEF0PeAlb7W1llpV_mwV2rL4qFAgKIhBdD3gJW-1tZZaVf5sFdqy-?hl=pl&amp;gl=PL&amp;ceid=PL%3Apl\" id=\"d8c1ec0d-eb34-4bab-988d-2fabc3cae996\" target=\"_blank\">Obserwuj<\/a> Plejad\u0119 w Google. Odwied\u017a nas tak\u017ce na <a rel=\"nofollow noopener\" href=\"https:\/\/www.facebook.com\/plejadapl\" id=\"1e8ec0ab-e03a-42f2-8f20-f805c4e67bfe\" target=\"_blank\">Facebooku<\/a>, <a rel=\"nofollow noopener\" href=\"https:\/\/www.instagram.com\/plejadapl\/\" id=\"f27d61e9-aaf0-4552-9f30-a6a4202c9138\" target=\"_blank\">Instagramie<\/a>, <a rel=\"nofollow noopener\" href=\"https:\/\/www.youtube.com\/c\/plejada\" id=\"654f5502-abcc-421d-8120-4029c472b1f8\" target=\"_blank\">YouTubie<\/a> oraz <a rel=\"nofollow noopener\" href=\"https:\/\/www.tiktok.com\/@plejada_pl\" id=\"8a524c02-4dbb-4f22-a3df-3196b2145bbc\" target=\"_blank\">TikToku<\/a>.<\/p>\n<p class=\"ods-c-paragraph \">Chcesz podzieli\u0107 si\u0119 ciekawym newsem lub zaproponowa\u0107 temat? Skontaktuj si\u0119 z nami, pisz\u0105c maila na adres: plejada@redakcjaonet.pl.<\/p>\n<p><script async src=\"\/\/www.instagram.com\/embed.js\"><\/script><script async src=\"\/\/www.tiktok.com\/embed.js\"><\/script><\/p>\n","protected":false},"excerpt":{"rendered":"Maciej Kurzajewski i Katarzyna Cichopek maj\u0105 za sob\u0105 miesi\u0105ce pe\u0142ne emocji. Jedna z najbardziej rozchwytywanych par polskiego show-biznesu&hellip;\n","protected":false},"author":2,"featured_media":168333,"comment_status":"","ping_status":"","sticky":false,"template":"","format":"standard","meta":{"footnotes":""},"categories":[22],"tags":[23150,122,5649,5650,48,125,46,42,38,40,39,41,123,47],"class_list":{"0":"post-168332","1":"post","2":"type-post","3":"status-publish","4":"format-standard","5":"has-post-thumbnail","7":"category-rozrywka","8":"tag-boze_narodzenie_wigilia","9":"tag-entertainment","10":"tag-katarzyna_cichopek","11":"tag-maciej_kurzajewski","12":"tag-nat_styl","13":"tag-newsy","14":"tag-omp","15":"tag-pl","16":"tag-poland","17":"tag-polish","18":"tag-polska","19":"tag-polski","20":"tag-rozrywka","21":"tag-screening_general"},"share_on_mastodon":{"url":"https:\/\/pubeurope.com\/@pl\/115773628300704042","error":""},"_links":{"self":[{"href":"https:\/\/www.europesays.com\/pl\/wp-json\/wp\/v2\/posts\/168332","targetHints":{"allow":["GET"]}}],"collection":[{"href":"https:\/\/www.europesays.com\/pl\/wp-json\/wp\/v2\/posts"}],"about":[{"href":"https:\/\/www.europesays.com\/pl\/wp-json\/wp\/v2\/types\/post"}],"author":[{"embeddable":true,"href":"https:\/\/www.europesays.com\/pl\/wp-json\/wp\/v2\/users\/2"}],"replies":[{"embeddable":true,"href":"https:\/\/www.europesays.com\/pl\/wp-json\/wp\/v2\/comments?post=168332"}],"version-history":[{"count":0,"href":"https:\/\/www.europesays.com\/pl\/wp-json\/wp\/v2\/posts\/168332\/revisions"}],"wp:featuredmedia":[{"embeddable":true,"href":"https:\/\/www.europesays.com\/pl\/wp-json\/wp\/v2\/media\/168333"}],"wp:attachment":[{"href":"https:\/\/www.europesays.com\/pl\/wp-json\/wp\/v2\/media?parent=168332"}],"wp:term":[{"taxonomy":"category","embeddable":true,"href":"https:\/\/www.europesays.com\/pl\/wp-json\/wp\/v2\/categories?post=168332"},{"taxonomy":"post_tag","embeddable":true,"href":"https:\/\/www.europesays.com\/pl\/wp-json\/wp\/v2\/tags?post=168332"}],"curies":[{"name":"wp","href":"https:\/\/api.w.org\/{rel}","templated":true}]}}