{"id":168354,"date":"2025-12-24T08:49:08","date_gmt":"2025-12-24T08:49:08","guid":{"rendered":"https:\/\/www.europesays.com\/pl\/168354\/"},"modified":"2025-12-24T08:49:08","modified_gmt":"2025-12-24T08:49:08","slug":"marcin-gortat-wie-co-zrobi-w-przypadku-ataku-na-polske-i-ma-smutny-wniosek-przeglad-sportowy-onet","status":"publish","type":"post","link":"https:\/\/www.europesays.com\/pl\/168354\/","title":{"rendered":"Marcin Gortat wie, co zrobi w przypadku ataku na Polsk\u0119. I ma smutny wniosek &#8211; Przegl\u0105d Sportowy Onet"},"content":{"rendered":"<ol>\n<li><a href=\"https:\/\/news.google.com\/rss\/articles\/CBMixAFBVV95cUxOLUc0QTlwTDRwWWVMQzhHOEVSTlNrajJzVGltY29zaHgyZmduMWNtZWR3d3hEYUgtU1hFYlRlVGw4Rk92UXcwSVJVS1p2MXpfWHIwNmszQnVxbFFEV1o2a0dDNVNmWTItRGRUY3QwZFhSLUttQ1hLOE52TDNMV1dsVlNJMkp0VThrd08zcnZnWFp5RnkwdVAta21zUkhONENEWXY0TjVqNnNsREVJWUFaaUVvYUZWRDNnWUpKRmRDbkxSMXFN?oc=5\" target=\"_blank\" rel=\"nofollow noopener\">Marcin Gortat wie, co zrobi w przypadku ataku na Polsk\u0119. I ma smutny wniosek<\/a>&nbsp;&nbsp;Przegl\u0105d Sportowy Onet<\/li>\n<li><a href=\"https:\/\/news.google.com\/rss\/articles\/CBMivwFBVV95cUxNVGE3V2xjaHhjU1JxVXhqUnNTMEpMSmREdkVVUHRRNUVmU0M0Wnp1TWo5X0EweThFRlloMTE0TG1HVzYxaHdtWWwxQ2UzSm5temV2UDdMYmxNaWJISUFQY2s4UzJRWElEZ1ZHY0ZHWmdSdFhpWnZpa1hkRUcxRm9PMmZoYW5aU2R1YjdVMENGRzBYRWpnalBJa2VsM3BDa3lWSWdPWTdhNEtCU0tsYnNuYnp3c185TWJxX2Y1UnVldw?oc=5\" target=\"_blank\" rel=\"nofollow noopener\">Marcin Gortat us\u0142ysza\u0142 pytanie o konflikt z gwiazd\u0105. Oto jak zareagowa\u0142<\/a>&nbsp;&nbsp;Przegl\u0105d Sportowy Onet<\/li>\n<li><a href=\"https:\/\/news.google.com\/rss\/articles\/CBMijwFBVV95cUxOMEVhY1BYLXMwZXBKZ3NoWjVjMEc4dzZUNmMxNjZwZTV5TmVjX0RFdEhmZmhKd3lQdXJwcXEyb0lrZUcySmhSaDU4TE13X1lxc2dTRHAzZWRfYXFmZ09sTDlKYkdaVDJqbWhpdUx6dUlRZGFQTDd6SVRySjhJQVJMZ2J2N2dJSno1VS02TXFDUQ?oc=5\" target=\"_blank\" rel=\"nofollow noopener\">Gortat nie chce wraca\u0107 do USA. Oto pow\u00f3d<\/a>&nbsp;&nbsp;SportoweFakty<\/li>\n<li><a href=\"https:\/\/news.google.com\/rss\/articles\/CBMiugFBVV95cUxOQTJVZEstMDhvV0RKOU5Ebkg5Z3c5MnMxNVRoVjRNZVI0SHRySmRpYVhLWVdDaUpmSzJOX2pRMzd0RzFza3JiS2R2SjlhTmlBT09CUkVvbUdObkt5dlBoRzljQXVRYXJKMHEwQUdtVVJaVmdBVkRCZFllcVFZQW1JZmw1d3R0M3RRbmc5T0YzbXpncFdxYWNFN185QnFCZnhUSXFBbXVEYnpSMzhlOUI2WUsyRDh3Tk9BaEE?oc=5\" target=\"_blank\" rel=\"nofollow noopener\">Gortat bezlitosny dla Trumpa. Naprawd\u0119 powiedzia\u0142 to o USA, jednak koniec<\/a>&nbsp;&nbsp;Sport w INTERIA.PL<\/li>\n<li><a href=\"https:\/\/news.google.com\/rss\/articles\/CBMitgFBVV95cUxPb3NSZExsdDcweG11QjNmY09rbWpLWHdibmxMdVRXTHhmY1ZWU1luSG1ITWJSTWs0ZUExZE9WTXltNnRUajBMZTFGOEx4Wkp1ZEZFVmxSeWNKNHdnU1FiWkVFOHJ2eG94c0Itekt6Vld2R2xFTnkxajNLYXdYajNsRHh5MU9MMGVrOTNIamlBN1pWVzVQaTBlLWlUaHlkVmVGWV9VbGJ2bU5MMzVBcG5xeDhfNFU4dw?oc=5\" target=\"_blank\" rel=\"nofollow noopener\">Gortat por\u00f3wna\u0142 Polsk\u0119 z USA. &#8222;Pot\u0119\u017cna r\u00f3\u017cnica&#8221;<\/a>&nbsp;&nbsp;Sport.pl<\/li>\n<\/ol>\n","protected":false},"excerpt":{"rendered":"Marcin Gortat wie, co zrobi w przypadku ataku na Polsk\u0119. I ma smutny wniosek&nbsp;&nbsp;Przegl\u0105d Sportowy Onet Marcin Gortat&hellip;\n","protected":false},"author":2,"featured_media":168355,"comment_status":"","ping_status":"","sticky":false,"template":"","format":"standard","meta":{"footnotes":""},"categories":[24],"tags":[67,2449,6883,549,42,38,40,39,41,136,128,47,127,126,4329],"class_list":{"0":"post-168354","1":"post","2":"type-post","3":"status-publish","4":"format-standard","5":"has-post-thumbnail","7":"category-sport","8":"tag-intextvideo_splayer","9":"tag-koszykowka","10":"tag-marcin_gortat","11":"tag-pber","12":"tag-pl","13":"tag-poland","14":"tag-polish","15":"tag-polska","16":"tag-polski","17":"tag-ps_detal_new","18":"tag-psv2","19":"tag-screening_general","20":"tag-sport","21":"tag-sports","22":"tag-wiadomosci_politics__news"},"share_on_mastodon":{"url":"https:\/\/pubeurope.com\/@pl\/115773686918797113","error":""},"_links":{"self":[{"href":"https:\/\/www.europesays.com\/pl\/wp-json\/wp\/v2\/posts\/168354","targetHints":{"allow":["GET"]}}],"collection":[{"href":"https:\/\/www.europesays.com\/pl\/wp-json\/wp\/v2\/posts"}],"about":[{"href":"https:\/\/www.europesays.com\/pl\/wp-json\/wp\/v2\/types\/post"}],"author":[{"embeddable":true,"href":"https:\/\/www.europesays.com\/pl\/wp-json\/wp\/v2\/users\/2"}],"replies":[{"embeddable":true,"href":"https:\/\/www.europesays.com\/pl\/wp-json\/wp\/v2\/comments?post=168354"}],"version-history":[{"count":0,"href":"https:\/\/www.europesays.com\/pl\/wp-json\/wp\/v2\/posts\/168354\/revisions"}],"wp:featuredmedia":[{"embeddable":true,"href":"https:\/\/www.europesays.com\/pl\/wp-json\/wp\/v2\/media\/168355"}],"wp:attachment":[{"href":"https:\/\/www.europesays.com\/pl\/wp-json\/wp\/v2\/media?parent=168354"}],"wp:term":[{"taxonomy":"category","embeddable":true,"href":"https:\/\/www.europesays.com\/pl\/wp-json\/wp\/v2\/categories?post=168354"},{"taxonomy":"post_tag","embeddable":true,"href":"https:\/\/www.europesays.com\/pl\/wp-json\/wp\/v2\/tags?post=168354"}],"curies":[{"name":"wp","href":"https:\/\/api.w.org\/{rel}","templated":true}]}}