{"id":168361,"date":"2025-12-24T08:53:12","date_gmt":"2025-12-24T08:53:12","guid":{"rendered":"https:\/\/www.europesays.com\/pl\/168361\/"},"modified":"2025-12-24T08:53:12","modified_gmt":"2025-12-24T08:53:12","slug":"rzym-pod-specjalnym-nadzorem-nadzwyczajne-srodki-bezpieczenstwa-na-swieta","status":"publish","type":"post","link":"https:\/\/www.europesays.com\/pl\/168361\/","title":{"rendered":"Rzym pod specjalnym nadzorem! Nadzwyczajne \u015brodki bezpiecze\u0144stwa na \u015bwi\u0119ta"},"content":{"rendered":"<p>W Rzymie wprowadzono nadzwyczajne \u015brodki bezpiecze\u0144stwa w zwi\u0105zku z obchodami \u015awi\u0105t Bo\u017cego Narodzenia oraz obecno\u015bci\u0105 kilkuset tysi\u0119cy turyst\u00f3w i pielgrzym\u00f3w. W\u0142adze miasta i s\u0142u\u017cby porz\u0105dkowe s\u0105 w pe\u0142nej gotowo\u015bci, aby zapewni\u0107 bezpiecze\u0144stwo zar\u00f3wno mieszka\u0144com, jak i przyby\u0142ym z ca\u0142ego \u015bwiata wiernym.<\/p>\n<p>                         &#13;<br \/>\n        &#13;<\/p>\n<p>                                        &#13;<br \/>\n                        &#13;<br \/>\n                            <img decoding=\"async\" src=\"https:\/\/www.europesays.com\/pl\/wp-content\/uploads\/2025\/12\/000M49IRT1L0878J-C123-F4.jpg\" title=\"Nadzwyczajne \u015brodki bezpiecze\u0144stwa w Rzymie w zwi\u0105zku ze \u015bwi\u0119tami\" alt=\"\/Shutterstock\" class=\"img-responsive\"\/>&#13;<\/p>\n<p>                            &#13;<\/p>\n<p>      &#13;<br \/>\n                            &#13;<br \/>\n                                    \/Shutterstock  &#13;\n                                    <\/p>\n<p>&#13;<\/p>\n<ul class=\"bullet\">\n<li>Najnowsze informacje z\u00a0kraju i\u00a0ze \u015bwiata na\u00a0<a href=\"https:\/\/www.rmf24.pl\/\" rel=\"nofollow noopener\" target=\"_blank\">rmf24.pl<\/a>.<\/li>\n<\/ul>\n<p>Najwi\u0119cej patroli i kontroli ma miejsce na stacjach kolejowych, w metrze oraz w rejonie Watykanu i papieskich bazylik. To w\u0142a\u015bnie tam gromadz\u0105 si\u0119 t\u0142umy, kt\u00f3re chc\u0105 zobaczy\u0107 tradycyjn\u0105 szopk\u0119 i choink\u0119 na placu \u015awi\u0119tego Piotra.\u00a0<\/p>\n<p>W\u0142adze spodziewaj\u0105 si\u0119, \u017ce nie wszyscy ch\u0119tni zmieszcz\u0105 si\u0119 w bazylice watyka\u0144skiej podczas pasterki w Wigili\u0119, kt\u00f3r\u0105 papie\u017c Leon XIV odprawi o godzinie 22:00.<\/p>\n<p>W Bo\u017ce Narodzenie, w po\u0142udnie dziesi\u0105tki tysi\u0119cy os\u00f3b oczekiwane s\u0105 na placu \u015awi\u0119tego Piotra, gdzie papie\u017c wyg\u0142osi \u015bwi\u0105teczne or\u0119dzie i udzieli b\u0142ogos\u0142awie\u0144stwa Urbi et Orbi.\u00a0<\/p>\n<p>S\u0142u\u017cby porz\u0105dkowe koncentruj\u0105 si\u0119 r\u00f3wnie\u017c na ochronie innych wa\u017cnych obiekt\u00f3w sakralnych, takich jak bazylika Matki Bo\u017cej Wi\u0119kszej, \u015awi\u0119tego Paw\u0142a za Murami oraz \u015awi\u0119tego Jana na Lateranie. W ostatnich dniach Roku \u015awi\u0119tego tysi\u0105ce wiernych przechodz\u0105 przez Drzwi \u015awi\u0119te i uczestnicz\u0105 w ceremoniach ich zamkni\u0119cia.<\/p>\n<p>W ca\u0142ym Rzymie, zw\u0142aszcza w pobli\u017cu najwi\u0119kszych atrakcji turystycznych, dworca Termini, lotnisk oraz \u015bwi\u0105tecznych targ\u00f3w, w tym s\u0142ynnego na Piazza Navona, wprowadzono dodatkowe \u015brodki bezpiecze\u0144stwa.<\/p>\n<p>W wielu miejscach ustawiono bariery uniemo\u017cliwiaj\u0105ce wjazd samochod\u00f3w, a kontrole prowadzone s\u0105 r\u00f3wnie\u017c przy u\u017cyciu wykrywaczy metali.<\/p>\n<p>Podwy\u017cszony stan czujno\u015bci obowi\u0105zuje tak\u017ce na terenie historycznego rzymskiego getta oraz w innych newralgicznych punktach miasta. W\u0142adze apeluj\u0105 do mieszka\u0144c\u00f3w i turyst\u00f3w o zachowanie ostro\u017cno\u015bci i stosowanie si\u0119 do polece\u0144 s\u0142u\u017cb.<\/p>\n","protected":false},"excerpt":{"rendered":"W Rzymie wprowadzono nadzwyczajne \u015brodki bezpiecze\u0144stwa w zwi\u0105zku z obchodami \u015awi\u0105t Bo\u017cego Narodzenia oraz obecno\u015bci\u0105 kilkuset tysi\u0119cy turyst\u00f3w&hellip;\n","protected":false},"author":2,"featured_media":168362,"comment_status":"","ping_status":"","sticky":false,"template":"","format":"standard","meta":{"footnotes":""},"categories":[14],"tags":[32,33,27,34,35,28,31,25,40,41,80,29,30,26,82,83,84],"class_list":{"0":"post-168361","1":"post","2":"type-post","3":"status-publish","4":"format-standard","5":"has-post-thumbnail","7":"category-swiat","8":"tag-breaking-news","9":"tag-breakingnews","10":"tag-headlines","11":"tag-latest-news","12":"tag-latestnews","13":"tag-naglowki","14":"tag-najwazniejsze-artykuly","15":"tag-news","16":"tag-polish","17":"tag-polski","18":"tag-swiat","19":"tag-top-stories","20":"tag-topstories","21":"tag-wiadomosci","22":"tag-world","23":"tag-world-news","24":"tag-worldnews"},"share_on_mastodon":{"url":"https:\/\/pubeurope.com\/@pl\/115773702374165751","error":""},"_links":{"self":[{"href":"https:\/\/www.europesays.com\/pl\/wp-json\/wp\/v2\/posts\/168361","targetHints":{"allow":["GET"]}}],"collection":[{"href":"https:\/\/www.europesays.com\/pl\/wp-json\/wp\/v2\/posts"}],"about":[{"href":"https:\/\/www.europesays.com\/pl\/wp-json\/wp\/v2\/types\/post"}],"author":[{"embeddable":true,"href":"https:\/\/www.europesays.com\/pl\/wp-json\/wp\/v2\/users\/2"}],"replies":[{"embeddable":true,"href":"https:\/\/www.europesays.com\/pl\/wp-json\/wp\/v2\/comments?post=168361"}],"version-history":[{"count":0,"href":"https:\/\/www.europesays.com\/pl\/wp-json\/wp\/v2\/posts\/168361\/revisions"}],"wp:featuredmedia":[{"embeddable":true,"href":"https:\/\/www.europesays.com\/pl\/wp-json\/wp\/v2\/media\/168362"}],"wp:attachment":[{"href":"https:\/\/www.europesays.com\/pl\/wp-json\/wp\/v2\/media?parent=168361"}],"wp:term":[{"taxonomy":"category","embeddable":true,"href":"https:\/\/www.europesays.com\/pl\/wp-json\/wp\/v2\/categories?post=168361"},{"taxonomy":"post_tag","embeddable":true,"href":"https:\/\/www.europesays.com\/pl\/wp-json\/wp\/v2\/tags?post=168361"}],"curies":[{"name":"wp","href":"https:\/\/api.w.org\/{rel}","templated":true}]}}