{"id":168363,"date":"2025-12-24T08:55:15","date_gmt":"2025-12-24T08:55:15","guid":{"rendered":"https:\/\/www.europesays.com\/pl\/168363\/"},"modified":"2025-12-24T08:55:15","modified_gmt":"2025-12-24T08:55:15","slug":"czechowice-dziedzice-kopalnia-silesia-trwa-strajk-gornikow-maja-jasne-zadania","status":"publish","type":"post","link":"https:\/\/www.europesays.com\/pl\/168363\/","title":{"rendered":"Czechowice-Dziedzice, kopalnia Silesia. Trwa strajk g\u00f3rnik\u00f3w, maj\u0105 jasne \u017c\u0105dania"},"content":{"rendered":"<p>G\u00f3rnicy z Przedsi\u0119biorstwa G\u00f3rniczego Silesia domagaj\u0105 si\u0119 m.in. zaniechania masowych zwolnie\u0144 oraz przewidzianych w ustawie os\u0142on socjalnych, kt\u00f3re nie obj\u0119\u0142y pracownik\u00f3w tego zak\u0142adu z Czechowic-Dziedzic. Protestuj\u0105cy zapowiadaj\u0105, \u017ce b\u0119d\u0105 stawia\u0107 op\u00f3r dop\u00f3ki ich postulaty nie zostan\u0105 zrealizowane. Zgodnie z zapowiedzi\u0105 w\u0142adz kopalni w styczniu prac\u0119 w Silesii mo\u017ce straci\u0107 ponad 800 os\u00f3b.\u00a0<\/p>\n<p>Kopalnia Silesia. Kolejna doba protestu. &#8222;Z\u0142e traktowanie nas, pracownik\u00f3w&#8221;<\/p>\n<p>W poniedzia\u0142kowy poranek po nocnej zmianie g\u00f3rnicy w ramach protestu odm\u00f3wili powrotu na powierzchni\u0119. Pod ziemi\u0105 jest obecnie oko\u0142o 20 os\u00f3b, a 15 pozosta\u0142ych g\u00f3rnik\u00f3w do\u0142\u0105czy\u0142o do strajku na powierzchni. Jak przekaza\u0142 przewodnicz\u0105cy NSZZ Solidarno\u015b\u0107 w Silesii Grzegorz Babij, &#8222;protest spowodowany jest z\u0142ym traktowaniem nas, pracownik\u00f3w, przez rz\u0105dz\u0105cych&#8221;.<\/p>\n<p>\u00a0<\/p>\n<p>ZOBACZ: Strajk w kopalni Silesia. G\u00f3rnicy nie wykluczaj\u0105 \u015bwi\u0105t pod ziemi\u0105<\/p>\n<p>\u00a0<\/p>\n<p><img decoding=\"async\" src=\"https:\/\/www.europesays.com\/pl\/wp-content\/uploads\/2025\/12\/axbq4jaxipmcgjy1kdr27kt7z64wthac.jpg\" alt=\"\" itemprop=\"contentUrl\" style=\"position:absolute; width: 100%; max-height: 100%;\"\/><video controls=\"\" controlslist=\"nodownload\" poster=\"https:\/\/www.europesays.com\/pl\/wp-content\/uploads\/2025\/12\/axbq4jaxipmcgjy1kdr27kt7z64wthac.jpg\" class=\"videoPlayer player6855988 news__video\" data-id=\"6855988\">Twoja przegl\u0105darka nie wspiera odtwarzacza wideo&#8230;<\/video><\/p>\n<p>\u00a0<\/p>\n<p>Podczas konferencji prasowej Babij powiedzia\u0142, \u017ce g\u00f3rnicy nie zostali obj\u0119ci os\u0142onami, kt\u00f3re wprowadza procedowana nowelizacja ustawy o funkcjonowaniu g\u00f3rnictwa kamiennego, przyj\u0119ta przez Sejm 4 grudnia. Na etapie prac w parlamencie wniosek pos\u0142\u00f3w opozycji &#8211; dotycz\u0105cy obj\u0119cia r\u00f3wnie\u017c tej sp\u00f3\u0142ki instrumentami os\u0142onowymi &#8211; nie uzyska\u0142 dostatecznego poparcia.<\/p>\n<p>\u00a0<\/p>\n<p>ZOBACZ: <a href=\"https:\/\/www.polsatnews.pl\/wiadomosc\/2025-12-22\/gornicy-odmowili-wyjscia-z-kopalni-w-tle-widmo-grupowych-zwolnien\/\" rel=\"nofollow noopener\" target=\"_blank\">G\u00f3rnicy odm\u00f3wili wyj\u015bcia z kopalni. W tle widmo grupowych zwolnie\u0144<\/a><\/p>\n<p>\u00a0<\/p>\n<p>Frustracj\u0119 pracownik\u00f3w pog\u0142\u0119bi\u0142y zapowiedziane przez w\u0142a\u015bciciela zwolnienia i gro\u017aba likwidacji kopalni. Trwaj\u0105cy ju\u017c drug\u0105 dob\u0119 protest ma by\u0107 wynikiem &#8222;traktowania pracownik\u00f3w Silesii w spos\u00f3b inny ni\u017c pozosta\u0142ych pracownik\u00f3w sp\u00f3\u0142ek w\u0119glowych&#8221;.<\/p>\n<p>G\u00f3rnicy z Silesii protestuj\u0105. Chc\u0105 interwencji rz\u0105du, cho\u0107 to prywatny zak\u0142ad<\/p>\n<p>Sytuacj\u0119 g\u00f3rnik\u00f3w z kopalni w Czechowicach-Dziedzicach skomentowa\u0142 m.in. minister energii Mi\u0142osz Motyka. Polityk PSL przekaza\u0142, \u017ce resort analizuje obecnie mo\u017cliwe formy wsparcia dla pracownik\u00f3w zak\u0142adu. &#8222;Rozumiemy niepok\u00f3j za\u0142ogi i lokalnych spo\u0142eczno\u015bci, dlatego analizujemy mo\u017cliwe dzia\u0142ania&#8221; &#8211; zapewni\u0142.<\/p>\n<p>\u00a0<\/p>\n<p>Jak nadmieni\u0142 Motyka, &#8222;z\u0142o\u017cono ju\u017c wniosek o umorzenie post\u0119powania sanacyjnego, a po jego rozpatrzeniu mo\u017cemy przej\u015b\u0107 do kolejnych krok\u00f3w&#8221;. Podkre\u015bli\u0142 jednocze\u015bnie w internetowym wpisie, \u017ce PG Silesia jest sp\u00f3\u0142k\u0105 prywatn\u0105 w post\u0119powaniu sanacyjnym, co nie pozwala obecnie na udzielenie pomocy publicznej jej pracownikom.<\/p>\n<p>\u00a0<\/p>\n<p>ZOBACZ: <a href=\"https:\/\/www.polsatnews.pl\/wiadomosc\/2025-12-23\/atak-maczeta-w-legionowie-podejrzewanym-jest-zolnierz\/\" rel=\"nofollow noopener\" target=\"_blank\">Atak maczet\u0105 w Legionowie. Podejrzewanym jest \u017co\u0142nierz<\/a><\/p>\n<p>\u00a0<\/p>\n<p>Mimo formalnych przeszk\u00f3d g\u00f3rnicy nadal domagaj\u0105 si\u0119 interwencji ze strony rz\u0105du. We wtorek przedstawiciele kopalni spotkali si\u0119 m.in. z wiceministrem Marianem Zmarz\u0142ym i przedstawili mu priorytety strajkowicz\u00f3w. Pracownicy sp\u00f3\u0142ki PG Silesia nie wykluczaj\u0105, \u017ce ze wzgl\u0119du na protest tegoroczne \u015bwi\u0119ta Bo\u017cego Narodzenia sp\u0119dz\u0105 pod ziemi\u0105.<\/p>\n<p>Pracownicy kopalni pod ziemi\u0105. Rozmawiali z prezydenckimi ministrami<\/p>\n<p>Opr\u00f3cz przedstawiciela Ministerstwa Energii, do protestuj\u0105cych g\u00f3rnik\u00f3w zjechali we wtorek rano r\u00f3wnie\u017c prezydenccy ministrowie &#8211; przekaza\u0142 rzecznik strajkowicz\u00f3w Kazimierz Grajcarek. Wed\u0142ug wcze\u015bniejszych informacji Kancelarii Prezydenta, do Silesii mieli uda\u0107 si\u0119 Karol Rabenda i Mateusz Kotecki.<\/p>\n<p>\u00a0<\/p>\n<p>Gdy przedstawiciele Kancelarii Prezydenta wyjad\u0105 na powierzchni\u0119, spotkaj\u0105 si\u0119 z dziennikarzami i pozosta\u0142ymi reprezentantami zwi\u0105zk\u00f3w zawodowych.\u00a0\u00a0<\/p>\n<p>\u00a0<\/p>\n<p>ZOBACZ: <a href=\"https:\/\/www.polsatnews.pl\/wiadomosc\/2025-12-23\/nakreslil-czarna-wizje-konca-wojny-w-ukrainie-bardzo-niekorzystne-warunki-dla-kijowa\/\" rel=\"nofollow noopener\" target=\"_blank\">Nakre\u015bli\u0142 czarn\u0105 wizj\u0119 ko\u0144ca wojny w Ukrainie. &#8222;Bardzo niekorzystne&#8221; warunki dla Kijowa<\/a><\/p>\n<p>\u00a0<\/p>\n<p>&#8211; Wtedy b\u0119dziemy wiedzie\u0107, ilu tam ludzi zosta\u0142o, co z tymi lud\u017ami si\u0119 dzieje. Jako zwi\u0105zki mamy problem, bo ludzie chc\u0105 protestowa\u0107, a my idziemy do nich i prosimy, \u017ceby nie protestowali, ewentualnie \u017ceby robi\u0142o to tylko cz\u0119\u015b\u0107 ludzi, bo chcemy, \u017ceby kopalnia fedrowa\u0142a &#8211; wyja\u015bnia\u0142 Grajcarek, podkre\u015blaj\u0105c spontaniczny charakter protestu.<\/p>\n<p>\u00a0<\/p>\n<p>Widzia\u0142e\u015b co\u015b wa\u017cnego? Przy\u015blij zdj\u0119cie, film lub napisz, co si\u0119 sta\u0142o. Skorzystaj z naszej <a href=\"https:\/\/www.polsatnews.pl\/platforma-widzow\/\" target=\"_blank\" rel=\"noopener noreferrer nofollow\">Wrzutni<\/a><\/p>\n<p>                <img decoding=\"async\" src=\"https:\/\/www.europesays.com\/pl\/wp-content\/uploads\/2025\/12\/qhp1ept7osqrjno77r6fdt2xrk5m17hi.jpg\" alt=\"\" itemprop=\"contentUrl\" style=\"position:absolute; width: 100%; max-height: 100%;\"\/><video controls=\"\" controlslist=\"nodownload\" poster=\"https:\/\/www.europesays.com\/pl\/wp-content\/uploads\/2025\/12\/qhp1ept7osqrjno77r6fdt2xrk5m17hi.jpg\" class=\"videoPlayer player6855958 news__video\" data-id=\"6855958\">Twoja przegl\u0105darka nie wspiera odtwarzacza wideo&#8230;<\/video><\/p>\n<p>                <a class=\"news__read-more-button\" href=\"https:\/\/www.polsatnews.pl\/\" rel=\"nofollow noopener\" target=\"_blank\">Czytaj wi\u0119cej<\/a><\/p>\n","protected":false},"excerpt":{"rendered":"G\u00f3rnicy z Przedsi\u0119biorstwa G\u00f3rniczego Silesia domagaj\u0105 si\u0119 m.in. zaniechania masowych zwolnie\u0144 oraz przewidzianych w ustawie os\u0142on socjalnych, kt\u00f3re&hellip;\n","protected":false},"author":2,"featured_media":168364,"comment_status":"","ping_status":"","sticky":false,"template":"","format":"standard","meta":{"footnotes":""},"categories":[5],"tags":[32,33,36,37,27,34,35,28,31,25,42,38,40,39,41,29,30,26],"class_list":{"0":"post-168363","1":"post","2":"type-post","3":"status-publish","4":"format-standard","5":"has-post-thumbnail","7":"category-naglowki","8":"tag-breaking-news","9":"tag-breakingnews","10":"tag-featured-news","11":"tag-featurednews","12":"tag-headlines","13":"tag-latest-news","14":"tag-latestnews","15":"tag-naglowki","16":"tag-najwazniejsze-artykuly","17":"tag-news","18":"tag-pl","19":"tag-poland","20":"tag-polish","21":"tag-polska","22":"tag-polski","23":"tag-top-stories","24":"tag-topstories","25":"tag-wiadomosci"},"share_on_mastodon":{"url":"https:\/\/pubeurope.com\/@pl\/115773710588129519","error":""},"_links":{"self":[{"href":"https:\/\/www.europesays.com\/pl\/wp-json\/wp\/v2\/posts\/168363","targetHints":{"allow":["GET"]}}],"collection":[{"href":"https:\/\/www.europesays.com\/pl\/wp-json\/wp\/v2\/posts"}],"about":[{"href":"https:\/\/www.europesays.com\/pl\/wp-json\/wp\/v2\/types\/post"}],"author":[{"embeddable":true,"href":"https:\/\/www.europesays.com\/pl\/wp-json\/wp\/v2\/users\/2"}],"replies":[{"embeddable":true,"href":"https:\/\/www.europesays.com\/pl\/wp-json\/wp\/v2\/comments?post=168363"}],"version-history":[{"count":0,"href":"https:\/\/www.europesays.com\/pl\/wp-json\/wp\/v2\/posts\/168363\/revisions"}],"wp:featuredmedia":[{"embeddable":true,"href":"https:\/\/www.europesays.com\/pl\/wp-json\/wp\/v2\/media\/168364"}],"wp:attachment":[{"href":"https:\/\/www.europesays.com\/pl\/wp-json\/wp\/v2\/media?parent=168363"}],"wp:term":[{"taxonomy":"category","embeddable":true,"href":"https:\/\/www.europesays.com\/pl\/wp-json\/wp\/v2\/categories?post=168363"},{"taxonomy":"post_tag","embeddable":true,"href":"https:\/\/www.europesays.com\/pl\/wp-json\/wp\/v2\/tags?post=168363"}],"curies":[{"name":"wp","href":"https:\/\/api.w.org\/{rel}","templated":true}]}}