{"id":168383,"date":"2025-12-24T09:07:10","date_gmt":"2025-12-24T09:07:10","guid":{"rendered":"https:\/\/www.europesays.com\/pl\/168383\/"},"modified":"2025-12-24T09:07:10","modified_gmt":"2025-12-24T09:07:10","slug":"wojna-na-ukrainie-zelenski-ujawnia-plan-pokojowy-usa-wzywa-rosje","status":"publish","type":"post","link":"https:\/\/www.europesays.com\/pl\/168383\/","title":{"rendered":"Wojna na Ukrainie. Ze\u0142enski ujawnia plan pokojowy USA. Wzywa Rosj\u0119"},"content":{"rendered":"<p class=\"typography ids-typeset-body ids-typeset-body--preset-large link paragraph ids-paragraph ids-paragraph--default\">&#8211; Linia rozmieszczenia wojsk w dniu zawarcia porozumienia jest de facto uznana za lini\u0119 kontaktow\u0105. Grupa robocza spotka si\u0119, aby ustali\u0107 rozmieszczenie si\u0142 niezb\u0119dnych do zako\u0144czenia konfliktu, a tak\u017ce okre\u015bli\u0107 parametry przysz\u0142ych specjalnych stref ekonomicznych &#8211; powiedzia\u0142 Ze\u0142enski.<\/p>\n<p class=\"typography ids-typeset-body ids-typeset-body--preset-large link paragraph ids-paragraph ids-paragraph--default\">Ukrai\u0144ski prezydent przekaza\u0142 r\u00f3wnie\u017c, \u017ce przygotowany przez negocjator\u00f3w USA i Ukrainy plan pokojowy jest obecnie analizowany przez stron\u0119 rosyjsk\u0105. &#8211; Otrzymamy odpowied\u017a Rosji po tym, jak porozmawiaj\u0105 z ni\u0105 Amerykanie &#8211; doda\u0142.<\/p>\n<p class=\"typography ids-typeset-body ids-typeset-body--preset-large link paragraph ids-paragraph ids-paragraph--default\">&#8211; Nie osi\u0105gn\u0119li\u015bmy konsensusu ze stron\u0105 ameryka\u0144sk\u0105 w sprawie terytorium obwodu donieckiego i elektrowni j\u0105drowej w Zaporo\u017cu &#8211; stwierdzi\u0142 przyw\u00f3dca Ukrainy.<\/p>\n<p class=\"typography ids-typeset-body ids-typeset-body--preset-large link paragraph ids-paragraph ids-paragraph--default\">Ze\u0142enski doda\u0142, \u017ce jest gotowy do udzia\u0142u w spotkaniu na szczeblu przyw\u00f3dc\u00f3w pa\u0144stw, podczas kt\u00f3rego wyja\u015bnione zostan\u0105 ostatnie kwestie terytorialne. Nie sprecyzowa\u0142, czy w rozmowach wzi\u0105\u0142by udzia\u0142 prezydent W\u0142adimir Putin.<\/p>\n<p>Wojna w Ukrainie. Ze\u0142enski ujawni\u0142 szczeg\u00f3\u0142y proponowanego planu pokojowego<\/p>\n<p class=\"typography ids-typeset-body ids-typeset-body--preset-large link paragraph ids-paragraph ids-paragraph--default\">&#8211; Plan zak\u0142ada, \u017ce elektrownia j\u0105drowa w Zaporo\u017cu b\u0119dzie wsp\u00f3lnie eksploatowana przez trzy kraje &#8211; Ukrain\u0119, Stany Zjednoczone i Rosj\u0119&#8230; Dla nas brzmi to nie do ko\u0144ca realistycznie &#8211; powiedzia\u0142 Ze\u0142enski.<\/p>\n<p class=\"typography ids-typeset-body ids-typeset-body--preset-large link paragraph ids-paragraph ids-paragraph--default\">Prezydent zapowiedzia\u0142 r\u00f3wnie\u017c, \u017ce Ukraina zobowi\u0105za\u0142a si\u0119 do przeprowadzenia wybor\u00f3w tak szybko, jak tylko b\u0119dzie to mo\u017cliwe po podpisaniu porozumienia. Doda\u0142 tak\u017ce, \u017ce Ukrai\u0144cy nie b\u0119d\u0105 musieli rezygnowa\u0107 z aspiracji cz\u0142onkostwa w NATO.<\/p>\n<p class=\"typography ids-typeset-body ids-typeset-body--preset-large link paragraph ids-paragraph ids-paragraph--default\">&#8211; To cz\u0142onkowie NATO musz\u0105 wybra\u0107, czy chc\u0105 mie\u0107 w swoich szeregach Ukrain\u0119. My ju\u017c zdecydowali\u015bmy. Odeszli\u015bmy od zapis\u00f3w dotycz\u0105cych zmian w konstytucji, kt\u00f3re uniemo\u017cliwi\u0142yby Ukrainie przyst\u0105pienie do NATO &#8211; wyja\u015bni\u0142.<\/p>\n<p>Plan pokojowy dla Ukrainy. Ze\u0142enski czeka na reakcj\u0119 Rosji<\/p>\n<p class=\"typography ids-typeset-body ids-typeset-body--preset-large link paragraph ids-paragraph ids-paragraph--default\">Prezydent Ze\u0142enski podkre\u015bli\u0142, \u017ce ka\u017cdy plan zak\u0142adaj\u0105cy wycofanie si\u0119 ukrai\u0144skich wojsk z jakiej\u015b cz\u0119\u015bci terytorium Ukrainy b\u0119dzie wymaga\u0142 zatwierdzenia przez parlament lub w og\u00f3lnokrajowym referendum.<\/p>\n<p class=\"typography ids-typeset-body ids-typeset-body--preset-large link paragraph ids-paragraph ids-paragraph--default\">&#8211; Na przeprowadzenie referendum potrzeba co najmniej 60 dni. Potrzebujemy te\u017c realnego zawieszenia broni na okres 60 dni. W przeciwnym razie nie b\u0119dziemy w stanie go przeprowadzi\u0107 &#8211; zaznaczy\u0142 prezydent.<\/p>\n<p class=\"typography ids-typeset-body ids-typeset-body--preset-large link paragraph ids-paragraph ids-paragraph--default\">Ze\u0142enski doda\u0142, \u017ce Ukraina mo\u017ce zdecydowa\u0107 si\u0119 na przeprowadzenie referendum jednocze\u015bnie z wyborami.<\/p>\n<p class=\"typography ids-typeset-body ids-typeset-body--preset-large link paragraph ids-paragraph ids-paragraph--default\">Ukrai\u0144ski prezydent rozmawia\u0142 z dziennikarzami we wtorek, ale wypowiedzi ze spotkania zosta\u0142y opublikowane dopiero w \u015brod\u0119.<\/p>\n<p>&#8222;Graffiti&#8221;: Czy Ziobro mo\u017ce liczy\u0107 na uczciwy proces? Wiceminister sprawiedliwo\u015bci t\u0142umaczyPolsat NewsPolsat News<\/p>\n<p>Nowacka w &#8222;Go\u015bciu Wydarze\u0144&#8221; o wecie prezydenta: Obawiam si\u0119, \u017ce nie przeczyta\u0142 ustawyPolsat News<\/p>\n<p><a class=\"ids-undecorated-link source ids-page-info--source__link\" href=\"https:\/\/www.interia.pl\" rel=\"nofollow noopener\" target=\"_blank\"><img decoding=\"async\" class=\"ids-image-holder__img\" loading=\"lazy\" alt=\"\" title=\"\" height=\"24px\" src=\"https:\/\/www.europesays.com\/pl\/wp-content\/uploads\/2025\/12\/1766553731_41_0009A60QQ5I2TYF7-C202-F4.webp.webp\"\/><\/a><\/p>\n<p>Masz sugestie, uwagi albo widzisz b\u0142\u0105d? Napisz do nas<\/p>\n","protected":false},"excerpt":{"rendered":"&#8211; Linia rozmieszczenia wojsk w dniu zawarcia porozumienia jest de facto uznana za lini\u0119 kontaktow\u0105. Grupa robocza spotka&hellip;\n","protected":false},"author":2,"featured_media":168384,"comment_status":"","ping_status":"","sticky":false,"template":"","format":"standard","meta":{"footnotes":""},"categories":[14],"tags":[32,33,27,34,35,28,31,25,40,41,80,29,30,26,82,83,84],"class_list":{"0":"post-168383","1":"post","2":"type-post","3":"status-publish","4":"format-standard","5":"has-post-thumbnail","7":"category-swiat","8":"tag-breaking-news","9":"tag-breakingnews","10":"tag-headlines","11":"tag-latest-news","12":"tag-latestnews","13":"tag-naglowki","14":"tag-najwazniejsze-artykuly","15":"tag-news","16":"tag-polish","17":"tag-polski","18":"tag-swiat","19":"tag-top-stories","20":"tag-topstories","21":"tag-wiadomosci","22":"tag-world","23":"tag-world-news","24":"tag-worldnews"},"share_on_mastodon":{"url":"https:\/\/pubeurope.com\/@pl\/115773757632342533","error":""},"_links":{"self":[{"href":"https:\/\/www.europesays.com\/pl\/wp-json\/wp\/v2\/posts\/168383","targetHints":{"allow":["GET"]}}],"collection":[{"href":"https:\/\/www.europesays.com\/pl\/wp-json\/wp\/v2\/posts"}],"about":[{"href":"https:\/\/www.europesays.com\/pl\/wp-json\/wp\/v2\/types\/post"}],"author":[{"embeddable":true,"href":"https:\/\/www.europesays.com\/pl\/wp-json\/wp\/v2\/users\/2"}],"replies":[{"embeddable":true,"href":"https:\/\/www.europesays.com\/pl\/wp-json\/wp\/v2\/comments?post=168383"}],"version-history":[{"count":0,"href":"https:\/\/www.europesays.com\/pl\/wp-json\/wp\/v2\/posts\/168383\/revisions"}],"wp:featuredmedia":[{"embeddable":true,"href":"https:\/\/www.europesays.com\/pl\/wp-json\/wp\/v2\/media\/168384"}],"wp:attachment":[{"href":"https:\/\/www.europesays.com\/pl\/wp-json\/wp\/v2\/media?parent=168383"}],"wp:term":[{"taxonomy":"category","embeddable":true,"href":"https:\/\/www.europesays.com\/pl\/wp-json\/wp\/v2\/categories?post=168383"},{"taxonomy":"post_tag","embeddable":true,"href":"https:\/\/www.europesays.com\/pl\/wp-json\/wp\/v2\/tags?post=168383"}],"curies":[{"name":"wp","href":"https:\/\/api.w.org\/{rel}","templated":true}]}}