{"id":168387,"date":"2025-12-24T09:10:09","date_gmt":"2025-12-24T09:10:09","guid":{"rendered":"https:\/\/www.europesays.com\/pl\/168387\/"},"modified":"2025-12-24T09:10:09","modified_gmt":"2025-12-24T09:10:09","slug":"venus-williams-wziela-drugi-slub-kilka-dni-imprezowania-oto-szczegoly","status":"publish","type":"post","link":"https:\/\/www.europesays.com\/pl\/168387\/","title":{"rendered":"Venus Williams wzi\u0119\u0142a drugi \u015blub. Kilka dni imprezowania! Oto szczeg\u00f3\u0142y"},"content":{"rendered":"<p class=\"Paragraph_desktopParagraph__Fd2e9\">Venus Williams i m\u0142odszy od niej o osiem lat Andrea Preti poznali si\u0119 w czerwcu 2024 r. na pokazie marki Gucci podczas Tygodnia Mody w Mediolanie i b\u0142yskawicznie mi\u0119dzy nimi zaiskrzy\u0142o. Po kilku miesi\u0105cach zwi\u0105zku aktor uzna\u0142, \u017ce pora si\u0119 o\u015bwiadczy\u0107. Para zar\u0119czy\u0142a si\u0119 31 stycznia w Toskanii. <a href=\"https:\/\/przegladsportowy.onet.pl\/ofsajd\/venus-williams-wziela-slub-w-tajemnicy-a-teraz-zaskoczyla-fanow\/ktdxpq1\" id=\"aaa3b243-6c8c-4988-a15f-2b5b6668b2f7\" rel=\"nofollow noopener\" target=\"_blank\">18 wrze\u015bnia para wzi\u0119\u0142a \u015blub na wolskiej wyspie Ischia<\/a>.<\/p>\n<p class=\"VideoPlayerText_videoPlayerText__zrtJk\">Dalszy ci\u0105g materia\u0142u pod wideo<\/p>\n<p class=\"Paragraph_desktopParagraph__Fd2e9\">&#8222;Marzyli\u015bmy o \u015blubie we W\u0142oszech. Ale nie mieli\u015bmy wystarczaj\u0105co du\u017co czasu na za\u0142atwienie formalno\u015bci \u2014 poniewa\u017c jestem obcokrajowcem, mo\u017ce to zaj\u0105\u0107 oko\u0142o o\u015bmiu miesi\u0119cy. Dlatego postanowili\u015bmy zorganizowa\u0107 drugi \u015blub&#8221; \u2014 wyja\u015bni\u0142a na \u0142amach &#8222;Vogue&#8217;a&#8221; legenda tenisa.<\/p>\n<p>Venus Willims wzi\u0119\u0142a drugi \u015blub z aktorem<\/p>\n<p class=\"Paragraph_desktopParagraph__Fd2e9\">Teraz Venus Williams i Andrea Preti zorganizowali kilkudniowe \u015bwi\u0119towanie w Palm Beach. Wszystkim zaj\u0119\u0142a si\u0119 wedding plannerka, kt\u00f3ra odpowiada\u0142a r\u00f3wnie\u017c za \u015blub Sereny Williams i Alexisa Ohaniana.<\/p>\n<p class=\"Paragraph_desktopParagraph__Fd2e9\">Jak czytamy na stronie internetowej wspomnianego magazynu, wszystko rozpocz\u0119\u0142o si\u0119 ju\u017c w poniedzia\u0142ek 15 grudnia. &#8222;Serena podarowa\u0142a nam pi\u0119kny jacht i zorganizowa\u0142a jedzenie [&#8230;]. Na \u0142odzi by\u0142o 10\u201312 najbli\u017cszych cz\u0142onk\u00f3w rodziny i przyjaci\u00f3\u0142. \u015apiewali\u015bmy, ta\u0144czyli\u015bmy, plotkowali\u015bmy i po prostu cieszyli\u015bmy si\u0119 sob\u0105&#8221; \u2014 opowiada\u0142a Venus Williams.<\/p>\n<p class=\"Paragraph_desktopParagraph__Fd2e9\">Przez kolejne dni para m\u0142oda organizowa\u0142a imprezy w domu przy basenie. We wtorek mia\u0142 miejsce wiecz\u00f3r panie\u0144ski tenisistki. W \u015brod\u0119 zakochani wraz z 35 innymi osobami udali si\u0119 do Miami na w\u0142osk\u0105 kolacj\u0119, a w czwartek zorganizowali dzie\u0144 sportu. Go\u015bcie rywalizowali w kilku dyscyplinach i \u015bwietnie si\u0119 przy tym bawili. W pi\u0105tek Venus Williams i Andrea Preti wzi\u0119li \u015blub cywilny w urz\u0119dzie. &#8222;Dla mnie ta ceremonia by\u0142a wyj\u0105tkowa, pe\u0142na emocji i g\u0142\u0119boka. To by\u0142 drugi najwspanialszy dzie\u0144 w moim \u017cyciu&#8221; \u2014 m\u00f3wi\u0142 aktor. Po kr\u00f3tkiej ceremonii Amerykanka przebra\u0142a si\u0119, by po wyj\u015bciu z budynku nie przykuwa\u0107 uwagi.<\/p>\n<p>Andrea Preti zachwyca si\u0119 ukochan\u0105. &#8222;Wygl\u0105da\u0142a jak bogini&#8221;<\/p>\n<p class=\"Paragraph_desktopParagraph__Fd2e9\">W sobot\u0119 przyszed\u0142 czas na \u015blub w ogrodzie. &#8222;Za\u0142o\u017cy\u0142am niesamowit\u0105 sukni\u0119 od Georgesa Hobeiki. Chcia\u0142am mie\u0107 kreacj\u0119, kt\u00f3ra spodoba\u0142aby si\u0119 Andrei i kt\u00f3ra by\u0142aby magiczna i idealna na \u015blub na Florydzie&#8221; \u2014 opowiada\u0142a gwiazda na \u0142amach &#8222;Vogue&#8217;a&#8221;.<\/p>\n<p class=\"Paragraph_desktopParagraph__Fd2e9\">&#8222;Kiedy zobaczy\u0142em Venus, by\u0142a pi\u0119kna, jak bogini&#8221; \u2014 opowiada\u0142 Andrea Preti, wspominaj\u0105c, \u017ce jego ukochana posz\u0142a do \u015blubu przy d\u017awi\u0119kach piosenki, kt\u00f3ra przypomina\u0142a mu jego zmar\u0142\u0105 babci\u0119. Aktor nie by\u0142 w stanie powstrzyma\u0107 \u0142ez wzruszenia.<\/p>\n<p class=\"Paragraph_desktopParagraph__Fd2e9\">Para stworzy\u0142a w\u0142asne przysi\u0119gi ma\u0142\u017ce\u0144skie. P\u00f3\u017aniej odby\u0142o si\u0119 przyj\u0119cie, a potem go\u015bcie pojechali na afterparty do restauracji Sophia&#8217;s Hobe Sound.<\/p>\n<p class=\"Paragraph_desktopParagraph__Fd2e9\">W sieci pojawi\u0142o si\u0119 mn\u00f3stwo zdj\u0119\u0107 z tego wa\u017cnego dla Venus Williams i jej m\u0119\u017ca wydarzenia.<\/p>\n<p>Wzruszaj\u0105ce s\u0142owa Sereny Williams. Zwr\u00f3ci\u0142a si\u0119 do siostry<\/p>\n<p class=\"Paragraph_desktopParagraph__Fd2e9\">Pi\u0119kny wpis opublikowa\u0142a r\u00f3wnie\u017c Serena Williams. <\/p>\n<p class=\"Paragraph_desktopParagraph__Fd2e9\">&#8222;Venus, od czego mam zacz\u0105\u0107? Od kort\u00f3w w ogrodzie po najwi\u0119ksze sceny \u015bwiata, zawsze prowadzi\u0142a\u015b z gracj\u0105, si\u0142\u0105 i sercem wi\u0119kszym ni\u017c jakiekolwiek trofeum. Obserwowanie, jak wkraczasz w kolejny rozdzia\u0142 swojego \u017cycia otoczona mi\u0142o\u015bci\u0105, by\u0142o jak ogl\u0105danie wschodu s\u0142o\u0144ca&#8230; stabilnego, pot\u0119\u017cnego i pe\u0142nego obietnic. By\u0142a\u015b moj\u0105 najlepsz\u0105 przyjaci\u00f3\u0142k\u0105, moj\u0105 opiekunk\u0105, moj\u0105 nauczycielk\u0105 i przypomnieniem, by zawsze pod\u0105\u017ca\u0107 za swoim celem. Widzie\u0107 ci\u0119 tak szcz\u0119\u015bliw\u0105, tak kochan\u0105, tak promienn\u0105&#8230; to dla mnie wszystko. Mi\u0142o\u015b\u0107, partnerstwo, \u015bmiech i ca\u0142e \u017cycie, w kt\u00f3rym ka\u017cdego dnia wybieramy siebie nawzajem. Nie mog\u0142abym by\u0107 bardziej dumna, stoj\u0105c u twojego boku, nie tylko dzisiaj, ale zawsze&#8221; \u2014 zwr\u00f3ci\u0142a si\u0119 do starszej siostry legenda tenisa.<\/p>\n","protected":false},"excerpt":{"rendered":"Venus Williams i m\u0142odszy od niej o osiem lat Andrea Preti poznali si\u0119 w czerwcu 2024 r. na&hellip;\n","protected":false},"author":2,"featured_media":168388,"comment_status":"","ping_status":"","sticky":false,"template":"","format":"standard","meta":{"footnotes":""},"categories":[24],"tags":[33182,67,129,42,38,40,39,41,136,128,47,5098,127,126,655,156,1243,130],"class_list":{"0":"post-168387","1":"post","2":"type-post","3":"status-publish","4":"format-standard","5":"has-post-thumbnail","7":"category-sport","8":"tag-andrea_preti","9":"tag-intextvideo_splayer","10":"tag-ofsajd","11":"tag-pl","12":"tag-poland","13":"tag-polish","14":"tag-polska","15":"tag-polski","16":"tag-ps_detal_new","17":"tag-psv2","18":"tag-screening_general","19":"tag-serena_williams","20":"tag-sport","21":"tag-sports","22":"tag-styl_zycia_lifestyle_","23":"tag-tenis","24":"tag-venus_williams","25":"tag-wiadomosci_sportowe"},"share_on_mastodon":{"url":"https:\/\/pubeurope.com\/@pl\/115773769526924772","error":""},"_links":{"self":[{"href":"https:\/\/www.europesays.com\/pl\/wp-json\/wp\/v2\/posts\/168387","targetHints":{"allow":["GET"]}}],"collection":[{"href":"https:\/\/www.europesays.com\/pl\/wp-json\/wp\/v2\/posts"}],"about":[{"href":"https:\/\/www.europesays.com\/pl\/wp-json\/wp\/v2\/types\/post"}],"author":[{"embeddable":true,"href":"https:\/\/www.europesays.com\/pl\/wp-json\/wp\/v2\/users\/2"}],"replies":[{"embeddable":true,"href":"https:\/\/www.europesays.com\/pl\/wp-json\/wp\/v2\/comments?post=168387"}],"version-history":[{"count":0,"href":"https:\/\/www.europesays.com\/pl\/wp-json\/wp\/v2\/posts\/168387\/revisions"}],"wp:featuredmedia":[{"embeddable":true,"href":"https:\/\/www.europesays.com\/pl\/wp-json\/wp\/v2\/media\/168388"}],"wp:attachment":[{"href":"https:\/\/www.europesays.com\/pl\/wp-json\/wp\/v2\/media?parent=168387"}],"wp:term":[{"taxonomy":"category","embeddable":true,"href":"https:\/\/www.europesays.com\/pl\/wp-json\/wp\/v2\/categories?post=168387"},{"taxonomy":"post_tag","embeddable":true,"href":"https:\/\/www.europesays.com\/pl\/wp-json\/wp\/v2\/tags?post=168387"}],"curies":[{"name":"wp","href":"https:\/\/api.w.org\/{rel}","templated":true}]}}