{"id":168414,"date":"2025-12-24T09:27:14","date_gmt":"2025-12-24T09:27:14","guid":{"rendered":"https:\/\/www.europesays.com\/pl\/168414\/"},"modified":"2025-12-24T09:27:14","modified_gmt":"2025-12-24T09:27:14","slug":"duza-grupa-przedsiebiorcow-zaplaci-od-nowego-roku-wyzsza-skladke","status":"publish","type":"post","link":"https:\/\/www.europesays.com\/pl\/168414\/","title":{"rendered":"Du\u017ca grupa przedsi\u0119biorc\u00f3w zap\u0142aci od nowego roku wy\u017csza sk\u0142adk\u0119"},"content":{"rendered":"<p class=\"lead\">Podwy\u017cka sk\u0142adki zdrowotnej spowoduje, \u017ce w 2026 roku wzrosn\u0105 obci\u0105\u017cenia finansowe dla du\u017cej grupy przedsi\u0119biorc\u00f3w &#8211; podaje Prawo.pl. Minimalna sk\u0142adka zdrowotna wzro\u015bnie z 314,96 z\u0142 miesi\u0119cznie do 432,54 z\u0142 miesi\u0119cznie, czyli o 117,58 z\u0142. Jak wyja\u015bnia serwis, to dlatego, \u017ce b\u0119dzie liczona od 100 proc. minimalnego wynagrodzenia, a nie &#8211; jak do ko\u0144ca 2025 r. &#8211; od 75 proc.<\/p>\n<p>Jak wskazuje cytowany przez <a href=\"https:\/\/www.prawo.pl\/podatki\/podatki-2026-kto-zaplaci-wiecej,536445.html\" rel=\"nofollow noopener\" target=\"_blank\">Prawo.pl<\/a> Grzegorz Grochowina, szef Zespo\u0142u Zarz\u0105dzania Wiedz\u0105 w Departamencie Podatkowym w KPMG w Polsce, w 2026 r. nie b\u0119dzie reformy sk\u0142adki zdrowotnej, poniewa\u017c prezydent Andrzej Duda zawetowa\u0142 wprowadzaj\u0105c\u0105 j\u0105 ustaw\u0119.<\/p>\n<p>\u201eDodatkowo minimalna sk\u0142adka zdrowotna wzro\u015bnie z 314,96 z\u0142 miesi\u0119cznie do 432,54 z\u0142 miesi\u0119cznie, czyli o 117,58 z\u0142. To dlatego, \u017ce b\u0119dzie liczona od 100 proc. minimalnego wynagrodzenia, a nie &#8211; jak do ko\u0144ca 2025 r. &#8211; od 75 proc. Z kolei samo minimalne wynagrodzenie wzro\u015bnie z obecnych 4666 z\u0142 do 4806 z\u0142. B\u0119dzie to dodatkowe obci\u0105\u017cenie dla przedsi\u0119biorc\u00f3w opodatkowanych wed\u0142ug skali i stawki liniowej, kt\u00f3rzy maj\u0105 relatywnie niskie dochody albo ponosz\u0105 straty (minimaln\u0105 sk\u0142adk\u0119 trzeba p\u0142aci\u0107 r\u00f3wnie\u017c przy stratach)\u201d<\/p>\n<p>\u00a0&#8211; wyja\u015bnia ekspert.<\/p>\n<p>Przypomina te\u017c, \u017ce przedsi\u0119biorcy opodatkowani wed\u0142ug skali p\u0142ac\u0105 9 proc. sk\u0142adki od dochodu, a opodatkowani wed\u0142ug stawki liniowej &#8211; 4,9 proc. dochodu.<\/p>\n<p>Serwis Prawo.pl przypomina, \u017ce inne zasady obowi\u0105zuj\u0105 przedsi\u0119biorc\u00f3w na rycza\u0142cie, kt\u00f3rzy p\u0142ac\u0105 jedn\u0105 z trzech kwot, w zale\u017cno\u015bci od przedzia\u0142u, w jakim kszta\u0142tuj\u0105 si\u0119 ich roczne przychody. Nie wiadomo jeszcze, ile wynios\u0105 one w 2026 r., poniewa\u017c podstaw\u0105 jest kwota przeci\u0119tnego miesi\u0119cznego wynagrodzenia w sektorze przedsi\u0119biorstw w IV kwartale roku poprzedniego, kt\u00f3r\u0105 prezes GUS og\u0142osi przez GUS ok. 20 stycznia.<\/p>\n<p>Nadal jednak b\u0119dzie mo\u017cna odliczy\u0107 cz\u0119\u015b\u0107 sk\u0142adek.<\/p>\n<p>\u201eW 2026 r. nie zmieni si\u0119 zasada, zgodnie z kt\u00f3r\u0105 przedsi\u0119biorca rozliczaj\u0105cy si\u0119 wed\u0142ug stawki liniowej mo\u017ce odliczy\u0107 cz\u0119\u015b\u0107 sk\u0142adek od dochodu. Z kolei rycza\u0142towi nadal mog\u0105 odliczy\u0107 50 proc. zap\u0142aconych sk\u0142adek od przychodu. Opodatkowani wed\u0142ug skali nie maj\u0105 prawa do odlicze\u0144\u201d &#8211; wyja\u015bnia Anna Misiak, doradca podatkowy, partner w MDDP.<\/p>\n<p>Ministerstwo Finans\u00f3w og\u0142osi\u0142o w Monitorze Polskim, \u017ce ulga na sk\u0142adk\u0119 zdrowotn\u0105 wyniesie w 2026 r. 14,1 tys. z\u0142. (obwieszczenie ministra finans\u00f3w i gospodarki z 12 grudnia 2025 r., poz. 1274.) W 2025 r. limit wynosi\u0142 12,9 tys. z\u0142.<\/p>\n<p>Zdaniem Anny Misiak wchodz\u0105ce w \u017cycie w 2026 r. zmiany w podatkach dochodowych i w sk\u0142adce zdrowotnej nie b\u0119d\u0105 na tyle istotne, by sprawi\u0107, \u017ce kt\u00f3ra\u015b z trzech form opodatkowania stanie si\u0119 szczeg\u00f3lnie atrakcyjna. Przedsi\u0119biorcy musz\u0105 w ka\u017cdym przypadku indywidualnie obliczy\u0107, co b\u0119dzie dla nich najkorzystniejsze. \u201eNale\u017cy wzi\u0105\u0107 pod uwag\u0119 specyfik\u0119 prowadzonej dzia\u0142alno\u015bci gospodarczej, m.in. wysoko\u015b\u0107 przychod\u00f3w i koszt\u00f3w podatkowych oraz inne dodatkowe czynniki, jak np. przys\u0142uguj\u0105ce przedsi\u0119biorcy preferencje czy limity przychod\u00f3w uprawniaj\u0105ce do rycza\u0142tu\u201d &#8211; m\u00f3wi ekspertka, cytowana przez Prawo.pl.<\/p>\n","protected":false},"excerpt":{"rendered":"Podwy\u017cka sk\u0142adki zdrowotnej spowoduje, \u017ce w 2026 roku wzrosn\u0105 obci\u0105\u017cenia finansowe dla du\u017cej grupy przedsi\u0119biorc\u00f3w &#8211; podaje Prawo.pl.&hellip;\n","protected":false},"author":2,"featured_media":56607,"comment_status":"","ping_status":"","sticky":false,"template":"","format":"standard","meta":{"footnotes":""},"categories":[16],"tags":[113,112,42,38,40,39,41,19710],"class_list":{"0":"post-168414","1":"post","2":"type-post","3":"status-publish","4":"format-standard","5":"has-post-thumbnail","7":"category-biznes","8":"tag-biznes","9":"tag-business","10":"tag-pl","11":"tag-poland","12":"tag-polish","13":"tag-polska","14":"tag-polski","15":"tag-twoja-firma"},"share_on_mastodon":{"url":"https:\/\/pubeurope.com\/@pl\/115773836075643574","error":""},"_links":{"self":[{"href":"https:\/\/www.europesays.com\/pl\/wp-json\/wp\/v2\/posts\/168414","targetHints":{"allow":["GET"]}}],"collection":[{"href":"https:\/\/www.europesays.com\/pl\/wp-json\/wp\/v2\/posts"}],"about":[{"href":"https:\/\/www.europesays.com\/pl\/wp-json\/wp\/v2\/types\/post"}],"author":[{"embeddable":true,"href":"https:\/\/www.europesays.com\/pl\/wp-json\/wp\/v2\/users\/2"}],"replies":[{"embeddable":true,"href":"https:\/\/www.europesays.com\/pl\/wp-json\/wp\/v2\/comments?post=168414"}],"version-history":[{"count":0,"href":"https:\/\/www.europesays.com\/pl\/wp-json\/wp\/v2\/posts\/168414\/revisions"}],"wp:featuredmedia":[{"embeddable":true,"href":"https:\/\/www.europesays.com\/pl\/wp-json\/wp\/v2\/media\/56607"}],"wp:attachment":[{"href":"https:\/\/www.europesays.com\/pl\/wp-json\/wp\/v2\/media?parent=168414"}],"wp:term":[{"taxonomy":"category","embeddable":true,"href":"https:\/\/www.europesays.com\/pl\/wp-json\/wp\/v2\/categories?post=168414"},{"taxonomy":"post_tag","embeddable":true,"href":"https:\/\/www.europesays.com\/pl\/wp-json\/wp\/v2\/tags?post=168414"}],"curies":[{"name":"wp","href":"https:\/\/api.w.org\/{rel}","templated":true}]}}