{"id":168443,"date":"2025-12-24T09:44:20","date_gmt":"2025-12-24T09:44:20","guid":{"rendered":"https:\/\/www.europesays.com\/pl\/168443\/"},"modified":"2025-12-24T09:44:20","modified_gmt":"2025-12-24T09:44:20","slug":"45-latek-z-kokaina-zatrzymany-na-wroclawskim-lotnisku-lecial-na-swieta-wyladowal-w-komisariacie-wroclaw-pl","status":"publish","type":"post","link":"https:\/\/www.europesays.com\/pl\/168443\/","title":{"rendered":"45-latek z kokain\u0105 zatrzymany na wroc\u0142awskim lotnisku. Lecia\u0142 na \u015bwi\u0119ta, wyl\u0105dowa\u0142 w komisariacie &#8211; wroclaw.pl"},"content":{"rendered":"<ol>\n<li><a href=\"https:\/\/news.google.com\/rss\/articles\/CBMiwAFBVV95cUxNcTVPUEhIdG5fa21lT1pwSmNqc3VrNmkxNlB1aEtwZkpEQ1NqUUFnZ2NUX3A0Tl9NT1lsQXpjcnVDdHFQV2Z3elpxaUlJa05CMW42Q1hudkVyODdVdkc0eW93dXhsZFdrTElHa1NObl9GS09EV1p5X01QRTFTMHZmZGlxTnR6VXJPWF92aXBEWVhKcEx0b05jTGhrVWpkd3RnSkpaUkJyZkp5N1R0QTFpTGxrTi1NNGNLNE5Mb29TZS0?oc=5\" target=\"_blank\" rel=\"nofollow noopener\">45-latek z kokain\u0105 zatrzymany na wroc\u0142awskim lotnisku. Lecia\u0142 na \u015bwi\u0119ta, wyl\u0105dowa\u0142 w komisariacie<\/a>&nbsp;&nbsp;wroclaw.pl<\/li>\n<li><a href=\"https:\/\/news.google.com\/rss\/articles\/CBMivwFBVV95cUxPQVVEN0FPTlBYbEw0R0FELUV1dFhHNzlqcWxEeEVjTnZJMGx2SVRhb0J5U2R2T1E3Q0tCMWdXa1AxNEVvLW5vdmFVLUhjZzdoNzFhM2h0dk1DSWFEVWF5YkdOazFSNVdaUDVudkxIeXVYaktrWHJvc2MyTkVNZWJ1dW5ydEFlNHI0amYxWE5LWlNkWUwwWGlNWXJFeE83cVRrRDctQTFZdnRYSkVteDJDWEs4YV85Y2dXeEUwZjJEVQ?oc=5\" target=\"_blank\" rel=\"nofollow noopener\">Interwencja policji w samolocie z Bolonii do Wroc\u0142awia. Przylecia\u0142 z \u017con\u0105 na \u015bwi\u0119ta, wyszed\u0142 w kajdankach<\/a>&nbsp;&nbsp;wroclaw.wyborcza.pl<\/li>\n<li><a href=\"https:\/\/news.google.com\/rss\/articles\/CBMingFBVV95cUxNTmdidGpVMUJ0RWZJSFhnWEMyamRmNnF1M2gzNUtrTDFORDRja2dCSlZjQW1VX01Md0NLbTF4aURaTjJoclV2RFdDT1FOT1JxSDVsVWxqVVQ3amFJcjNpc1h5bHRmZDdMVzhBeXRRbW9vYnMyOWZsYVdsX1A3dHhVVXNKX1c1U3RIWk1UY2hFajBPd2Rta3hMRF9OVjFFUQ?oc=5\" target=\"_blank\" rel=\"nofollow noopener\">Lot z Bolonii zako\u0144czy\u0142 si\u0119 zatrzymaniem dla 45-letniego pasa\u017cera<\/a>&nbsp;&nbsp;TVP Wroc\u0142aw<\/li>\n<li><a href=\"https:\/\/news.google.com\/rss\/articles\/CBMi0wFBVV95cUxPNVVSM0VULWtub3JHc2NQVHBNTWx6eFFwLXZLTC05ME96YUMwZ19rcnpOU0JkSXVwUUhZZ2hBM211Vm1CaUdlQU5HMlc2c204dUVhNXY2NlhHMHh5Tkw4RW1QWEEyVWx3VXZDbUxzcHBJMWJzWV92YXNocm1XeHBXLXN6N1JHbVFUNHNLMC05MHFpbFp1STNDOEJ0RzBlS1NQcHVYUThjZjZDbkVEVHY2aDl1OGxXeG5naXBDNFlBaTRRTDRLd0lZOFZ1Y2xGeldyUDc0?oc=5\" target=\"_blank\" rel=\"nofollow noopener\">Nie tak mia\u0142 si\u0119 zako\u0144czy\u0107 ten lot do Wroc\u0142awia. Policjanci weszli na pok\u0142ad samolotu Ryanair<\/a>&nbsp;&nbsp;Gazeta Wroc\u0142awska<\/li>\n<li><a href=\"https:\/\/news.google.com\/rss\/articles\/CBMitwFBVV95cUxQOHMtejZERy1LWlA1TG9QUFJxc1ZfamdrN1Znakt2UldOWVNINWhST3pEanJOUTg5SW4zZnkxRTlPdEpXQ0l2bVBydlFEZFZiQXo5ME9PaDh1alVEc3JqUkRDWWdsX1lHWTFjWG45Z1BTUmhfaVlzZGtGVk53a2RhZmdZc3c1SGlxMk5EQVEtMzc3Y3JLa0JvM0NQWi1wUl80ZWRSblJOQkNLWlp3N202elZYS3JHcHc?oc=5\" target=\"_blank\" rel=\"nofollow noopener\">Kokaina na pok\u0142adzie samolotu we Wroc\u0142awiu. Policja zatrzyma\u0142a 45-latka<\/a>&nbsp;&nbsp;Wroc\u0142aw Radio ESKA<\/li>\n<\/ol>\n","protected":false},"excerpt":{"rendered":"45-latek z kokain\u0105 zatrzymany na wroc\u0142awskim lotnisku. Lecia\u0142 na \u015bwi\u0119ta, wyl\u0105dowa\u0142 w komisariacie&nbsp;&nbsp;wroclaw.pl Interwencja policji w samolocie z&hellip;\n","protected":false},"author":2,"featured_media":78377,"comment_status":"","ping_status":"","sticky":false,"template":"","format":"standard","meta":{"footnotes":""},"categories":[5],"tags":[32,33,36,37,27,34,35,28,31,25,42,38,40,39,41,29,30,26],"class_list":{"0":"post-168443","1":"post","2":"type-post","3":"status-publish","4":"format-standard","5":"has-post-thumbnail","7":"category-naglowki","8":"tag-breaking-news","9":"tag-breakingnews","10":"tag-featured-news","11":"tag-featurednews","12":"tag-headlines","13":"tag-latest-news","14":"tag-latestnews","15":"tag-naglowki","16":"tag-najwazniejsze-artykuly","17":"tag-news","18":"tag-pl","19":"tag-poland","20":"tag-polish","21":"tag-polska","22":"tag-polski","23":"tag-top-stories","24":"tag-topstories","25":"tag-wiadomosci"},"share_on_mastodon":{"url":"https:\/\/pubeurope.com\/@pl\/115773903127387386","error":""},"_links":{"self":[{"href":"https:\/\/www.europesays.com\/pl\/wp-json\/wp\/v2\/posts\/168443","targetHints":{"allow":["GET"]}}],"collection":[{"href":"https:\/\/www.europesays.com\/pl\/wp-json\/wp\/v2\/posts"}],"about":[{"href":"https:\/\/www.europesays.com\/pl\/wp-json\/wp\/v2\/types\/post"}],"author":[{"embeddable":true,"href":"https:\/\/www.europesays.com\/pl\/wp-json\/wp\/v2\/users\/2"}],"replies":[{"embeddable":true,"href":"https:\/\/www.europesays.com\/pl\/wp-json\/wp\/v2\/comments?post=168443"}],"version-history":[{"count":0,"href":"https:\/\/www.europesays.com\/pl\/wp-json\/wp\/v2\/posts\/168443\/revisions"}],"wp:featuredmedia":[{"embeddable":true,"href":"https:\/\/www.europesays.com\/pl\/wp-json\/wp\/v2\/media\/78377"}],"wp:attachment":[{"href":"https:\/\/www.europesays.com\/pl\/wp-json\/wp\/v2\/media?parent=168443"}],"wp:term":[{"taxonomy":"category","embeddable":true,"href":"https:\/\/www.europesays.com\/pl\/wp-json\/wp\/v2\/categories?post=168443"},{"taxonomy":"post_tag","embeddable":true,"href":"https:\/\/www.europesays.com\/pl\/wp-json\/wp\/v2\/tags?post=168443"}],"curies":[{"name":"wp","href":"https:\/\/api.w.org\/{rel}","templated":true}]}}