{"id":168444,"date":"2025-12-24T09:45:14","date_gmt":"2025-12-24T09:45:14","guid":{"rendered":"https:\/\/www.europesays.com\/pl\/168444\/"},"modified":"2025-12-24T09:45:14","modified_gmt":"2025-12-24T09:45:14","slug":"pilka-nozna-joan-garcia-odstawiony-na-boczny-tor-cios-dla-bramkarza","status":"publish","type":"post","link":"https:\/\/www.europesays.com\/pl\/168444\/","title":{"rendered":"Pi\u0142ka no\u017cna. Joan Garcia odstawiony na boczny tor. Cios dla bramkarza"},"content":{"rendered":"<p class=\"typography ids-typeset-body ids-typeset-body--preset-large link paragraph ids-paragraph ids-paragraph--default\">Sezon, kt\u00f3ry ko\u0144czy si\u0119 du\u017ca imprez\u0105 pi\u0142karsk\u0105 zawsze jest dla zawodnik\u00f3w momentem szczeg\u00f3lnym. Wielu pi\u0142karzy marzy bowiem, aby zagra\u0107 na mistrzostwach Europy, czy te\u017c na mistrzostwach \u015bwiata. To drugie wydarzenie zbli\u017ca si\u0119 wielkimi krokami i ju\u017c za nieco ponad p\u00f3\u0142 roku zobaczymy walk\u0119 o najcenniejsze trofeum w pi\u0142ce no\u017cnej. Kibice Barcelony mog\u0105 si\u0119 spodziewa\u0107, \u017ce na mundialu w Kanadzie, Stanach Zjednoczonych i Meksyku zobacz\u0105 wielu swoich przedstawicieli.<\/p>\n<p class=\"typography ids-typeset-body ids-typeset-body--preset-large link paragraph ids-paragraph ids-paragraph--default\">Zdecydowana cz\u0119\u015b\u0107 zawodnik\u00f3w Blaugrany regularnie wyje\u017cd\u017ca na zgrupowania, a wi\u0119kszo\u015b\u0107 z nich powo\u0142ywana jest do reprezentacji Hiszpanii. Je\u015bli tylko zdrowie dopisze, na mundialu zagraj\u0105 tacy zawodnicy jak Lamine Yamal, Pedri, czy Ferran Torres. Nieoczekiwanie najwi\u0119kszy znak zapytania stoi przy Joanie Garcii,\u00a0kt\u00f3ry \u015bwietnie spisuje si\u0119 w bramce mistrz\u00f3w Hiszpanii.<\/p>\n<p>Joan Garcia pomini\u0119ty przez selekcjonera Hiszpanii? Wymowne s\u0142owa<\/p>\n<p class=\"typography ids-typeset-body ids-typeset-body--preset-large link paragraph ids-paragraph ids-paragraph--default\">24-latek zosta\u0142 \u015bci\u0105gni\u0119ty do Dumy Katalonii przed obecnym sezonem, <a href=\"https:\/\/sport.interia.pl\/pilka-nozna\/la-liga\/news-hiszpanie-nie-zamierzali-okazywac-litosci-szczesnemu-bez-sen,nId,22462693\" target=\"_blank\" rel=\"nofollow noopener\">a ju\u017c sta\u0142 si\u0119 jedn\u0105 z gwiazd zespo\u0142u<\/a>. Golkiper w wielu spotkaniach notowa\u0142 wiele spektakularnych i wa\u017cnych interwencji i niemal co tydzie\u0144 chwalony jest przez hiszpa\u0144skie media. Okazuje si\u0119, \u017ce tak wysoka forma Garcii mo\u017ce nie wystarczy\u0107, aby znale\u017a\u0107 si\u0119 na li\u015bcie powo\u0142anych przez Luisa de la Fuente, kt\u00f3ry zabra\u0142 g\u0142os w tej sprawie.<\/p>\n<p class=\"typography ids-typeset-body ids-typeset-body--preset-large link paragraph ids-paragraph ids-paragraph--default\">W rozmowie z &#8222;ASem&#8221; szkoleniowiec wyzna\u0142, \u017ce pozycja bramkarzy w reprezentacji Hiszpanii jest bardzo mocno obsadzona. &#8222;W Hiszpanii mamy wielu \u015bwietnych bramkarz. Pi\u0119ciu lub sze\u015bciu najlepszych na \u015bwiecie. Ale nikt nie m\u00f3wi o Robercie Sanchezie ani Leo Romanie. I jest oczywi\u015bcie Joan Garcia&#8221; &#8211; stwierdzi\u0142 de la Fuente. Podkre\u015bli\u0142, \u017ce na razie jest trzech faworyt\u00f3w do powo\u0142a\u0144.<\/p>\n<p class=\"typography ids-typeset-body ids-typeset-body--preset-large link paragraph ids-paragraph ids-paragraph--default\">&#8222;Na razie wybieramy Simona, Ray\u0119 i Remiro, kt\u00f3rymi jeste\u015bmy zachwyceni. Zobaczymy jednak, co wydarzy si\u0119 do marca, a nawet do czerwca. Wtedy podejmiemy odpowiednie decyzje&#8221; &#8211; wyjawi\u0142 selekcjoner. Z jego s\u0142\u00f3w jasno wynika, \u017ce Garcia jest na razie odstawiony na boczny tor i mo\u017ce by\u0107 dopiero czwarty na li\u015bcie do powo\u0142ania. Taka sytuacja to na pewno cios dla \u015bwietnie spisuj\u0105cego si\u0119 bramkarza Barcelony.<\/p>\n<p>Villarreal CF \u2013 FC Barcelona 0-2. SKR\u00d3T. WIDEO (Eleven Sports)Eleven SportsEleven Sports<\/p>\n<p><img decoding=\"async\" class=\"ids-image-holder__img\" loading=\"lazy\" alt=\"Bramkarz w sportowej koszulce z r\u0119kawicami do pi\u0142ki no\u017cnej, znajduje si\u0119 na stadionie, w tle widoczne osoby oraz trybuny.\" title=\"Joan Garcia\" width=\"4636\" height=\"2973\" src=\"https:\/\/www.europesays.com\/pl\/wp-content\/uploads\/2025\/12\/000LOGF6CABT59WQ-C323-F4.webp.webp\"\/><\/p>\n<p>Joan GarciaUrbanandsportAFP<\/p>\n<p><img decoding=\"async\" class=\"ids-image-holder__img\" loading=\"lazy\" alt=\"M\u0142ody m\u0119\u017cczyzna w zielonej sportowej koszulce bije brawo i u\u015bmiecha si\u0119, stoj\u0105c na tle flagi i rozmazanego stadionu z widowni\u0105.\" title=\"Joan Garcia\" width=\"4767\" height=\"3178\" src=\"https:\/\/www.europesays.com\/pl\/wp-content\/uploads\/2025\/12\/000LG4Y3XHMPN5TO-C323-F4.webp.webp\"\/><\/p>\n<p>Joan GarciaJOSEP LAGOAFP<\/p>\n<p><a class=\"ids-undecorated-link source ids-page-info--source__link\" href=\"https:\/\/www.interia.pl\" rel=\"nofollow noopener\" target=\"_blank\"><img decoding=\"async\" class=\"ids-image-holder__img\" loading=\"lazy\" alt=\"\" title=\"\" height=\"24px\" src=\"https:\/\/www.europesays.com\/pl\/wp-content\/uploads\/2025\/12\/1766553731_41_0009A60QQ5I2TYF7-C202-F4.webp.webp\"\/><\/a><\/p>\n<p>Masz sugestie, uwagi albo widzisz b\u0142\u0105d? Napisz do nas<\/p>\n","protected":false},"excerpt":{"rendered":"Sezon, kt\u00f3ry ko\u0144czy si\u0119 du\u017ca imprez\u0105 pi\u0142karsk\u0105 zawsze jest dla zawodnik\u00f3w momentem szczeg\u00f3lnym. Wielu pi\u0142karzy marzy bowiem, aby&hellip;\n","protected":false},"author":2,"featured_media":168445,"comment_status":"","ping_status":"","sticky":false,"template":"","format":"standard","meta":{"footnotes":""},"categories":[24],"tags":[42,38,40,39,41,127,126],"class_list":{"0":"post-168444","1":"post","2":"type-post","3":"status-publish","4":"format-standard","5":"has-post-thumbnail","7":"category-sport","8":"tag-pl","9":"tag-poland","10":"tag-polish","11":"tag-polska","12":"tag-polski","13":"tag-sport","14":"tag-sports"},"share_on_mastodon":{"url":"https:\/\/pubeurope.com\/@pl\/115773907402276523","error":""},"_links":{"self":[{"href":"https:\/\/www.europesays.com\/pl\/wp-json\/wp\/v2\/posts\/168444","targetHints":{"allow":["GET"]}}],"collection":[{"href":"https:\/\/www.europesays.com\/pl\/wp-json\/wp\/v2\/posts"}],"about":[{"href":"https:\/\/www.europesays.com\/pl\/wp-json\/wp\/v2\/types\/post"}],"author":[{"embeddable":true,"href":"https:\/\/www.europesays.com\/pl\/wp-json\/wp\/v2\/users\/2"}],"replies":[{"embeddable":true,"href":"https:\/\/www.europesays.com\/pl\/wp-json\/wp\/v2\/comments?post=168444"}],"version-history":[{"count":0,"href":"https:\/\/www.europesays.com\/pl\/wp-json\/wp\/v2\/posts\/168444\/revisions"}],"wp:featuredmedia":[{"embeddable":true,"href":"https:\/\/www.europesays.com\/pl\/wp-json\/wp\/v2\/media\/168445"}],"wp:attachment":[{"href":"https:\/\/www.europesays.com\/pl\/wp-json\/wp\/v2\/media?parent=168444"}],"wp:term":[{"taxonomy":"category","embeddable":true,"href":"https:\/\/www.europesays.com\/pl\/wp-json\/wp\/v2\/categories?post=168444"},{"taxonomy":"post_tag","embeddable":true,"href":"https:\/\/www.europesays.com\/pl\/wp-json\/wp\/v2\/tags?post=168444"}],"curies":[{"name":"wp","href":"https:\/\/api.w.org\/{rel}","templated":true}]}}