{"id":168492,"date":"2025-12-24T10:15:11","date_gmt":"2025-12-24T10:15:11","guid":{"rendered":"https:\/\/www.europesays.com\/pl\/168492\/"},"modified":"2025-12-24T10:15:11","modified_gmt":"2025-12-24T10:15:11","slug":"lewandowscy-na-swiatecznym-spotkaniu-z-przyjaciolmi-wsrod-gosci-gwiazdy-przeglad-sportowy-onet","status":"publish","type":"post","link":"https:\/\/www.europesays.com\/pl\/168492\/","title":{"rendered":"Lewandowscy na \u015bwi\u0105tecznym spotkaniu z przyjaci\u00f3\u0142mi. W\u015br\u00f3d go\u015bci gwiazdy &#8211; Przegl\u0105d Sportowy Onet"},"content":{"rendered":"<ol>\n<li><a href=\"https:\/\/news.google.com\/rss\/articles\/CBMiuwFBVV95cUxNUVNCMEJrRmh4M05vYjhkWUVJZWJfaFllZGk2VlhUSmFXWU5xM3VKUFRRNmhBVWl4Z0RPRGJ1LURMQU1pQXZ3Y0t4UmRpdHlwX3VzY3B6bHFRTWtBSlVCZVN4VGlIT1FYd2xDVlE3ZHhKZ3IxOHkza3F3VFdvdU5iOHpsMjlRREtjLV9Bc2s2eld0REwwUzFfQ1FpTnA5MGxKNHQtaEU0NndrZHJWTElEWlNoWnJqY3ZWRTNv?oc=5\" target=\"_blank\" rel=\"nofollow noopener\">Lewandowscy na \u015bwi\u0105tecznym spotkaniu z przyjaci\u00f3\u0142mi. W\u015br\u00f3d go\u015bci gwiazdy<\/a>&nbsp;&nbsp;Przegl\u0105d Sportowy Onet<\/li>\n<li><a href=\"https:\/\/news.google.com\/rss\/articles\/CBMigAJBVV95cUxORjAzWDRCTFZKTHBOQ0VMYXhCQ3c1UlhGUTMzTXNISWZnYTJsd1ByVEtGbnBYWHhCei1WaUJQTmdrb2ZXa0JIVE1uRFhlRHFvVTZMeDFwUjhCRGxLMjB0dTFWVjNUeUhIb0Y1TXduSVU5RkRBanM1Q2NTRDZ4NW5fRVpwbkF5YmN5RUd4WWZVVm1ybFJrSDN5NU4wNTVub0lYamZ3UVhWclNGa2p3YTFPZVpoU0NQZ3NIVnp1LXQ0NjhxaTRVcGkxZDh2d2xaN0kwSFNRMkNKZ0JKT1RGREpfZURrRFlOQmFUWk5ibVdmUmJ1Wl95QVhTOHNPQUxnWEFN?oc=5\" target=\"_blank\" rel=\"nofollow noopener\">Kol\u0119dowanie u Lewandowskich: Robert w poro\u017cu i s\u0142awni znajomi<\/a>&nbsp;&nbsp;Pudelek<\/li>\n<li><a href=\"https:\/\/news.google.com\/rss\/articles\/CBMiuAFBVV95cUxOSG9TR0RMVWNJSVlGbkxiVW5CMDlqX2QwSjVVOTRyd0ZpZ1ZnODJOVjU2QkI2NFhGa05lZVlUMzJYbEpOeW1GSTI0WHVrTXp5UTVRLXduemJEQ0pTUXlmZU5FcjNtb0g4cTRqM19tVkF1NWY0M1N3QjIyUG9PTGpDNFAxaGgwWGxoelBIYThYVDBablNycGFKNWt0MklDRVRZMTA3T1E1bUJQQ3VQa1FTSVVCVzhXS2ZN?oc=5\" target=\"_blank\" rel=\"nofollow noopener\">Zaraz Wigilia, a tu komunikat od Lewandowskiej. Nie mog\u0142a ju\u017c d\u0142u\u017cej czeka\u0107<\/a>&nbsp;&nbsp;Sport w INTERIA.PL<\/li>\n<li><a href=\"https:\/\/news.google.com\/rss\/articles\/CBMitwFBVV95cUxQNTBwNzF0OGg1Z1A3YjNTeWVzR1lUcm1NZk9GZ2czZFJ0UV9ySUNWT2phQkh3ZWQ1VDJXVTBqSWVBZ2VweWRzNjM0V3hTVm1GVUloeXVaSVk5NTBpY19UU08zRjgwLUtrUUdOcHl3X0dIMnFHemxWOURDTW5uMk56UGJhUGktcTllTTY1eTZVUV9mTzAySWgzN21hREZRdTFKLUZ5bWtxV2RLYmluNG4yNW9BQmtudVU?oc=5\" target=\"_blank\" rel=\"nofollow noopener\">Anna i Robert Lewandowscy melduj\u0105 si\u0119 w Polsce na \u015bwi\u0119ta. Wn\u0119trze domu robi wra\u017cenie<\/a>&nbsp;&nbsp;Plejada<\/li>\n<li><a href=\"https:\/\/news.google.com\/rss\/articles\/CBMilAFBVV95cUxQd3hSS2tnSmdoRklmbXk5eGxhQmVfb2tkc1RrVU00RmlBcFNUTFFlcjVsd1F2UjFZUDFTQS1rZ2lHd2FvWWtabG5iSzlVbk1WT0tVVFdiVFQzZm1udFhaZkwxYmFjeXQ2NFc5RHNLSmNPaktFd0JlRXlrNXVKNkkxaTJYcFpmYl9BbnJJNjJlVGNLQW5o?oc=5\" target=\"_blank\" rel=\"nofollow noopener\">Lewandowscy ju\u017c w Polsce na \u015bwi\u0119ta. Anna zaskoczy\u0142a wyj\u0105tkow\u0105 choink\u0105 w salonie<\/a>&nbsp;&nbsp;Fakt<\/li>\n<\/ol>\n","protected":false},"excerpt":{"rendered":"Lewandowscy na \u015bwi\u0105tecznym spotkaniu z przyjaci\u00f3\u0142mi. W\u015br\u00f3d go\u015bci gwiazdy&nbsp;&nbsp;Przegl\u0105d Sportowy Onet Kol\u0119dowanie u Lewandowskich: Robert w poro\u017cu i&hellip;\n","protected":false},"author":2,"featured_media":168493,"comment_status":"","ping_status":"","sticky":false,"template":"","format":"standard","meta":{"footnotes":""},"categories":[22],"tags":[2576,122,67,129,2236,948,42,38,40,39,41,11970,136,128,300,123,47,17184,655,11971,130],"class_list":{"0":"post-168492","1":"post","2":"type-post","3":"status-publish","4":"format-standard","5":"has-post-thumbnail","7":"category-rozrywka","8":"tag-anna_lewandowska","9":"tag-entertainment","10":"tag-intextvideo_splayer","11":"tag-ofsajd","12":"tag-paulina_krupinska","13":"tag-pilka_nozna","14":"tag-pl","15":"tag-poland","16":"tag-polish","17":"tag-polska","18":"tag-polski","19":"tag-polskie_wags","20":"tag-ps_detal_new","21":"tag-psv2","22":"tag-robert_lewandowski","23":"tag-rozrywka","24":"tag-screening_general","25":"tag-sebastian_karpiel_bulecka","26":"tag-styl_zycia_lifestyle_","27":"tag-wags","28":"tag-wiadomosci_sportowe"},"share_on_mastodon":{"url":"https:\/\/pubeurope.com\/@pl\/115774024805507206","error":""},"_links":{"self":[{"href":"https:\/\/www.europesays.com\/pl\/wp-json\/wp\/v2\/posts\/168492","targetHints":{"allow":["GET"]}}],"collection":[{"href":"https:\/\/www.europesays.com\/pl\/wp-json\/wp\/v2\/posts"}],"about":[{"href":"https:\/\/www.europesays.com\/pl\/wp-json\/wp\/v2\/types\/post"}],"author":[{"embeddable":true,"href":"https:\/\/www.europesays.com\/pl\/wp-json\/wp\/v2\/users\/2"}],"replies":[{"embeddable":true,"href":"https:\/\/www.europesays.com\/pl\/wp-json\/wp\/v2\/comments?post=168492"}],"version-history":[{"count":0,"href":"https:\/\/www.europesays.com\/pl\/wp-json\/wp\/v2\/posts\/168492\/revisions"}],"wp:featuredmedia":[{"embeddable":true,"href":"https:\/\/www.europesays.com\/pl\/wp-json\/wp\/v2\/media\/168493"}],"wp:attachment":[{"href":"https:\/\/www.europesays.com\/pl\/wp-json\/wp\/v2\/media?parent=168492"}],"wp:term":[{"taxonomy":"category","embeddable":true,"href":"https:\/\/www.europesays.com\/pl\/wp-json\/wp\/v2\/categories?post=168492"},{"taxonomy":"post_tag","embeddable":true,"href":"https:\/\/www.europesays.com\/pl\/wp-json\/wp\/v2\/tags?post=168492"}],"curies":[{"name":"wp","href":"https:\/\/api.w.org\/{rel}","templated":true}]}}