{"id":168590,"date":"2025-12-24T11:11:09","date_gmt":"2025-12-24T11:11:09","guid":{"rendered":"https:\/\/www.europesays.com\/pl\/168590\/"},"modified":"2025-12-24T11:11:09","modified_gmt":"2025-12-24T11:11:09","slug":"co-za-wiesci-od-reprezentanta-polski-pochwalil-sie-tuz-przed-swietami","status":"publish","type":"post","link":"https:\/\/www.europesays.com\/pl\/168590\/","title":{"rendered":"Co za wie\u015bci od reprezentanta Polski. Pochwali\u0142 si\u0119 tu\u017c przed \u015bwi\u0119tami"},"content":{"rendered":"\n<p class=\"contentpart contentpart--default contentpart--text\" data-position=\"0\">Jako siatkarz\u00a0<a href=\"https:\/\/sportowefakty.wp.pl\/siatkowka\/jakub-popiwczak\" rel=\"nofollow noopener\" target=\"_blank\">Jakub Popiwczak<\/a>\u00a0przez wiele lat broni\u0142 barw Jastrz\u0119bskiego W\u0119gla. W 2025 roku przeszed\u0142 do\u00a0<a href=\"https:\/\/sportowefakty.wp.pl\/siatkowka\/aluron-warta-zawiercie\" rel=\"nofollow noopener\" target=\"_blank\">Aluronu CMC Warty Zawiercie<\/a>\u00a0i mo\u017ce si\u0119 ju\u017c pochwali\u0107 zaj\u0119ciem trzeciego miejsca w ramach Klubowych Mistrzostw \u015awiata.<\/p>\n<p class=\"contentpart contentpart--default contentpart--text\" data-position=\"1\">Opr\u00f3cz sukces\u00f3w w rozgrywkach klubowych (z\u0142ote medale mistrzostw Polski, Pucharu Polski i Superpucharu Polski) Popiwczak z powodzeniem gra w reprezentacji Polski. W samym sezonie 2025 wywalczy\u0142 wraz z dru\u017cyn\u0105 narodow\u0105 z\u0142oto Ligi Narod\u00f3w i br\u0105z mistrzostw \u015bwiata.<\/p>\n<p> <img role=\"presentation\" src=\"https:\/\/std.wpcdn.pl\/images\/adv\/placeholder_wp.svg\" loading=\"lazy\" alt=\"\" decoding=\"async\"\/>  <\/p>\n<p class=\"contentpart contentpart--default contentpart--text\" data-position=\"2\">ZOBACZ WIDEO: #dziejesiewsporcie: Co to by\u0142 za rzut! Skrad\u0142 show przed meczem<\/p>\n<p class=\"contentpart contentpart--default contentpart--text\" data-position=\"4\">29-letni siatkarz cieszy si\u0119 szcz\u0119\u015bliwym \u017cyciem prywatnym. W 2024 roku po\u015blubi\u0142 swoj\u0105 ukochan\u0105\u00a0<a href=\"https:\/\/sportowefakty.wp.pl\/sportowybar\/magda-wrobel\" rel=\"nofollow noopener\" target=\"_blank\">Magd\u0119<\/a>, kt\u00f3ra z zawodu jest prawniczk\u0105. Trzy lata temu para powita\u0142a na \u015bwiecie swojego pierworodnego syna, Jana.<\/p>\n<p class=\"contentpart contentpart--default contentpart--text\" data-position=\"5\">We wtorek Popiwczak og\u0142osi\u0142 za po\u015brednictwem Instagrama, \u017ce wkr\u00f3tce jego rodzina si\u0119 powi\u0119kszy. Zamie\u015bci\u0142 bowiem zdj\u0119cie, na kt\u00f3rym jego \u017cona Magda prezentuje ci\u0105\u017cowy brzuszek. Do fotografii oboje do\u0142\u0105czyli emotikon symbolizuj\u0105cy czerwone serce.<\/p>\n<p class=\"contentpart contentpart--default contentpart--text\" data-position=\"6\">Ta wiadomo\u015b\u0107 sprawi\u0142a, \u017ce posypa\u0142y si\u0119 gratulacje. \u017byczenia z\u0142o\u017cyli m.in. siatkarze\u00a0<a href=\"https:\/\/sportowefakty.wp.pl\/siatkowka\/benjamin-toniutti\" rel=\"nofollow noopener\" target=\"_blank\">Benjamin Toniutti<\/a>\u00a0i\u00a0<a href=\"https:\/\/sportowefakty.wp.pl\/siatkowka\/maksymilian-granieczny\" rel=\"nofollow noopener\" target=\"_blank\">Maksymilian Granieczny<\/a>\u00a0oraz \u017cona Bartosza Kurka, Anna, kt\u00f3ra r\u00f3wnie\u017c uprawia ten sport.<\/p>\n<p> <img role=\"presentation\" src=\"https:\/\/std.wpcdn.pl\/images\/adv\/placeholder_wp.svg\" loading=\"lazy\" alt=\"\" decoding=\"async\"\/>       <\/p>\n","protected":false},"excerpt":{"rendered":"Jako siatkarz\u00a0Jakub Popiwczak\u00a0przez wiele lat broni\u0142 barw Jastrz\u0119bskiego W\u0119gla. W 2025 roku przeszed\u0142 do\u00a0Aluronu CMC Warty Zawiercie\u00a0i mo\u017ce&hellip;\n","protected":false},"author":2,"featured_media":168591,"comment_status":"","ping_status":"","sticky":false,"template":"","format":"standard","meta":{"footnotes":""},"categories":[24],"tags":[19502,33205,33204,42,6242,38,40,39,41,539,131,127,268,126,18665],"class_list":{"0":"post-168590","1":"post","2":"type-post","3":"status-publish","4":"format-standard","5":"has-post-thumbnail","7":"category-sport","8":"tag-aluron-cmc-warta-zawiercie","9":"tag-jakub-popiwczak","10":"tag-magda-wrobel","11":"tag-pl","12":"tag-plusliga","13":"tag-poland","14":"tag-polish","15":"tag-polska","16":"tag-polski","17":"tag-reprezentacje","18":"tag-siatkowka","19":"tag-sport","20":"tag-sportowybar","21":"tag-sports","22":"tag-zawiercie"},"share_on_mastodon":{"url":"https:\/\/pubeurope.com\/@pl\/115774245413836675","error":""},"_links":{"self":[{"href":"https:\/\/www.europesays.com\/pl\/wp-json\/wp\/v2\/posts\/168590","targetHints":{"allow":["GET"]}}],"collection":[{"href":"https:\/\/www.europesays.com\/pl\/wp-json\/wp\/v2\/posts"}],"about":[{"href":"https:\/\/www.europesays.com\/pl\/wp-json\/wp\/v2\/types\/post"}],"author":[{"embeddable":true,"href":"https:\/\/www.europesays.com\/pl\/wp-json\/wp\/v2\/users\/2"}],"replies":[{"embeddable":true,"href":"https:\/\/www.europesays.com\/pl\/wp-json\/wp\/v2\/comments?post=168590"}],"version-history":[{"count":0,"href":"https:\/\/www.europesays.com\/pl\/wp-json\/wp\/v2\/posts\/168590\/revisions"}],"wp:featuredmedia":[{"embeddable":true,"href":"https:\/\/www.europesays.com\/pl\/wp-json\/wp\/v2\/media\/168591"}],"wp:attachment":[{"href":"https:\/\/www.europesays.com\/pl\/wp-json\/wp\/v2\/media?parent=168590"}],"wp:term":[{"taxonomy":"category","embeddable":true,"href":"https:\/\/www.europesays.com\/pl\/wp-json\/wp\/v2\/categories?post=168590"},{"taxonomy":"post_tag","embeddable":true,"href":"https:\/\/www.europesays.com\/pl\/wp-json\/wp\/v2\/tags?post=168590"}],"curies":[{"name":"wp","href":"https:\/\/api.w.org\/{rel}","templated":true}]}}