{"id":168610,"date":"2025-12-24T11:23:16","date_gmt":"2025-12-24T11:23:16","guid":{"rendered":"https:\/\/www.europesays.com\/pl\/168610\/"},"modified":"2025-12-24T11:23:16","modified_gmt":"2025-12-24T11:23:16","slug":"dzialo-sie-w-nocy-przeszukano-gruzowisko-domu-w-besiekierzu-nawojnym","status":"publish","type":"post","link":"https:\/\/www.europesays.com\/pl\/168610\/","title":{"rendered":"Dzia\u0142o si\u0119 w nocy. Przeszukano gruzowisko domu w Besiekierzu Nawojnym"},"content":{"rendered":"<p>Zapraszamy na skr\u00f3t wydarze\u0144 z\u00a0nocy, czyli najwa\u017cniejsze i\u00a0najciekawsze materia\u0142y wybrane przez redakcj\u0119 Wirtualnej Polski. Znajdziesz go codziennie o\u00a06.30 na stronie g\u0142\u00f3wnej WP.\u00a0<\/p>\n<p> Katastrofa w\u00a0Besiekierzu Nawojnym. Koniec akcji stra\u017cak\u00f3w <\/p>\n<p>We wtorek po po\u0142udniu w\u00a0Besiekierzu Nawojnym zawali\u0142 si\u0119 dom jednorodzinny. Zg\u0142oszenie m\u00f3wi\u0142o o\u00a0mo\u017cliwej osobie uwi\u0119zionej pod gruzami. Stra\u017cacy r\u0119cznie przeszukiwali gruzowisko. W\u00a0poszukiwaniu ofiar pomaga\u0142y tak\u017ce specjalnie wyszkolone psy.<\/p>\n<p>O zako\u0144czeniu prac poinformowano po godz. 21.45 \u2014\u00a0pod gruzami nie odnaleziono \u017cadnego cia\u0142a.<\/p>\n<p>Dwie osoby zgin\u0119\u0142y w\u00a0wyniku eksplozji w\u00a0domu opieki Silver Lake w\u00a0hrabstwie Bristol, Pensylwania. Wed\u0142ug lokalnej telewizji WHP, eksplozja spowodowa\u0142a zawalenie si\u0119 pierwszego pi\u0119tra budynku, zmuszaj\u0105c ratownik\u00f3w do intensywnych dzia\u0142a\u0144 ratunkowych. <\/p>\n<p>Turecka \u017candarmeria ostrzega przed skoordynowanymi atakami IS planowanymi na okres sylwestrowy, szczeg\u00f3lnie w\u00a0Ankarze i\u00a0Stambule. Gazeta &#8222;Cumhuriyet&#8221; informuje, \u017ce s\u0142u\u017cby analizuj\u0105 mo\u017cliwo\u015b\u0107 przeprowadzenia zamach\u00f3w w\u00a0miejscach publicznych, takich jak centra handlowe. <\/p>\n<p>W zwi\u0105zku z\u00a0tym w\u0142adze podj\u0119\u0142y kroki w\u00a0celu zwi\u0119kszenia bezpiecze\u0144stwa w\u00a0kraju.<\/p>\n<p>&#8222;Wall Street Journal&#8221; donosi o\u00a0przerzucie ameryka\u0144skich wojsk do Karaib\u00f3w, co ma na celu wzmocnienie opcji militarnych USA w\u00a0regionie. Prezydent Donald Trump ostrzeg\u0142 przyw\u00f3dc\u0119 Wenezueli, Nicolasa Maduro, o\u00a0mo\u017cliwych konsekwencjach w\u00a0przypadku dalszych prowokacji.<\/p>\n<p> USA nadal prowadz\u0105 intensywne dzia\u0142ania przeciwko przemytowi narkotyk\u00f3w zwi\u0105zanych z\u00a0wenezuelskim re\u017cimem.<\/p>\n","protected":false},"excerpt":{"rendered":"Zapraszamy na skr\u00f3t wydarze\u0144 z\u00a0nocy, czyli najwa\u017cniejsze i\u00a0najciekawsze materia\u0142y wybrane przez redakcj\u0119 Wirtualnej Polski. Znajdziesz go codziennie o\u00a06.30&hellip;\n","protected":false},"author":2,"featured_media":168611,"comment_status":"","ping_status":"","sticky":false,"template":"","format":"standard","meta":{"footnotes":""},"categories":[12],"tags":[32,33,36,37,27,34,35,28,31,25,42,38,40,39,41,29,30,26],"class_list":{"0":"post-168610","1":"post","2":"type-post","3":"status-publish","4":"format-standard","5":"has-post-thumbnail","7":"category-polska","8":"tag-breaking-news","9":"tag-breakingnews","10":"tag-featured-news","11":"tag-featurednews","12":"tag-headlines","13":"tag-latest-news","14":"tag-latestnews","15":"tag-naglowki","16":"tag-najwazniejsze-artykuly","17":"tag-news","18":"tag-pl","19":"tag-poland","20":"tag-polish","21":"tag-polska","22":"tag-polski","23":"tag-top-stories","24":"tag-topstories","25":"tag-wiadomosci"},"share_on_mastodon":{"url":"https:\/\/pubeurope.com\/@pl\/115774292301504213","error":""},"_links":{"self":[{"href":"https:\/\/www.europesays.com\/pl\/wp-json\/wp\/v2\/posts\/168610","targetHints":{"allow":["GET"]}}],"collection":[{"href":"https:\/\/www.europesays.com\/pl\/wp-json\/wp\/v2\/posts"}],"about":[{"href":"https:\/\/www.europesays.com\/pl\/wp-json\/wp\/v2\/types\/post"}],"author":[{"embeddable":true,"href":"https:\/\/www.europesays.com\/pl\/wp-json\/wp\/v2\/users\/2"}],"replies":[{"embeddable":true,"href":"https:\/\/www.europesays.com\/pl\/wp-json\/wp\/v2\/comments?post=168610"}],"version-history":[{"count":0,"href":"https:\/\/www.europesays.com\/pl\/wp-json\/wp\/v2\/posts\/168610\/revisions"}],"wp:featuredmedia":[{"embeddable":true,"href":"https:\/\/www.europesays.com\/pl\/wp-json\/wp\/v2\/media\/168611"}],"wp:attachment":[{"href":"https:\/\/www.europesays.com\/pl\/wp-json\/wp\/v2\/media?parent=168610"}],"wp:term":[{"taxonomy":"category","embeddable":true,"href":"https:\/\/www.europesays.com\/pl\/wp-json\/wp\/v2\/categories?post=168610"},{"taxonomy":"post_tag","embeddable":true,"href":"https:\/\/www.europesays.com\/pl\/wp-json\/wp\/v2\/tags?post=168610"}],"curies":[{"name":"wp","href":"https:\/\/api.w.org\/{rel}","templated":true}]}}