{"id":168614,"date":"2025-12-24T11:25:08","date_gmt":"2025-12-24T11:25:08","guid":{"rendered":"https:\/\/www.europesays.com\/pl\/168614\/"},"modified":"2025-12-24T11:25:08","modified_gmt":"2025-12-24T11:25:08","slug":"zaden-sekret-co-urban-mysli-o-religii-na-swieta-wyjezdza-z-polski","status":"publish","type":"post","link":"https:\/\/www.europesays.com\/pl\/168614\/","title":{"rendered":"\u017baden sekret, co Urban my\u015bli o religii. Na \u015bwi\u0119ta wyje\u017cd\u017ca z Polski"},"content":{"rendered":"<p class=\"art_paragraph\">Gdyby w kwietniu 2025 roku kto\u015b powiedzia\u0142 zwolnionemu z <a href=\"https:\/\/www.sport.pl\/gornik-zabrze#anchorLink\" rel=\"nofollow noopener\" target=\"_blank\">G\u00f3rnika Zabrze<\/a> Janowi Urbanowi, \u017ce nieca\u0142y rok p\u00f3\u017aniej poprowadzi reprezentacj\u0119 Polski w bara\u017cach o awans na <a href=\"https:\/\/www.sport.pl\/tenis\/7,64987,30022805,swiatek-wygrala-z-dawna-soba-przedwczesny-final-zawiodl-ale.html#anchorLink\" rel=\"nofollow noopener\" target=\"_blank\">fina\u0142y<\/a> mistrzostw \u015bwiata, ten pewnie by nie uwierzy\u0142. Tymczasem od momentu lipcowego zatrudnienia szkoleniowiec Bia\u0142o-Czerwonych poprawi\u0142 nie tylko <a href=\"https:\/\/wyniki.sport.pl\/pilka-nozna#anchorLink\" rel=\"nofollow noopener\" target=\"_blank\">wyniki<\/a> sportowe, ale i atmosfer\u0119 w szatni.<\/p>\n<p>\n    Zobacz wideo Tak Lech \u015bwi\u0119towa\u0142 mistrzostwo. &#8222;Pi\u0142em alkohol z Robertem Lewandowskim&#8221;\n  <\/p>\n<p> Tak selekcjoner sp\u0119dzi \u015bwi\u0119ta. Zdradzi\u0142, czego nie robi<\/p>\n<p class=\"art_paragraph\">W zwi\u0105zku z dobrze wykonan\u0105 prac\u0105, <a href=\"https:\/\/www.sport.pl\/pilka\/7,65037,32413275,urban-sie-nie-certolil-tak-ocenil-losowanie.html#anchorLink\" rel=\"nofollow noopener\" target=\"_blank\">Urban<\/a> uda\u0142 si\u0119 na zas\u0142u\u017cony urlop. W rozmowie z &#8222;Super Expressem&#8221; zdradzi\u0142, jak sp\u0119dzi \u015awi\u0119ta Bo\u017cego Narodzenia. Nie b\u0119dzie to w Polsce. Bo\u017ce Narodzenie selekcjoner przewa\u017cnie sp\u0119dza w Hiszpanii, w kt\u00f3rej przez d\u0142ugi czas wyst\u0119powa\u0142 w trakcie kariery pi\u0142karskiej. W\u00f3wczas broni\u0142 barw Osasuny, Realu Valladolid czy CD Toledo.<\/p>\n<p class=\"art_paragraph\">Urban ma z P\u00f3\u0142wyspu Iberyjskiego \u015bwietne wspomnienia z grudniowo-styczniowym okresem \u015bwi\u0105tecznym. Szczeg\u00f3lnie w jego pami\u0119\u0107 wry\u0142 si\u0119 obrazek ze \u015awi\u0119ta Trzech Kr\u00f3li, gdy wyst\u0119powa\u0142 w Osasunie. Wzi\u0105\u0142 wtedy udzia\u0142 w orszaku, obsadzaj\u0105c rol\u0119 kr\u00f3la Gaspara.<\/p>\n<p class=\"art_paragraph\">&#8211;\u00a0Wtedy po raz pierwszy jecha\u0142em na wielb\u0142\u0105dzie. I to ponad godzin\u0119, bo trzeba by\u0142o pierwsz\u0105 cz\u0119\u015b\u0107 trasy przejecha\u0107 a\u017c do urz\u0119du miasta. Na trasie ca\u0142ego orszaku by\u0142o ponad 100 tysi\u0119cy ludzi. Przygotowania trwa\u0142y od godziny \u00f3smej, a ca\u0142o\u015b\u0107 sko\u0144czy\u0142a si\u0119 nad ranem nast\u0119pnego dnia! Po zako\u0144czeniu orszaku zacz\u0119li\u015bmy je\u017adzi\u0107 na zam\u00f3wione wizyty po domach &#8211; opowiedzia\u0142 &#8222;Super Expressowi&#8221;.<\/p>\n<p class=\"art_paragraph\">63-latek zaznaczy\u0142, \u017ce cho\u0107 \u015bwi\u0119ta sp\u0119dzi poza Polsk\u0105, to na stole z pewno\u015bci\u0105 pojawi\u0105 si\u0119 <a href=\"https:\/\/www.sport.pl\/pilka\/7,65037,32404453,uwaga-oto-co-sie-musi-stac-by-polska-byla-losowana-z-1-koszyka.html#anchorLink\" rel=\"nofollow noopener\" target=\"_blank\">polskie<\/a> potrawy. Zdradzi\u0142 r\u00f3wnie\u017c, jakiej tradycji nie kultywuje i nie zrobi wyj\u0105tku tak\u017ce w tym roku.<\/p>\n<p class=\"art_paragraph\">&#8211; Nie \u015bpiewam kol\u0119d, bo nie potrafi\u0119 \u015bpiewa\u0107. Dlatego nie przeszkadzam. Ale zawsze mo\u017cna nuci\u0107 na przyk\u0142ad &#8222;W\u015br\u00f3d nocnej ciszy&#8221; &#8211; przyzna\u0142.<\/p>\n<p> Urban jasno o wierze w Boga. &#8222;Jestem praktykuj\u0105cy&#8221;<\/p>\n<p class=\"art_paragraph\">\u015awi\u0119ta Bo\u017cego Narodzenia maj\u0105 dla Jana Urbana wyj\u0105tkowy charakter. We wrze\u015bniu selekcjoner by\u0142 go\u015bciem podcastu &#8222;Wojew\u00f3dzkiK\u0119dzierski&#8221;. Tam otwarcie powiedzia\u0142 o kwestii swojej wiary w Boga.<\/p>\n<p class=\"art_paragraph\">&#8211;\u00a0Jestem praktykuj\u0105cy i chodz\u0119 do ko\u015bcio\u0142a. Traktuj\u0119 jako taki moment zastanowienia si\u0119 nad sob\u0105, nad w\u0142asnym \u017cyciem. Staram si\u0119 nie prosi\u0107 mocno o protekcj\u0119, bo wydaje mi si\u0119, \u017ce B\u00f3g ma teraz du\u017co roboty, a nie przejmowa\u0107 si\u0119 tym, czy ty wygrasz, czy przegrasz. Na mnie ma bardziej wp\u0142yw na takiej zasadzie, \u017cebym by\u0142 lepszym cz\u0142owiekiem &#8211; zaznaczy\u0142.<\/p>\n<p class=\"art_paragraph\">Reprezentacja Polski pod wodz\u0105 Jana Urbana jeszcze nie ponios\u0142a pora\u017cki. Kolejne spotkanie nasza kadra rozegra 26 marca na PGE Narodowym w Warszawie. Rywalem &#8222;Bia\u0142o-Czerwonych&#8221; w p\u00f3\u0142fina\u0142owym starciu bara\u017cowym b\u0119dzie Albania.<\/p>\n<p class=\"art_paragraph\">Zobacz te\u017c: <a href=\"https:\/\/www.sport.pl\/pilka\/7,64946,32492073,rewolucja-w-ekstraklasie-na-to-wszyscy-czekali.html\" class=\"art_link\" rel=\"dofollow noopener\" target=\"_blank\">Rewolucja w Ekstraklasie! Na to wszyscy czekali<\/a><\/p>\n","protected":false},"excerpt":{"rendered":"Gdyby w kwietniu 2025 roku kto\u015b powiedzia\u0142 zwolnionemu z G\u00f3rnika Zabrze Janowi Urbanowi, \u017ce nieca\u0142y rok p\u00f3\u017aniej poprowadzi&hellip;\n","protected":false},"author":2,"featured_media":149328,"comment_status":"","ping_status":"","sticky":false,"template":"","format":"standard","meta":{"footnotes":""},"categories":[24],"tags":[42,38,40,39,41,127,126],"class_list":{"0":"post-168614","1":"post","2":"type-post","3":"status-publish","4":"format-standard","5":"has-post-thumbnail","7":"category-sport","8":"tag-pl","9":"tag-poland","10":"tag-polish","11":"tag-polska","12":"tag-polski","13":"tag-sport","14":"tag-sports"},"share_on_mastodon":{"url":"https:\/\/pubeurope.com\/@pl\/115774300288657947","error":""},"_links":{"self":[{"href":"https:\/\/www.europesays.com\/pl\/wp-json\/wp\/v2\/posts\/168614","targetHints":{"allow":["GET"]}}],"collection":[{"href":"https:\/\/www.europesays.com\/pl\/wp-json\/wp\/v2\/posts"}],"about":[{"href":"https:\/\/www.europesays.com\/pl\/wp-json\/wp\/v2\/types\/post"}],"author":[{"embeddable":true,"href":"https:\/\/www.europesays.com\/pl\/wp-json\/wp\/v2\/users\/2"}],"replies":[{"embeddable":true,"href":"https:\/\/www.europesays.com\/pl\/wp-json\/wp\/v2\/comments?post=168614"}],"version-history":[{"count":0,"href":"https:\/\/www.europesays.com\/pl\/wp-json\/wp\/v2\/posts\/168614\/revisions"}],"wp:featuredmedia":[{"embeddable":true,"href":"https:\/\/www.europesays.com\/pl\/wp-json\/wp\/v2\/media\/149328"}],"wp:attachment":[{"href":"https:\/\/www.europesays.com\/pl\/wp-json\/wp\/v2\/media?parent=168614"}],"wp:term":[{"taxonomy":"category","embeddable":true,"href":"https:\/\/www.europesays.com\/pl\/wp-json\/wp\/v2\/categories?post=168614"},{"taxonomy":"post_tag","embeddable":true,"href":"https:\/\/www.europesays.com\/pl\/wp-json\/wp\/v2\/tags?post=168614"}],"curies":[{"name":"wp","href":"https:\/\/api.w.org\/{rel}","templated":true}]}}