{"id":168615,"date":"2025-12-24T11:26:09","date_gmt":"2025-12-24T11:26:09","guid":{"rendered":"https:\/\/www.europesays.com\/pl\/168615\/"},"modified":"2025-12-24T11:26:09","modified_gmt":"2025-12-24T11:26:09","slug":"krzysztof-ibisz-uciekl-z-polski-na-swieta-zdradzil-gdzie-spedza-wigilie","status":"publish","type":"post","link":"https:\/\/www.europesays.com\/pl\/168615\/","title":{"rendered":"Krzysztof Ibisz uciek\u0142 z Polski na \u015bwi\u0119ta. Zdradzi\u0142, gdzie sp\u0119dza Wigili\u0119"},"content":{"rendered":"<p class=\"article-p\" data-section=\"detail-body\">Gdy wi\u0119kszo\u015b\u0107 Polak\u00f3w szykuje barszcz, pierogi i ciep\u0142e swetry, Krzysztof Ibisz zrobi\u0142 co\u015b zupe\u0142nie odwrotnego. W sam\u0105 Wigili\u0119 pokaza\u0142, \u017ce w tym roku \u015bwi\u0119ta sp\u0119dza z dala od Warszawy.<\/p>\n<p>        Krzysztof Ibisz opu\u015bci\u0142 Warszaw\u0119. \u015awi\u0119ta sp\u0119dza daleko od Polski<\/p>\n<p class=\"article-p\" data-section=\"detail-body\">24 grudnia Krzysztof Ibisz opublikowa\u0142 na Instagramie zdj\u0119cie oraz \u015bwi\u0105teczny wpis, z kt\u00f3rego jasno wynika, \u017ce w tym roku postawi\u0142 na nietypowe \u015bwi\u0119ta. Zamiast \u015bniegu: piasek pod stopami, zamiast mrozu: letnia aura. Jak si\u0119 okazuje, prezenter Bo\u017ce Narodzenie sp\u0119dza poza krajem. &#8222;Kochani, w te \u015bwi\u0119ta \u017cycz\u0119 wam poczucia blisko\u015bci i szcz\u0119\u015bcia, rado\u015bci, odpoczynku i refleksji, je\u015bli jej potrzebujecie. Niech czas si\u0119 zatrzyma&#8221; \u2014 napisa\u0142 Ibisz, zwracaj\u0105c si\u0119 bezpo\u015brednio do fan\u00f3w.<\/p>\n<p>        \u015awi\u0119ta Krzysztofa Ibisza w ciep\u0142ym klimacie. Pad\u0142a konkretna lokalizacja<\/p>\n<p class=\"article-p\" data-section=\"detail-body\">Chwil\u0119 p\u00f3\u017aniej wszystko sta\u0142o si\u0119 jasne. Na Instastories pojawi\u0142 si\u0119 kr\u00f3tki, ale wymowny komunikat. &#8222;My w tym roku nietypowo w cieplejszym miejscu. Gran Canaria&#8221;. To w\u0142a\u015bnie tam Krzysztof Ibisz sp\u0119dza tegoroczne \u015bwi\u0119ta.<\/p>\n<p class=\"article-p\" data-section=\"detail-body\"><a href=\"https:\/\/ludzie.fakt.pl\/tak-wygladala-proba-tzg-ibisz-ujawnil-co-wydarzylo-sie-przed-nagraniem\/yk2zk32\" id=\"b2a27f58-b44d-49ea-a2ca-df0cbc5f0f26\" rel=\"nofollow noopener\" target=\"_blank\">Ibisz pokaza\u0142, co dzia\u0142o si\u0119 w trakcie pr\u00f3by &#8222;TzG&#8221;. Nie do wiary, co zrobi\u0142a Pavlovi\u0107<\/a><\/p>\n<p>        Rodzinne kadry z pla\u017cy. Tak Ibisz sp\u0119dza Bo\u017ce Narodzenie<\/p>\n<p class=\"article-p\" data-section=\"detail-body\">Na opublikowanym zdj\u0119ciu wida\u0107 Ibisza w bardzo prywatnym, rodzinnym wydaniu. Pla\u017ca, s\u0142o\u0144ce i bliscy. Fani szybko zareagowali na publikacj\u0119. W komentarzach posypa\u0142y si\u0119 \u017cyczenia i, jak \u0142atwo si\u0119 domy\u015bli\u0107, nutka zazdro\u015bci o pogod\u0119.<\/p>\n<p class=\"article-p\" data-section=\"detail-body\"><a href=\"https:\/\/ludzie.fakt.pl\/taniec-z-gwiazdami-krzysztof-ibisz-pokazal-co-czekalo-na-niego-za-kulisami\/pww2xnc\" id=\"35c5524e-7a87-4a48-b1b7-6446350a5371\" rel=\"nofollow noopener\" target=\"_blank\">Krzysztof Ibisz pokaza\u0142, co czeka\u0142o na niego za kulisami &#8222;TzG&#8221;. Jak s\u0142odko [ZDJ\u0118CIA]<\/a><\/p>\n<p class=\"article-p\" data-section=\"detail-body\"><a href=\"https:\/\/ludzie.fakt.pl\/syn-krzysztofa-ibisza-dostal-prace-w-tvp-oto-gdzie-wystapi\/5lcm1k4\" id=\"4afac50f-4318-4454-8d41-957f20c3e21c\" rel=\"nofollow noopener\" target=\"_blank\">26-letni syn Krzysztofa Ibisza zosta\u0142 aktorem! Nie uwierzycie, gdzie wyst\u0105pi<\/a><\/p>\n<p>        \/4<\/p>\n<p>                    <img decoding=\"async\" class=\"article-image-img\" loading=\"lazy\" alt=\"\" src=\"https:\/\/www.europesays.com\/pl\/wp-content\/uploads\/2025\/12\/Merk9kuTURBXy9iODNiN2ExZC00YjcyLTRlZDktODE1Yi1hNWVkYzRhMWMwZDkuanBlZ5GTAs0DSM0B2N4AAqEwAaExAQ.jpeg\" width=\"840\" height=\"472\"\/><\/p>\n<p>                  Materia\u0142y redakcyjne<\/p>\n<p class=\"article-gallery-p\">\n        Krzysztof Ibisz.\n    <\/p>\n<p>        \/4<\/p>\n<p>                    <img decoding=\"async\" class=\"article-image-img\" loading=\"lazy\" alt=\"\" src=\"https:\/\/www.europesays.com\/pl\/wp-content\/uploads\/2025\/12\/w-Fk9kuTURBXy83NzMxZmE5OC0xZWM4LTQwMzctOWY0MS02ZjU0Mjc2MGM3OTkuanBlZ5GTAs0DSM0EGt4AAqEwAaExAQ.jpeg\" width=\"840\" height=\"1050\"\/><\/p>\n<p>                  @krzysztof_ibisz_official \/ Instagram<\/p>\n<p class=\"article-gallery-p\">\n        Krzysztof Ibisz z rodzin\u0105 na Wyspach Kanaryjskich.\n    <\/p>\n","protected":false},"excerpt":{"rendered":"Gdy wi\u0119kszo\u015b\u0107 Polak\u00f3w szykuje barszcz, pierogi i ciep\u0142e swetry, Krzysztof Ibisz zrobi\u0142 co\u015b zupe\u0142nie odwrotnego. W sam\u0105 Wigili\u0119&hellip;\n","protected":false},"author":2,"featured_media":168616,"comment_status":"","ping_status":"","sticky":false,"template":"","format":"standard","meta":{"footnotes":""},"categories":[22],"tags":[122,42,38,40,39,41,123],"class_list":{"0":"post-168615","1":"post","2":"type-post","3":"status-publish","4":"format-standard","5":"has-post-thumbnail","7":"category-rozrywka","8":"tag-entertainment","9":"tag-pl","10":"tag-poland","11":"tag-polish","12":"tag-polska","13":"tag-polski","14":"tag-rozrywka"},"share_on_mastodon":{"url":"https:\/\/pubeurope.com\/@pl\/115774304369908719","error":""},"_links":{"self":[{"href":"https:\/\/www.europesays.com\/pl\/wp-json\/wp\/v2\/posts\/168615","targetHints":{"allow":["GET"]}}],"collection":[{"href":"https:\/\/www.europesays.com\/pl\/wp-json\/wp\/v2\/posts"}],"about":[{"href":"https:\/\/www.europesays.com\/pl\/wp-json\/wp\/v2\/types\/post"}],"author":[{"embeddable":true,"href":"https:\/\/www.europesays.com\/pl\/wp-json\/wp\/v2\/users\/2"}],"replies":[{"embeddable":true,"href":"https:\/\/www.europesays.com\/pl\/wp-json\/wp\/v2\/comments?post=168615"}],"version-history":[{"count":0,"href":"https:\/\/www.europesays.com\/pl\/wp-json\/wp\/v2\/posts\/168615\/revisions"}],"wp:featuredmedia":[{"embeddable":true,"href":"https:\/\/www.europesays.com\/pl\/wp-json\/wp\/v2\/media\/168616"}],"wp:attachment":[{"href":"https:\/\/www.europesays.com\/pl\/wp-json\/wp\/v2\/media?parent=168615"}],"wp:term":[{"taxonomy":"category","embeddable":true,"href":"https:\/\/www.europesays.com\/pl\/wp-json\/wp\/v2\/categories?post=168615"},{"taxonomy":"post_tag","embeddable":true,"href":"https:\/\/www.europesays.com\/pl\/wp-json\/wp\/v2\/tags?post=168615"}],"curies":[{"name":"wp","href":"https:\/\/api.w.org\/{rel}","templated":true}]}}