{"id":168617,"date":"2025-12-24T11:28:19","date_gmt":"2025-12-24T11:28:19","guid":{"rendered":"https:\/\/www.europesays.com\/pl\/168617\/"},"modified":"2025-12-24T11:28:19","modified_gmt":"2025-12-24T11:28:19","slug":"bilety-na-pociagi-o-polowe-tansze-gdzie-na-sylwestra-w-polsce","status":"publish","type":"post","link":"https:\/\/www.europesays.com\/pl\/168617\/","title":{"rendered":"Bilety na poci\u0105gi o po\u0142ow\u0119 ta\u0144sze. Gdzie na sylwestra w Polsce?"},"content":{"rendered":"<ol style=\"counter-reset:list-counter\" class=\"typography ids-typeset-body ids-typeset-body--preset-large list ids-list ids-list--ordered ids-list--size-large ids-list--marker-decimalLeadingZero \">\n<li class=\"ids-list-item\">\n<p>Dolny \u015al\u0105sk g\u0142\u00f3wnym celem zimowej promocji<\/p>\n<\/li>\n<li class=\"ids-list-item\">\n<p>Ceny promocyjnych bilet\u00f3w nawet poni\u017cej 50 z\u0142<\/p>\n<\/li>\n<li class=\"ids-list-item\">\n<p>Poci\u0105giem na sylwestra. Gdzie jeszcze warto pojecha\u0107?<\/p>\n<\/li>\n<li class=\"ids-list-item\">\n<p>Sylwester i d\u0142ugi weekend bez wy\u0142\u0105cze\u0144<\/p>\n<\/li>\n<\/ol>\n<p>Dolny \u015al\u0105sk g\u0142\u00f3wnym celem zimowej promocji<\/p>\n<p class=\"typography ids-typeset-body ids-typeset-body--preset-large link paragraph ids-paragraph ids-paragraph--default\">Najnowsza ods\u0142ona &#8222;Poniedzia\u0142kowego Odjazdu&#8221; zosta\u0142a wyra\u017anie ukierunkowana na Dolny \u015al\u0105sk. PKP Intercity obni\u017cy\u0142o ceny bilet\u00f3w\u00a0m.in. z Warszawy do Wroc\u0142awia, Jeleniej G\u00f3ry, Szklarskiej Por\u0119by oraz Zgorzelca. Promocj\u0105 obj\u0119te s\u0105 przejazdy realizowane w okresie od 29 grudnia 2025 roku do 21 stycznia 2026 roku, a wi\u0119c w czasie szczeg\u00f3lnie atrakcyjnym dla turyst\u00f3w.<\/p>\n<p class=\"typography ids-typeset-body ids-typeset-body--preset-large link paragraph ids-paragraph ids-paragraph--default\">Dolny \u015al\u0105sk to region, kt\u00f3ry zim\u0105 przyci\u0105ga bardzo r\u00f3\u017cnorodnych go\u015bci. Szklarska Por\u0119ba od lat pozostaje jednym z najpopularniejszych g\u00f3rskich kurort\u00f3w, gdzie narciarze mog\u0105 korzysta\u0107 z a\u017c 12 km tras w Szrenica Ski Arena, natomiast Wroc\u0142aw kusi \u015bwi\u0105teczn\u0105 atmosfer\u0105, jarmarkiem bo\u017conarodzeniowym, oraz licznymi muzeami.<\/p>\n<p class=\"typography ids-typeset-body ids-typeset-body--preset-large link paragraph ids-paragraph ids-paragraph--default\">Jelenia G\u00f3ra to miasto pe\u0142ne uroku, w kt\u00f3rym &#8211; poza spacerem po rynku &#8211; warto wybra\u0107 si\u0119 tak\u017ce na Zamek Chojnik. Jego malownicze ruiny wznosz\u0105 si\u0119 na szczycie g\u00f3ry w Karkonoszach i oferuj\u0105 imponuj\u0105ce widoki na okolic\u0119.<\/p>\n<p class=\"typography ids-typeset-body ids-typeset-body--preset-large link paragraph ids-paragraph ids-paragraph--default\">Zgorzelec, cho\u0107 na pierwszy rzut oka mo\u017ce wydawa\u0107 si\u0119 niepozornym miastem granicznym, kryje w sobie znacznie wi\u0119cej atrakcji, ni\u017c mo\u017cna si\u0119 spodziewa\u0107. Tu\u017c za Nys\u0105 \u0141u\u017cyck\u0105 znajduje si\u0119 G\u00f6rlitz &#8211; zachwycaj\u0105ce miasto o jednej z najwi\u0119kszych koncentracji zabytk\u00f3w w Niemczech, licz\u0105cej oko\u0142o 4000 obiekt\u00f3w. Spacer po jego ulicach to prawdziwa podr\u00f3\u017c w czasie, a historyczna zabudowa uznawana jest za jedn\u0105 z najlepiej zachowanych w Europie \u015arodkowej. Sam Zgorzelec mo\u017ce by\u0107 r\u00f3wnie\u017c doskona\u0142\u0105 baz\u0105 wypadow\u0105 do zwiedzania regionu, w tym m.in. s\u0142ynnego Zamku Czocha.<\/p>\n<p class=\"typography ids-typeset-body ids-typeset-body--preset-large link paragraph ids-paragraph ids-paragraph--default\">Co istotne, zni\u017cki obowi\u0105zuj\u0105 tak\u017ce na stacjach po\u015brednich, co zwi\u0119ksza dost\u0119pno\u015b\u0107 oferty.<\/p>\n<p>Ceny promocyjnych bilet\u00f3w nawet poni\u017cej 50 z\u0142<\/p>\n<p class=\"typography ids-typeset-body ids-typeset-body--preset-large link paragraph ids-paragraph ids-paragraph--default\">Najwi\u0119ksze zainteresowanie, jak zwykle, budz\u0105\u00a0ceny, a te zostaj\u0105 obni\u017cone o co najmniej 45 proc. W ramach promocji bilety z Warszawy do Wroc\u0142awia w poci\u0105gach IC mo\u017cna kupi\u0107 ju\u017c od 41,25 z\u0142.<\/p>\n<p class=\"typography ids-typeset-body ids-typeset-body--preset-large link paragraph ids-paragraph ids-paragraph--default\">Podr\u00f3\u017c Pendolino\u00a0to koszt od 92,95 z\u0142, natomiast w poci\u0105gach Express Intercity ceny zaczynaj\u0105 si\u0119 od 81,95 z\u0142 &#8211; bez uwzgl\u0119dniania ulg.<\/p>\n<p class=\"typography ids-typeset-body ids-typeset-body--preset-large link paragraph ids-paragraph ids-paragraph--default\">Atrakcyjnie prezentuj\u0105 si\u0119 r\u00f3wnie\u017c stawki na dalsze trasy. Przejazd do Jeleniej G\u00f3ry kosztuje od 45,10 z\u0142, do Szklarskiej Por\u0119by od 46,20 z\u0142, a do Zgorzelca od 46,75 z\u0142 w poci\u0105gach IC i TLK.<\/p>\n<p><img decoding=\"async\" class=\"ids-image-holder__img\" loading=\"lazy\" alt=\"Pasa\u017cerowie z walizkami stoj\u0105 na dworcu, czekaj\u0105 na poci\u0105g przy tablicy z rozk\u0142adem jazdy \" title=\"W tym roku na sylwestra poci\u0105giem pojedziemy taniej!\" width=\"2000\" height=\"1333\" src=\"https:\/\/www.europesays.com\/pl\/wp-content\/uploads\/2025\/12\/000KVN1OD0U9R36K-C323-F4.webp.webp\"\/><\/p>\n<p>W tym roku na sylwestra poci\u0105giem pojedziemy taniej!Mateusz Kotowicz\/REPORTEREast News<\/p>\n<p>Poci\u0105giem na sylwestra. Gdzie jeszcze warto pojecha\u0107?<\/p>\n<p class=\"typography ids-typeset-body ids-typeset-body--preset-large link paragraph ids-paragraph ids-paragraph--default\">Mimo \u017ce promocja &#8222;Poniedzia\u0142kowego Odjazdu&#8221; obowi\u0105zuje wy\u0142\u0105cznie na wybrane po\u0142\u0105czenia, warto pami\u0119ta\u0107, \u017ce PKP Intercity oferuje wiele innych promocji, dzi\u0119ki kt\u00f3rym bilety na sylwestra czy d\u0142ugi weekend w styczniu wci\u0105\u017c mo\u017cemy dosta\u0107 w promocyjnych cenach.<\/p>\n<p class=\"typography ids-typeset-body ids-typeset-body--preset-large link paragraph ids-paragraph ids-paragraph--default\">Warto zwr\u00f3ci\u0107 uwag\u0119 na promocj\u0119\u00a0&#8222;Taniej z Bliskimi&#8221;, dzi\u0119ki kt\u00f3rej podr\u00f3\u017cuj\u0105c w grupie od 2 do 6 os\u00f3b, zaoszcz\u0119dzi\u0107 mo\u017cemy nawet 30 proc. na pierwotnej cenie biletu.<\/p>\n<p class=\"typography ids-typeset-body ids-typeset-body--preset-large link paragraph ids-paragraph ids-paragraph--default\">Gdzie zatem warto pojecha\u0107 w Polsce na sylwestra?<\/p>\n<p class=\"typography ids-typeset-body ids-typeset-body--preset-large link paragraph ids-paragraph ids-paragraph--default\">Do najch\u0119tniej wybieranych kierunk\u00f3w nale\u017c\u0105 g\u00f3ry &#8211; Tatry, Bieszczady czy Beskidy przyci\u0105gaj\u0105 nie tylko spektakularnymi widokami, ale tak\u017ce bogat\u0105 ofert\u0105 zimowych atrakcji i licznych wydarze\u0144 organizowanych na zako\u0144czenie roku. Sylwester w g\u00f3rskim otoczeniu pozwala po\u0142\u0105czy\u0107 aktywny wypoczynek na \u015bwie\u017cym powietrzu z tradycyjn\u0105 zabaw\u0105 do bia\u0142ego rana. Poza Dolnym \u015al\u0105skiem warto rozwa\u017cy\u0107 Tatry &#8211; zw\u0142aszcza <a href=\"https:\/\/kobieta.interia.pl\/tagi-zakopane,tId,92783\" target=\"_self\" rel=\"nofollow noopener\">Zakopane<\/a> &#8211; oraz Bieszczady, do kt\u00f3rych bez problemu dojedziemy poci\u0105gami Intercity do Sanoka lub Zag\u00f3rza, a stamt\u0105d lokalnymi po\u0142\u0105czeniami.<\/p>\n<p class=\"typography ids-typeset-body ids-typeset-body--preset-large link paragraph ids-paragraph ids-paragraph--default\">R\u00f3wnie popularnym wyborem na powitanie nowego roku jest polskie wybrze\u017ce, szczeg\u00f3lnie <a href=\"https:\/\/kobieta.interia.pl\/tagi-trojmiasto,tId,94004\" target=\"_self\" rel=\"nofollow noopener\">Tr\u00f3jmiasto<\/a>. Na miejscu czeka szeroka gama atrakcji: od klubowych imprez tanecznych, przez kameralne koncerty jazzowe, a\u017c po eleganckie kolacje sylwestrowe w restauracjach. Dodatkow\u0105 atrakcj\u0105 dla odwiedzaj\u0105cych mo\u017ce by\u0107 tak\u017ce koncert sylwestrowy w Operze Le\u015bnej, kt\u00f3ry przyci\u0105gnie mi\u0142o\u015bnik\u00f3w muzyki na \u017cywo.<\/p>\n<p><img decoding=\"async\" class=\"ids-image-holder__img\" loading=\"lazy\" alt=\"O\u015bnie\u017cone Zakopane wieczorem z lotu ptaka, w tle wida\u0107 Tatry o\u015bwietlone zachodem s\u0142o\u0144ca\" title=\"Jednym z najch\u0119tniej wybieranych kierunk\u00f3w na sylwestra w Polsce jest Zakopane\" width=\"1200\" height=\"799\" src=\"https:\/\/www.europesays.com\/pl\/wp-content\/uploads\/2025\/12\/000DQQ3273RO6P5L-C323-F4.webp.webp\"\/><\/p>\n<p>Jednym z najch\u0119tniej wybieranych kierunk\u00f3w na sylwestra w Polsce jest Zakopane123RF\/PICSEL<\/p>\n<p>Sylwester i d\u0142ugi weekend bez wy\u0142\u0105cze\u0144<\/p>\n<p class=\"typography ids-typeset-body ids-typeset-body--preset-large link paragraph ids-paragraph ids-paragraph--default\">W przeciwie\u0144stwie do wielu innych ofert promocyjnych, tym razem PKP Intercity nie wy\u0142\u0105cza najbardziej obleganych termin\u00f3w. Ta\u0144sze bilety obowi\u0105zuj\u0105 r\u00f3wnie\u017c w sylwestra oraz podczas styczniowego d\u0142ugiego weekendu.<\/p>\n<p class=\"typography ids-typeset-body ids-typeset-body--preset-large link paragraph ids-paragraph ids-paragraph--default\">Przewo\u017anik podkre\u015bla jednak, \u017ce\u00a0liczba promocyjnych miejsc jest ograniczona, a sama sprzeda\u017c ta\u0144szych bilet\u00f3w trwa tylko w poniedzia\u0142ki. Zainteresowanie przejazdami w tym okresie tradycyjnie jest bardzo du\u017ce, dlatego osoby planuj\u0105ce zimowy wyjazd powinny podj\u0105\u0107 decyzj\u0119 mo\u017cliwie szybko. Dla wielu podr\u00f3\u017cnych to jedna z nielicznych okazji, by zaplanowa\u0107 \u015bwi\u0105teczno-noworoczn\u0105 podr\u00f3\u017c kolej\u0105 w wyra\u017anie ni\u017cszej cenie.<\/p>\n<p class=\"typography ids-typeset-body ids-typeset-body--preset-large link paragraph ids-paragraph ids-paragraph--default\">Nie musisz jecha\u0107 daleko, by poczu\u0107 klimat przygody! Zobacz, dok\u0105d warto wybra\u0107 si\u0119 w weekend lub na wakacje. Wi\u0119cej inspiracji znajdziesz na <a href=\"https:\/\/kobieta.interia.pl\/podroze\" target=\"_blank\" rel=\"nofollow noopener\">kobieta.interia.pl\/podr\u00f3\u017ce<\/a><\/p>\n<p><a href=\"https:\/\/kobieta.interia.pl\/podroze\" target=\"_blank\" rel=\"noreferrer nofollow noopener\"><img decoding=\"async\" class=\"ids-image-holder__img\" loading=\"lazy\" alt=\"Pla\u017ca z piaskiem i kilkoma drzewami, pojedynczy samoch\u00f3d zaparkowany blisko brzegu zielonego jeziora, widok z lotu ptaka, typowa scena podr\u00f3\u017cnicza.\" title=\"Odwied\u017a miejsca, kt\u00f3re zachwycaj\u0105 klimatem i inspiruj\u0105\" width=\"851\" height=\"315\" src=\"https:\/\/www.europesays.com\/pl\/wp-content\/uploads\/2025\/12\/000LVL032VAQWD2A-C323-F4.webp.webp\"\/><\/a><\/p>\n<p>Odwied\u017a miejsca, kt\u00f3re zachwycaj\u0105 klimatem i inspiruj\u0105Canva ProINTERIA.PL<\/p>\n<p>Zdanowicz pomi\u0119dzy wersami: Odc. 159: Igor Dobrowolski i Zbigniew Ma\u0144kowskiINTERIA.PL<\/p>\n<p><a class=\"ids-undecorated-link source ids-page-info--source__link\" href=\"https:\/\/www.interia.pl\" rel=\"nofollow noopener\" target=\"_blank\"><img decoding=\"async\" class=\"ids-image-holder__img\" loading=\"lazy\" alt=\"\" title=\"\" height=\"24px\" src=\"https:\/\/www.europesays.com\/pl\/wp-content\/uploads\/2025\/12\/1766553731_41_0009A60QQ5I2TYF7-C202-F4.webp.webp\"\/><\/a><\/p>\n<p>Masz sugestie, uwagi albo widzisz b\u0142\u0105d? Napisz do nas<\/p>\n","protected":false},"excerpt":{"rendered":"Dolny \u015al\u0105sk g\u0142\u00f3wnym celem zimowej promocji Ceny promocyjnych bilet\u00f3w nawet poni\u017cej 50 z\u0142 Poci\u0105giem na sylwestra. Gdzie jeszcze&hellip;\n","protected":false},"author":2,"featured_media":168618,"comment_status":"","ping_status":"","sticky":false,"template":"","format":"standard","meta":{"footnotes":""},"categories":[16],"tags":[113,112,42,38,40,39,41],"class_list":{"0":"post-168617","1":"post","2":"type-post","3":"status-publish","4":"format-standard","5":"has-post-thumbnail","7":"category-biznes","8":"tag-biznes","9":"tag-business","10":"tag-pl","11":"tag-poland","12":"tag-polish","13":"tag-polska","14":"tag-polski"},"share_on_mastodon":{"url":"https:\/\/pubeurope.com\/@pl\/115774312681713090","error":""},"_links":{"self":[{"href":"https:\/\/www.europesays.com\/pl\/wp-json\/wp\/v2\/posts\/168617","targetHints":{"allow":["GET"]}}],"collection":[{"href":"https:\/\/www.europesays.com\/pl\/wp-json\/wp\/v2\/posts"}],"about":[{"href":"https:\/\/www.europesays.com\/pl\/wp-json\/wp\/v2\/types\/post"}],"author":[{"embeddable":true,"href":"https:\/\/www.europesays.com\/pl\/wp-json\/wp\/v2\/users\/2"}],"replies":[{"embeddable":true,"href":"https:\/\/www.europesays.com\/pl\/wp-json\/wp\/v2\/comments?post=168617"}],"version-history":[{"count":0,"href":"https:\/\/www.europesays.com\/pl\/wp-json\/wp\/v2\/posts\/168617\/revisions"}],"wp:featuredmedia":[{"embeddable":true,"href":"https:\/\/www.europesays.com\/pl\/wp-json\/wp\/v2\/media\/168618"}],"wp:attachment":[{"href":"https:\/\/www.europesays.com\/pl\/wp-json\/wp\/v2\/media?parent=168617"}],"wp:term":[{"taxonomy":"category","embeddable":true,"href":"https:\/\/www.europesays.com\/pl\/wp-json\/wp\/v2\/categories?post=168617"},{"taxonomy":"post_tag","embeddable":true,"href":"https:\/\/www.europesays.com\/pl\/wp-json\/wp\/v2\/tags?post=168617"}],"curies":[{"name":"wp","href":"https:\/\/api.w.org\/{rel}","templated":true}]}}