{"id":168619,"date":"2025-12-24T11:29:11","date_gmt":"2025-12-24T11:29:11","guid":{"rendered":"https:\/\/www.europesays.com\/pl\/168619\/"},"modified":"2025-12-24T11:29:11","modified_gmt":"2025-12-24T11:29:11","slug":"pierwsze-boze-narodzenie-leona-xiv-zmienil-harmonogram-swiat","status":"publish","type":"post","link":"https:\/\/www.europesays.com\/pl\/168619\/","title":{"rendered":"Pierwsze Bo\u017ce Narodzenie Leona XIV. Zmieni\u0142 harmonogram \u015bwi\u0105t"},"content":{"rendered":"<p>Leon XIV po raz pierwszy poprowadzi watyka\u0144skie obchody Bo\u017cego Narodzenia. We wtorek wieczorem wr\u00f3ci z\u00a0kr\u00f3tkiego wypoczynku w\u00a0Castel Gandolfo. <\/p>\n<p>T\u0119 zup\u0119 wigilijn\u0105 ugotujesz w\u00a015\u00a0minut. Ca\u0142a rodzina b\u0119dzie ni\u0105 oczarowana <\/p>\n<p>W Wigili\u0119 nie b\u0119dzie audiencji generalnej. O\u00a0godz. 22 w\u00a0bazylice \u015bw. Piotra rozpocznie si\u0119 pasterka pod jego przewodnictwem i\u00a0zako\u0144czy przed p\u00f3\u0142noc\u0105. W\u00a0ostatnich latach pasterk\u0119 sprawowano wcze\u015bniej.<\/p>\n<p>Od czas\u00f3w pontyfikatu Jana Paw\u0142a II w\u00a0Watykanie nie odprawiano porannej mszy 25 grudnia. Leon XIV t\u0119 praktyk\u0119 wznawia. Eucharystia w\u00a0bazylice watyka\u0144skiej rozpocznie si\u0119 w\u00a0czwartek o\u00a0godz. 10. <\/p>\n<p>W po\u0142udnie papie\u017c wyg\u0142osi \u015bwi\u0105teczne or\u0119dzie z\u00a0balkonu bazyliki i\u00a0udzieli b\u0142ogos\u0142awie\u0144stwa Urbi et Orbi. Na placu \u015bw. Piotra zbior\u0105 si\u0119 tysi\u0105ce wiernych.<\/p>\n<p>W drugi dzie\u0144 \u015awi\u0105t, w\u00a0uroczysto\u015b\u0107 \u015bw. Szczepana, papie\u017c poprowadzi modlitw\u0119 Anio\u0142 Pa\u0144ski w\u00a0po\u0142udnie. R\u00f3wnolegle w\u00a0Rzymie rusz\u0105 obrz\u0119dy zamykania Drzwi \u015awi\u0119tych, kt\u00f3re zwie\u0144cz\u0105 trwaj\u0105cy od Wigilii ubieg\u0142ego roku Rok \u015awi\u0119ty. To kolejny akcent powrotu do tradycji i\u00a0porz\u0105dkowania kalendarza liturgicznego.<\/p>\n<p>25 grudnia po po\u0142udniu jako pierwsze zamkni\u0119te zostan\u0105 Drzwi \u015awi\u0119te w\u00a0bazylice Matki Bo\u017cej Wi\u0119kszej, gdzie spoczywa papie\u017c Franciszek. Ceremonii przewodniczy\u0107 b\u0119dzie archiprezbiter \u015bwi\u0105tyni, kard. Rolandas Makrickas.<\/p>\n<p> 27 grudnia Drzwi \u015awi\u0119te w\u00a0Lateranie zamknie wikariusz diecezji rzymskiej, kard. Baldassare Reina, a\u00a028 grudnia w\u00a0bazylice \u015bw. Paw\u0142a za Murami uczyni to archiprezbiter, kard. James Harvey.<\/p>\n<p>W ostatni dzie\u0144 roku Leon XIV spotka si\u0119 rano z\u00a0wiernymi na audiencji generalnej, a\u00a0o\u00a0godz. 17 poprowadzi nieszpory w\u00a0bazylice watyka\u0144skiej. Nie podano, czy po modlitwie przejdzie do szopki na placu \u015bw. Piotra.<\/p>\n<p> 1\u00a0stycznia, w\u00a0\u015awiatowy Dzie\u0144 Pokoju, papie\u017c odprawi msz\u0119 o\u00a0godz. 10 i\u00a0odm\u00f3wi Anio\u0142 Pa\u0144ski w\u00a0po\u0142udnie. 6 stycznia, w\u00a0uroczysto\u015b\u0107 Objawienia Pa\u0144skiego, zamknie Drzwi \u015awi\u0119te w\u00a0bazylice \u015bw. Piotra, formalnie ko\u0144cz\u0105c Rok \u015awi\u0119ty. Dzie\u0144 p\u00f3\u017aniej rozpocznie si\u0119 nadzwyczajny, dwudniowy konsystorz z\u00a0udzia\u0142em kardyna\u0142\u00f3w z\u00a0ca\u0142ego \u015bwiata, kt\u00f3ry ma mie\u0107 charakter wsp\u00f3lnotowy i\u00a0doradczy dla dalszego kierowania Ko\u015bcio\u0142em.<\/p>\n","protected":false},"excerpt":{"rendered":"Leon XIV po raz pierwszy poprowadzi watyka\u0144skie obchody Bo\u017cego Narodzenia. We wtorek wieczorem wr\u00f3ci z\u00a0kr\u00f3tkiego wypoczynku w\u00a0Castel Gandolfo.&hellip;\n","protected":false},"author":2,"featured_media":168620,"comment_status":"","ping_status":"","sticky":false,"template":"","format":"standard","meta":{"footnotes":""},"categories":[14],"tags":[32,33,27,34,35,28,31,25,40,41,80,29,30,26,82,83,84],"class_list":{"0":"post-168619","1":"post","2":"type-post","3":"status-publish","4":"format-standard","5":"has-post-thumbnail","7":"category-swiat","8":"tag-breaking-news","9":"tag-breakingnews","10":"tag-headlines","11":"tag-latest-news","12":"tag-latestnews","13":"tag-naglowki","14":"tag-najwazniejsze-artykuly","15":"tag-news","16":"tag-polish","17":"tag-polski","18":"tag-swiat","19":"tag-top-stories","20":"tag-topstories","21":"tag-wiadomosci","22":"tag-world","23":"tag-world-news","24":"tag-worldnews"},"share_on_mastodon":{"url":"https:\/\/pubeurope.com\/@pl\/115774315969638957","error":""},"_links":{"self":[{"href":"https:\/\/www.europesays.com\/pl\/wp-json\/wp\/v2\/posts\/168619","targetHints":{"allow":["GET"]}}],"collection":[{"href":"https:\/\/www.europesays.com\/pl\/wp-json\/wp\/v2\/posts"}],"about":[{"href":"https:\/\/www.europesays.com\/pl\/wp-json\/wp\/v2\/types\/post"}],"author":[{"embeddable":true,"href":"https:\/\/www.europesays.com\/pl\/wp-json\/wp\/v2\/users\/2"}],"replies":[{"embeddable":true,"href":"https:\/\/www.europesays.com\/pl\/wp-json\/wp\/v2\/comments?post=168619"}],"version-history":[{"count":0,"href":"https:\/\/www.europesays.com\/pl\/wp-json\/wp\/v2\/posts\/168619\/revisions"}],"wp:featuredmedia":[{"embeddable":true,"href":"https:\/\/www.europesays.com\/pl\/wp-json\/wp\/v2\/media\/168620"}],"wp:attachment":[{"href":"https:\/\/www.europesays.com\/pl\/wp-json\/wp\/v2\/media?parent=168619"}],"wp:term":[{"taxonomy":"category","embeddable":true,"href":"https:\/\/www.europesays.com\/pl\/wp-json\/wp\/v2\/categories?post=168619"},{"taxonomy":"post_tag","embeddable":true,"href":"https:\/\/www.europesays.com\/pl\/wp-json\/wp\/v2\/tags?post=168619"}],"curies":[{"name":"wp","href":"https:\/\/api.w.org\/{rel}","templated":true}]}}