{"id":168621,"date":"2025-12-24T11:30:18","date_gmt":"2025-12-24T11:30:18","guid":{"rendered":"https:\/\/www.europesays.com\/pl\/168621\/"},"modified":"2025-12-24T11:30:18","modified_gmt":"2025-12-24T11:30:18","slug":"takiej-pogody-w-wigilie-dawno-nie-mielismy-fala-mrozow-rozleje-sie-po-polsce","status":"publish","type":"post","link":"https:\/\/www.europesays.com\/pl\/168621\/","title":{"rendered":"Takiej pogody w Wigili\u0119 dawno nie mieli\u015bmy. Fala mroz\u00f3w rozleje si\u0119 po Polsce"},"content":{"rendered":"<p class=\"ods-c-paragraph \">Od rana w wi\u0119kszo\u015bci kraju jest pogodnie, ale zimno, na p\u00f3\u0142nocnym wschodzie ju\u017c z dwucyfrowym mrozem. Wyj\u0105tek stanowi\u0105 regiony po\u0142udniowe, gdzie utrzymuje si\u0119 spore zachmurzenie i czasami pr\u00f3szy s\u0142aby \u015bnieg.<\/p>\n<p>Nadci\u0105ga powiew zimowej pogody. Wigilia z mrozem, a na po\u0142udniu tak\u017ce z opadami \u015bniegu<\/p>\n<p class=\"ods-c-paragraph \">W kolejnych godzinach <a href=\"https:\/\/wiadomosci.onet.pl\/pogoda\" id=\"25ae5942-5e1d-4563-bb21-7ca4d6bdd45a\" rel=\"nofollow noopener\" target=\"_blank\">pogoda<\/a> zapowiada si\u0119 bardzo podobnie. Od \u015al\u0105ska po Ma\u0142opolsk\u0119 i Podkarpacie utrzyma si\u0119 wi\u0119ksze zachmurzenie, a na Podhalu prawdopodobnie w og\u00f3le si\u0119 nie przeja\u015bni. Do tego wci\u0105\u017c mo\u017ce pada\u0107 lekki \u015bnieg, zw\u0142aszcza w g\u00f3rach oraz u ich podn\u00f3\u017ca. Reszta kraju mo\u017ce dzi\u015b liczy\u0107 na bardzo \u0142adn\u0105, s\u0142oneczn\u0105 aur\u0119. P\u00f3\u017anym popo\u0142udniem i wieczorem lokalnie zrobi si\u0119 nawet bezchmurnie.<\/p>\n<p>   <img decoding=\"async\" src=\"https:\/\/www.europesays.com\/pl\/wp-content\/uploads\/2025\/12\/SW0k9lBaHR0cHM6Ly9vY2RuLmV1L3B1bHNjbXMvTURBXy84MDBiNmVmNTgyZjJmYmFhY2EyMmEzZTEwYTdlNDc0Yi5wbmeRlQLNB.jpeg\" height=\"1142\" width=\"940\" alt=\"Wigilia b\u0119dzie mro\u017ana, a na po\u0142udniu mo\u017ce pojawi\u0107 si\u0119 zanikaj\u0105cy \u015bnieg\" loading=\"lazy\" class=\"ods-c-image__img ods-c-image__img--vertical\"\/><\/p>\n<p>Wigilia b\u0119dzie mro\u017ana, a na po\u0142udniu mo\u017ce pojawi\u0107 si\u0119 zanikaj\u0105cy \u015bniegArkadiusz P\u0142achta \/ Onet<\/p>\n<p class=\"ods-c-paragraph \">Temperatura b\u0119dzie dzi\u015b du\u017co ni\u017csza ni\u017c ostatnio. Tylko na zachodzie i po\u0142udniowym wschodzie maksymalnie nie zapowiadamy <a href=\"https:\/\/wiadomosci.onet.pl\/mroz\" id=\"5aa200a7-c64a-4983-8950-6974bd7e3ae7\" rel=\"nofollow noopener\" target=\"_blank\">mrozu<\/a>, a 0-1 st. C. W g\u0142\u0119bi kraju odnotujemy od -3 do -1 st. C, a na Warmii, Mazurach, Podlasiu, Lubelszczy\u017anie, wschodzie oraz p\u00f3\u0142nocy Mazowsza -5\/-4 st. C.<\/p>\n<p>Dalszy ci\u0105g artyku\u0142u pod materia\u0142em wideo<\/p>\n<p> Jakie s\u0105 prognozy pogody na Wigili\u0119? <\/p>\n<p> Jakie temperatury b\u0119d\u0105 w nocy? <\/p>\n<p> Gdzie spadnie \u015bnieg w Wigili\u0119? <\/p>\n<p> Gdzie b\u0119dzie du\u017co s\u0142o\u0144ca dzisiaj? <\/p>\n<p class=\"ods-c-paragraph \">Wiatr s\u0142aby i umiarkowany, na po\u0142udniu porywisty, pot\u0119guj\u0105cy odczucie zimna, wschodni oraz p\u00f3\u0142nocno-wschodni. Warunki biometeorologiczne, dzi\u0119ki <a href=\"https:\/\/wiadomosci.onet.pl\/slonce\" id=\"af21d8a9-d278-405e-9236-16bd0b6c0453\" rel=\"nofollow noopener\" target=\"_blank\">s\u0142o\u0144cu<\/a>, zaczn\u0105 si\u0119 dzi\u015b szybko poprawia\u0107. Tylko na po\u0142udniu pozostan\u0105 niekorzystne.<\/p>\n<p>W nocy \u015bci\u015bnie solidny mr\u00f3z. Temperatura spadnie poni\u017cej -10 st. C, ale b\u0119dzie pogodnie   <\/p>\n<p class=\"ods-c-paragraph \">W nocy na po\u0142udniu, p\u00f3\u0142nocy i p\u00f3\u0142nocnym wschodzie spodziewamy si\u0119 ma\u0142ego i umiarkowanego zachmurzenia. Nad reszt\u0105 kraju b\u0119dzie bezchmurnie. Na Pog\u00f3rzu Karpackim, zw\u0142aszcza do p\u00f3\u0142nocy, niewykluczone s\u0105 jeszcze symbolicznie, zanikaj\u0105ce opady \u015bniegu.<\/p>\n<p>   <img decoding=\"async\" src=\"https:\/\/www.europesays.com\/pl\/wp-content\/uploads\/2025\/12\/_6Jk9lBaHR0cHM6Ly9vY2RuLmV1L3B1bHNjbXMvTURBXy8wZDEzZDdjZmI5OTEzZGU1NTlmYTA1ODc4ZjA3NzMxMi5wbmeRlQLNB.jpeg\" height=\"1142\" width=\"940\" alt=\"Noc b\u0119dzie bardzo zimna, miejscami pojawi si\u0119 dwucyfrowy mr\u00f3z\" loading=\"lazy\" class=\"ods-c-image__img ods-c-image__img--vertical\"\/><\/p>\n<p>Noc b\u0119dzie bardzo zimna, miejscami pojawi si\u0119 dwucyfrowy mr\u00f3zArkadiusz P\u0142achta \/ Onet<\/p>\n<p class=\"ods-c-paragraph \">B\u0119dzie bardzo zimno. Nad ranem s\u0142upki rt\u0119ci poka\u017c\u0105 od -11 do -7 st. C, ale punktowo niewykluczone s\u0105 jeszcze wi\u0119ksze spadki, do -13\/-12 st. C. L\u017cejszy mr\u00f3z zapowiadamy na Pomorzu i po\u0142udniowym zachodzie, ok. -6\/-5 st. C. Wiatr s\u0142aby i umiarkowany, wschodni oraz p\u00f3\u0142nocno-wschodni, na Mazurach okresami tak\u017ce zmienny.<\/p>\n","protected":false},"excerpt":{"rendered":"Od rana w wi\u0119kszo\u015bci kraju jest pogodnie, ale zimno, na p\u00f3\u0142nocnym wschodzie ju\u017c z dwucyfrowym mrozem. Wyj\u0105tek stanowi\u0105&hellip;\n","protected":false},"author":2,"featured_media":168622,"comment_status":"","ping_status":"","sticky":false,"template":"","format":"standard","meta":{"footnotes":""},"categories":[12],"tags":[32,33,36,37,27,34,35,6987,28,31,48,25,3865,46,42,78,38,40,39,41,47,1984,7312,29,30,26,7441],"class_list":{"0":"post-168621","1":"post","2":"type-post","3":"status-publish","4":"format-standard","5":"has-post-thumbnail","7":"category-polska","8":"tag-breaking-news","9":"tag-breakingnews","10":"tag-featured-news","11":"tag-featurednews","12":"tag-headlines","13":"tag-latest-news","14":"tag-latestnews","15":"tag-mroz","16":"tag-naglowki","17":"tag-najwazniejsze-artykuly","18":"tag-nat_styl","19":"tag-news","20":"tag-ochlodzenie","21":"tag-omp","22":"tag-pl","23":"tag-pogoda","24":"tag-poland","25":"tag-polish","26":"tag-polska","27":"tag-polski","28":"tag-screening_general","29":"tag-slonce","30":"tag-snieg","31":"tag-top-stories","32":"tag-topstories","33":"tag-wiadomosci","34":"tag-zima"},"share_on_mastodon":{"url":"https:\/\/pubeurope.com\/@pl\/115774320160231934","error":""},"_links":{"self":[{"href":"https:\/\/www.europesays.com\/pl\/wp-json\/wp\/v2\/posts\/168621","targetHints":{"allow":["GET"]}}],"collection":[{"href":"https:\/\/www.europesays.com\/pl\/wp-json\/wp\/v2\/posts"}],"about":[{"href":"https:\/\/www.europesays.com\/pl\/wp-json\/wp\/v2\/types\/post"}],"author":[{"embeddable":true,"href":"https:\/\/www.europesays.com\/pl\/wp-json\/wp\/v2\/users\/2"}],"replies":[{"embeddable":true,"href":"https:\/\/www.europesays.com\/pl\/wp-json\/wp\/v2\/comments?post=168621"}],"version-history":[{"count":0,"href":"https:\/\/www.europesays.com\/pl\/wp-json\/wp\/v2\/posts\/168621\/revisions"}],"wp:featuredmedia":[{"embeddable":true,"href":"https:\/\/www.europesays.com\/pl\/wp-json\/wp\/v2\/media\/168622"}],"wp:attachment":[{"href":"https:\/\/www.europesays.com\/pl\/wp-json\/wp\/v2\/media?parent=168621"}],"wp:term":[{"taxonomy":"category","embeddable":true,"href":"https:\/\/www.europesays.com\/pl\/wp-json\/wp\/v2\/categories?post=168621"},{"taxonomy":"post_tag","embeddable":true,"href":"https:\/\/www.europesays.com\/pl\/wp-json\/wp\/v2\/tags?post=168621"}],"curies":[{"name":"wp","href":"https:\/\/api.w.org\/{rel}","templated":true}]}}