{"id":168623,"date":"2025-12-24T11:31:13","date_gmt":"2025-12-24T11:31:13","guid":{"rendered":"https:\/\/www.europesays.com\/pl\/168623\/"},"modified":"2025-12-24T11:31:13","modified_gmt":"2025-12-24T11:31:13","slug":"eksplozja-w-moskwie-nie-zyja-trzy-osoby-w-miejscu-zamachu-na-rosyjskiego-generala","status":"publish","type":"post","link":"https:\/\/www.europesays.com\/pl\/168623\/","title":{"rendered":"Eksplozja w Moskwie, nie \u017cyj\u0105 trzy osoby. W miejscu zamachu na rosyjskiego genera\u0142a"},"content":{"rendered":"<p class=\"Paragraph_desktopParagraph__U31Gm\">Czytaj wi\u0119cej: <a href=\"https:\/\/www.onet.pl\/informacje\/onetwiadomosci\/wolodymyr-zelenski-ujawnia-pelny-20-punktowy-projekt-planu-pokojowego\/s6431pq,79cfc278\" id=\"749bddd9-c3b5-451f-9f3f-94e842e550ae\" rel=\"nofollow noopener\" target=\"_blank\">Wo\u0142odymyr Ze\u0142enski ujawnia pe\u0142ny, 20-punktowy projekt planu pokojowego<\/a><\/p>\n<p class=\"Paragraph_desktopParagraph__U31Gm\">Prokuratura przekaza\u0142a, \u017ce \u0142adunek wybuchowy zosta\u0142 zdetonowany w chwili, gdy policjanci pr\u00f3bowali aresztowa\u0107 podejrzanego, kt\u00f3ry sta\u0142 ko\u0142o samochodu. Do zdarzenia dosz\u0142o oko\u0142o godz. 1.30 w nocy z wtorku na \u015brod\u0119 czasu moskiewskiego (godz. 23.30 we wtorek czasu polskiego).<\/p>\n<p class=\"Paragraph_desktopParagraph__U31Gm\">Zobacz: <a href=\"https:\/\/wiadomosci.onet.pl\/swiat\/eksplozja-samochodu-w-moskwie-zginal-gen-fanil-sarwarow\/fqve0vq\" id=\"10ded0f0-0e68-445d-9f80-cd8754c05484\" rel=\"nofollow noopener\" target=\"_blank\">Zamach bombowy w Moskwie. Nie \u017cyje genera\u0142<\/a><\/p>\n<p class=\"VideoPlayerText_videoPlayerText__iDwyz\">Dalszy ci\u0105g materia\u0142u pod wideo<\/p>\n<p class=\"Paragraph_desktopParagraph__U31Gm\">Zobacz tak\u017ce: <a href=\"https:\/\/wiadomosci.onet.pl\/swiat\/postepy-rosji-na-froncie-ukrainskie-wojsko-opuscilo-siewiersk\/gz960qr\" id=\"a76bc0ce-ac46-4fad-b754-554147660175\" rel=\"nofollow noopener\" target=\"_blank\">Niepokoj\u0105ce informacje z Ukrainy. Rosjanie czyni\u0105 post\u0119py na froncie<\/a><\/p>\n<ul class=\"OchatFollowUps_wrapper__1ry7X\">\n<li class=\"OchatFollowUps_item__Dhyly OchatFollowUps_itemDesktop__R6aBv\">Ile os\u00f3b zgin\u0119\u0142o w eksplozji w Moskwie?<\/li>\n<li class=\"OchatFollowUps_item__Dhyly OchatFollowUps_itemDesktop__R6aBv\">Kto by\u0142 jedn\u0105 z ofiar wybuchu?<\/li>\n<li class=\"OchatFollowUps_item__Dhyly OchatFollowUps_itemDesktop__R6aBv\">Na jakiej ulicy dosz\u0142o do zamachu?<\/li>\n<li class=\"OchatFollowUps_item__Dhyly OchatFollowUps_itemDesktop__R6aBv\">Co zrobiono po zdetonowaniu \u0142adunku wybuchowego?<\/li>\n<\/ul>\n<p class=\"Paragraph_desktopParagraph__U31Gm\">Jak podaje TASS, \u015bledczy i biegli s\u0105dowi z moskiewskiej prokuratury kontynuuj\u0105 ogl\u0119dziny miejsca zbrodni. Trwaj\u0105 prace nad przygotowaniem materia\u0142u do bada\u0144 kryminalistycznych, w tym genetycznych, medycznych i materia\u0142\u00f3w wybuchowych. Eksperci ustalaj\u0105, w jaki spos\u00f3b dosz\u0142o do detonacji \u0142adunku wybuchowego. Trwaj\u0105 przes\u0142uchania \u015bwiadk\u00f3w i analiza kamer monitoringu.<\/p>\n<p>Eksplozja w Moskwie zabi\u0142a trzy osoby <\/p>\n<p class=\"Paragraph_desktopParagraph__U31Gm\">Biuro prasowe rosyjskiego MSW zapewnia, \u017ce rodzinom policjant\u00f3w zabitych na ulicy Jeleckiej w Moskwie zostanie udzielona wszelka niezb\u0119dna pomoc.<\/p>\n<p class=\"Paragraph_desktopParagraph__U31Gm\">&#8222;Kierownictwo i personel G\u0142\u00f3wnego Zarz\u0105du MSW Rosji w Moskwie sk\u0142adaj\u0105 szczere kondolencje rodzinom porucznika policji Ilji Klimanowa i porucznika policji Maksyma Gorbunowa, inspektor\u00f3w oddzielnego batalionu policji drogowej [&#8230;], kt\u00f3rzy zostali \u015bmiertelnie ranni podczas pe\u0142nienia obowi\u0105zk\u00f3w s\u0142u\u017cbowych&#8221; \u2014 przekaza\u0142o biuro prasowe.<\/p>\n<p class=\"Paragraph_desktopParagraph__U31Gm\">Ilja Klimanow mia\u0142 24 lata i do\u0142\u0105czy\u0142 do moskiewskiej policji w pa\u017adzierniku 2023 r. Maksym Gorbunow mia\u0142 25 lat i do\u0142\u0105czy\u0142 do policji w lutym 2022 r. Pozostawi\u0142 \u017con\u0119 i dziewi\u0119ciomiesi\u0119czn\u0105 c\u00f3rk\u0119 \u2014 podaje agencja TASS.<\/p>\n<p>Rosyjski genera\u0142 ginie w zamachu <\/p>\n<p class=\"Paragraph_desktopParagraph__U31Gm\">Genera\u0142 major Fani\u0142 Sarwarow, odpowiedzialny za system szkolenia rosyjskiej armii, zgin\u0105\u0142 w poniedzia\u0142ek rano na skutek wybuchu improwizowanego \u0142adunku wybuchowego, ukrytego w samochodzie, kt\u00f3rym jecha\u0142.<\/p>\n<p class=\"Paragraph_desktopParagraph__U31Gm\">Wed\u0142ug prokuratury, za przeprowadzenie zamachu odpowiedzialny by\u0142 17-letni mieszkaniec Moskwy. Jak przekaza\u0142y rosyjskie organy \u015bcigania, nastolatek mia\u0142 dzia\u0142a\u0107 na zlecenie ukrai\u0144skich s\u0142u\u017cb specjalnych i zosta\u0142 zatrzymany nied\u0142ugo po ataku.<\/p>\n","protected":false},"excerpt":{"rendered":"Czytaj wi\u0119cej: Wo\u0142odymyr Ze\u0142enski ujawnia pe\u0142ny, 20-punktowy projekt planu pokojowego Prokuratura przekaza\u0142a, \u017ce \u0142adunek wybuchowy zosta\u0142 zdetonowany w&hellip;\n","protected":false},"author":2,"featured_media":168624,"comment_status":"","ping_status":"","sticky":false,"template":"","format":"standard","meta":{"footnotes":""},"categories":[5],"tags":[32,33,5012,36,37,27,67,34,35,4349,28,31,53,25,52,68,51,55,42,38,40,39,41,62,47,29,30,65,50,26,1152],"class_list":{"0":"post-168623","1":"post","2":"type-post","3":"status-publish","4":"format-standard","5":"has-post-thumbnail","7":"category-naglowki","8":"tag-breaking-news","9":"tag-breakingnews","10":"tag-eksplozja","11":"tag-featured-news","12":"tag-featurednews","13":"tag-headlines","14":"tag-intextvideo_splayer","15":"tag-latest-news","16":"tag-latestnews","17":"tag-moskwa_miasto","18":"tag-naglowki","19":"tag-najwazniejsze-artykuly","20":"tag-new_header","21":"tag-news","22":"tag-onet3","23":"tag-onet3d","24":"tag-onet3d_2i","25":"tag-phx","26":"tag-pl","27":"tag-poland","28":"tag-polish","29":"tag-polska","30":"tag-polski","31":"tag-rosja_kraj_rosjanin_rosjanie_rosjanka_rosjanki","32":"tag-screening_general","33":"tag-top-stories","34":"tag-topstories","35":"tag-update_me","36":"tag-v2021","37":"tag-wiadomosci","38":"tag-zamach"},"share_on_mastodon":{"url":"https:\/\/pubeurope.com\/@pl\/115774323685323149","error":""},"_links":{"self":[{"href":"https:\/\/www.europesays.com\/pl\/wp-json\/wp\/v2\/posts\/168623","targetHints":{"allow":["GET"]}}],"collection":[{"href":"https:\/\/www.europesays.com\/pl\/wp-json\/wp\/v2\/posts"}],"about":[{"href":"https:\/\/www.europesays.com\/pl\/wp-json\/wp\/v2\/types\/post"}],"author":[{"embeddable":true,"href":"https:\/\/www.europesays.com\/pl\/wp-json\/wp\/v2\/users\/2"}],"replies":[{"embeddable":true,"href":"https:\/\/www.europesays.com\/pl\/wp-json\/wp\/v2\/comments?post=168623"}],"version-history":[{"count":0,"href":"https:\/\/www.europesays.com\/pl\/wp-json\/wp\/v2\/posts\/168623\/revisions"}],"wp:featuredmedia":[{"embeddable":true,"href":"https:\/\/www.europesays.com\/pl\/wp-json\/wp\/v2\/media\/168624"}],"wp:attachment":[{"href":"https:\/\/www.europesays.com\/pl\/wp-json\/wp\/v2\/media?parent=168623"}],"wp:term":[{"taxonomy":"category","embeddable":true,"href":"https:\/\/www.europesays.com\/pl\/wp-json\/wp\/v2\/categories?post=168623"},{"taxonomy":"post_tag","embeddable":true,"href":"https:\/\/www.europesays.com\/pl\/wp-json\/wp\/v2\/tags?post=168623"}],"curies":[{"name":"wp","href":"https:\/\/api.w.org\/{rel}","templated":true}]}}