{"id":168625,"date":"2025-12-24T11:32:11","date_gmt":"2025-12-24T11:32:11","guid":{"rendered":"https:\/\/www.europesays.com\/pl\/168625\/"},"modified":"2025-12-24T11:32:11","modified_gmt":"2025-12-24T11:32:11","slug":"dramat-sochana-to-moze-byc-koniec-przygody","status":"publish","type":"post","link":"https:\/\/www.europesays.com\/pl\/168625\/","title":{"rendered":"Dramat Sochana. To mo\u017ce by\u0107 koniec przygody"},"content":{"rendered":"<p>W nocy z 23 na 24 grudnia San Antonio Spurs pokonali obecnego lidera Konferencji Zachodniej Oklahoma City Thunder 130:110. Dla dru\u017cyny z Teksasu by\u0142o to kolejne zwyci\u0119stwo w tym sezonie. Niestety, w sk\u0142adzie na to spotkanie nie znalaz\u0142 si\u0119 Jeremy Sochan. Wiadomo, co si\u0119 sta\u0142o.<\/p>\n<p>Jeremy Sochan prze\u017cywa najtrudniejszy czas odk\u0105d w 2022 roku do\u0142\u0105czy\u0142 do NBA. Reprezentant Polski w tym sezonie najpierw leczy\u0142 kontuzj\u0119, \u017ceby po jej wyleczeniu nie dostawa\u0107 zbyt wielu minut na parkiecie od trenera Mitcha Johnsona. Od dawna m\u00f3wi si\u0119 o mo\u017cliwym opuszczeniu skrzyd\u0142owego szereg\u00f3w &#8222;Ostr\u00f3g&#8221; i przeniesieniu do innego klubu.<\/p>\n<p>\u00a0<\/p>\n<p>ZOBACZ TAK\u017bE: <a href=\"https:\/\/www.polsatsport.pl\/wiadomosc\/2025-12-14\/przegrali-dopiero-drugi-mecz-w-sezonie-druzyna-polaka-zagra-w-finale\/\" rel=\"nofollow noopener\" target=\"_blank\">Przegrali dopiero drugi mecz w sezonie! Dru\u017cyna Polaka zagra w finale<\/a><\/p>\n<p>\u00a0<\/p>\n<p>W nocy z 23 na 24 grudnia San Antonio Spurs ograli aktualnego mistrza NBA i obecnego lidera Konferencji Zachodniej Oklahoma City Thunder. &#8222;Ostrogi&#8221; do zwyci\u0119stwa poprowadzi\u0142o trio: Keldon Johnson (25 punkt\u00f3w), Stephon Castle (24) i do\u015bwiadczony Harrison Barnes (20). Dobrze zaprezentowa\u0142 si\u0119 te\u017c lider Spurs Victor Wembanyama, kt\u00f3ry zdoby\u0142 12 punkt\u00f3w, mia\u0142 pi\u0119\u0107 zbi\u00f3rek oraz trzy asysty.<\/p>\n<p>\u00a0<\/p>\n<p>Niestety na parkiecie trudno by\u0142o szuka\u0107 Jeremy\u2019ego Sochana. Polski skrzyd\u0142owy nie znalaz\u0142 si\u0119 w sk\u0142adzie na mecz, co by\u0142o spowodowane decyzj\u0105 trenera. Oznacza to, \u017ce dni Sochana w Spurs mog\u0105 by\u0107 policzone. Polak mimo tego, \u017ce jest zdrowy nie znajduje uznania w\u015br\u00f3d obecnego sztabu szkoleniowego. Przed Polakiem czas wa\u017cnych decyzji i by\u0107 mo\u017ce szansa na odbudowanie swojej reputacji w innym klubie NBA.<\/p>\n<p>\u00a0<\/p>\n<p>Jeremy Sochan trafi\u0142 do NBA w 2022 roku. Polak zosta\u0142 wybrany przez San Antonio Spurs z numerem 9 w pierwszej rundzie draftu.<\/p>\n<p>JZ, Polsat Sport<\/p>\n<p><a class=\"news__read-more-button\" href=\"https:\/\/www.polsatsport.pl\/\" rel=\"nofollow noopener\" target=\"_blank\">Przejd\u017a na Polsatsport.pl<\/a><img decoding=\"async\" src=\"https:\/\/www.europesays.com\/pl\/wp-content\/uploads\/2025\/12\/5ojh3sk2219wg4x1agktc9ievmtkuxjh.jpg\" alt=\"\" itemprop=\"contentUrl\" style=\"position:absolute; width: 100%; max-height: 100%;\"\/><video controls=\"\" controlslist=\"nodownload\" poster=\"https:\/\/www.europesays.com\/pl\/wp-content\/uploads\/2025\/12\/5ojh3sk2219wg4x1agktc9ievmtkuxjh.jpg\" class=\"videoPlayer player7305452 news__video\" data-id=\"7305452\">Twoja przegl\u0105darka nie wspiera odtwarzacza wideo&#8230;<\/video>PolsatSport.pl w wersji na telefony z systemem Android i iOS!<\/p>\n<p class=\"app-ad__preview\">Najnowsze informacje i wiadomo\u015bci na bie\u017c\u0105co, gdziekolwiek jeste\u015b.<\/p>\n","protected":false},"excerpt":{"rendered":"W nocy z 23 na 24 grudnia San Antonio Spurs pokonali obecnego lidera Konferencji Zachodniej Oklahoma City Thunder&hellip;\n","protected":false},"author":2,"featured_media":168626,"comment_status":"","ping_status":"","sticky":false,"template":"","format":"standard","meta":{"footnotes":""},"categories":[24],"tags":[42,38,40,39,41,127,126],"class_list":{"0":"post-168625","1":"post","2":"type-post","3":"status-publish","4":"format-standard","5":"has-post-thumbnail","7":"category-sport","8":"tag-pl","9":"tag-poland","10":"tag-polish","11":"tag-polska","12":"tag-polski","13":"tag-sport","14":"tag-sports"},"share_on_mastodon":{"url":"https:\/\/pubeurope.com\/@pl\/115774328041043349","error":""},"_links":{"self":[{"href":"https:\/\/www.europesays.com\/pl\/wp-json\/wp\/v2\/posts\/168625","targetHints":{"allow":["GET"]}}],"collection":[{"href":"https:\/\/www.europesays.com\/pl\/wp-json\/wp\/v2\/posts"}],"about":[{"href":"https:\/\/www.europesays.com\/pl\/wp-json\/wp\/v2\/types\/post"}],"author":[{"embeddable":true,"href":"https:\/\/www.europesays.com\/pl\/wp-json\/wp\/v2\/users\/2"}],"replies":[{"embeddable":true,"href":"https:\/\/www.europesays.com\/pl\/wp-json\/wp\/v2\/comments?post=168625"}],"version-history":[{"count":0,"href":"https:\/\/www.europesays.com\/pl\/wp-json\/wp\/v2\/posts\/168625\/revisions"}],"wp:featuredmedia":[{"embeddable":true,"href":"https:\/\/www.europesays.com\/pl\/wp-json\/wp\/v2\/media\/168626"}],"wp:attachment":[{"href":"https:\/\/www.europesays.com\/pl\/wp-json\/wp\/v2\/media?parent=168625"}],"wp:term":[{"taxonomy":"category","embeddable":true,"href":"https:\/\/www.europesays.com\/pl\/wp-json\/wp\/v2\/categories?post=168625"},{"taxonomy":"post_tag","embeddable":true,"href":"https:\/\/www.europesays.com\/pl\/wp-json\/wp\/v2\/tags?post=168625"}],"curies":[{"name":"wp","href":"https:\/\/api.w.org\/{rel}","templated":true}]}}