{"id":168627,"date":"2025-12-24T11:33:11","date_gmt":"2025-12-24T11:33:11","guid":{"rendered":"https:\/\/www.europesays.com\/pl\/168627\/"},"modified":"2025-12-24T11:33:11","modified_gmt":"2025-12-24T11:33:11","slug":"kevin-costner-znow-pozwany-czy-uda-mu-sie-skonczyc-serie-horyzont","status":"publish","type":"post","link":"https:\/\/www.europesays.com\/pl\/168627\/","title":{"rendered":"Kevin Costner zn\u00f3w pozwany. Czy uda mu si\u0119 sko\u0144czy\u0107 seri\u0119 &#8222;Horyzont&#8221;?"},"content":{"rendered":"<p>W poniedzia\u0142ek 22 grudnia 2025 roku do kalifornijskiego s\u0105du wp\u0142yn\u0105\u0142 akt oskar\u017cenia przeciwko\u00a0<a href=\"https:\/\/film.interia.pl\/gwiazda-kevin-costner,pId,13225\" rel=\"nofollow noopener\" target=\"_blank\">Costnerowi<\/a>\u00a0o niewywi\u0105zanie si\u0119 z umowy z wypo\u017cyczalni\u0105 kostium\u00f3w. Gwiazdor &#8222;Ta\u0144cz\u0105cego z wilkami&#8221; jest jej winien 440 tysi\u0119cy dolar\u00f3w. W\u0142a\u015bciciel wypo\u017cyczalni utrzymuje tak\u017ce, \u017ce poni\u00f3s\u0142 dodatkowe koszty z powodu niewywi\u0105zania si\u0119 Costnera z umowy.<\/p>\n<p>Aktor mierzy si\u0119 ju\u017c z problemami finansowymi i innymi pozwami, mi\u0119dzy innymi ze strony kaskaderki Davyn LaBelli. Mimo to szuka funduszy na uko\u0144czenie projektu swego \u017cycia. Ostatnio stara\u0142 si\u0119 sprzeda\u0107 swoj\u0105 wizj\u0119 w Arabii Saudyjskiej. Nie uda\u0142o si\u0119 mu jednak podpisa\u0107 \u017cadnej umowy.<\/p>\n<p>&#13;<br \/>\n    &#13;<br \/>\n            Wideo&#13;<\/p>\n<p>        &#13;<br \/>\n&#13;<br \/>\n    &#13;<br \/>\n        &#13;<br \/>\n                &#13;<\/p>\n<p>&#13;<br \/>\n                                        &#8222;Horyzont. Rozdzia\u0142 I&#8221; [trailer]&#13;<br \/>\n                                        materia\u0142y prasowe&#13;\n                    <\/p>\n<p>&#13;<\/p>\n<p>Saga &#8222;Horyzont&#8221;, zaplanowana przez Costnera jako dzie\u0142o jego \u017cycia, mia\u0142a sk\u0142ada\u0107 si\u0119 z czterech ponad trzygodzinnych cz\u0119\u015bci.\u00a0<a href=\"https:\/\/film.interia.pl\/film-horyzont-rozdzial-i,fId,21817\" rel=\"nofollow noopener\" target=\"_blank\">&#8222;Rozdzia\u0142 1&#8221;<\/a>\u00a0debiutowa\u0142 podczas festiwalu w Cannes w maju 2024 roku, a kilka tygodni p\u00f3\u017aniej wszed\u0142 do kin. Jego bud\u017cet mia\u0142 wynie\u015b\u0107 ponad 100 milion\u00f3w dolar\u00f3w. 38 milion\u00f3w pochodzi\u0142o z maj\u0105tku Costnera.<\/p>\n<p><a href=\"https:\/\/film.interia.pl\/film-horyzont-rozdzial-2,fId,21918\" rel=\"nofollow noopener\" target=\"_blank\">&#8222;Rozdzia\u0142 2&#8221;<\/a>\u00a0mia\u0142 wej\u015b\u0107 do kin w sierpniu 2024 roku. Jednak po ch\u0142odnym przyj\u0119ciu pierwszej cz\u0119\u015bci i jej pora\u017cce finansowej film trafi\u0142 na p\u00f3\u0142k\u0119. Pierwsze pokazy odby\u0142y si\u0119 w czasie festiwalu w Wenecji w 2025 roku. Recenzje nie by\u0142y najlepsze. Nie wiadomo, kiedy film wejdzie do szerokiej dystrybucji w kinach lub na streamingu.<\/p>\n<p>Costner nadal zamierza nakr\u0119ci\u0107 dwa ostatnie cz\u0119\u015bci &#8222;Horyzontu&#8221;. &#8222;Rozdzia\u0142 3&#8221; nie ma zamkni\u0119tego bud\u017cetu. Dotychczas ekipa pracowa\u0142a nad nim tylko przez dziewi\u0119\u0107 dni zdj\u0119ciowych. Costner rozwa\u017ca\u0142 nawet budow\u0119 w\u0142asnego studia filmowego w Utah, by uci\u0105\u0107 koszty kolejnego filmu. Tych plan\u00f3w tak\u017ce nie uda\u0142o si\u0119 zrealizowa\u0107.<\/p>\n<p>&#13;<br \/>\n    &#13;<br \/>\n            Wideo&#13;<\/p>\n<p>        &#13;<br \/>\n&#13;<br \/>\n    &#13;<br \/>\n        &#13;<br \/>\n                &#13;<\/p>\n<p>&#13;<br \/>\n                                        &#8222;Odyseja&#8221; [trailer]&#13;<br \/>\n                                        materia\u0142y prasowe&#13;\n                    <\/p>\n<p>&#13;<\/p>\n<p>                    &#13;<br \/>\n        &#13;<\/p>\n<p>                        <a href=\"https:\/\/www.interia.pl?module=source\" target=\"_blank\" rel=\"nofollow noopener\"><\/p>\n<p>                                    <img decoding=\"async\" src=\"https:\/\/www.europesays.com\/pl\/wp-content\/uploads\/2025\/10\/1761676688_499_0009A60QQ5I2TYF7-C301.jpg\" alt=\"INTERIA.PL\"\/><br \/>\n                                            <\/a><\/p>\n<p>        &#13;<br \/>\n&#13;<br \/>\n    &#13;<\/p>\n<p>    &#13;<br \/>\n    &#13;<br \/>\n            &#13;<br \/>\n        &#13;<\/p>\n","protected":false},"excerpt":{"rendered":"W poniedzia\u0142ek 22 grudnia 2025 roku do kalifornijskiego s\u0105du wp\u0142yn\u0105\u0142 akt oskar\u017cenia przeciwko\u00a0Costnerowi\u00a0o niewywi\u0105zanie si\u0119 z umowy z&hellip;\n","protected":false},"author":2,"featured_media":168628,"comment_status":"","ping_status":"","sticky":false,"template":"","format":"standard","meta":{"footnotes":""},"categories":[22],"tags":[122,42,38,40,39,41,123],"class_list":{"0":"post-168627","1":"post","2":"type-post","3":"status-publish","4":"format-standard","5":"has-post-thumbnail","7":"category-rozrywka","8":"tag-entertainment","9":"tag-pl","10":"tag-poland","11":"tag-polish","12":"tag-polska","13":"tag-polski","14":"tag-rozrywka"},"share_on_mastodon":{"url":"https:\/\/pubeurope.com\/@pl\/115774331770441506","error":""},"_links":{"self":[{"href":"https:\/\/www.europesays.com\/pl\/wp-json\/wp\/v2\/posts\/168627","targetHints":{"allow":["GET"]}}],"collection":[{"href":"https:\/\/www.europesays.com\/pl\/wp-json\/wp\/v2\/posts"}],"about":[{"href":"https:\/\/www.europesays.com\/pl\/wp-json\/wp\/v2\/types\/post"}],"author":[{"embeddable":true,"href":"https:\/\/www.europesays.com\/pl\/wp-json\/wp\/v2\/users\/2"}],"replies":[{"embeddable":true,"href":"https:\/\/www.europesays.com\/pl\/wp-json\/wp\/v2\/comments?post=168627"}],"version-history":[{"count":0,"href":"https:\/\/www.europesays.com\/pl\/wp-json\/wp\/v2\/posts\/168627\/revisions"}],"wp:featuredmedia":[{"embeddable":true,"href":"https:\/\/www.europesays.com\/pl\/wp-json\/wp\/v2\/media\/168628"}],"wp:attachment":[{"href":"https:\/\/www.europesays.com\/pl\/wp-json\/wp\/v2\/media?parent=168627"}],"wp:term":[{"taxonomy":"category","embeddable":true,"href":"https:\/\/www.europesays.com\/pl\/wp-json\/wp\/v2\/categories?post=168627"},{"taxonomy":"post_tag","embeddable":true,"href":"https:\/\/www.europesays.com\/pl\/wp-json\/wp\/v2\/tags?post=168627"}],"curies":[{"name":"wp","href":"https:\/\/api.w.org\/{rel}","templated":true}]}}