{"id":168631,"date":"2025-12-24T11:36:18","date_gmt":"2025-12-24T11:36:18","guid":{"rendered":"https:\/\/www.europesays.com\/pl\/168631\/"},"modified":"2025-12-24T11:36:18","modified_gmt":"2025-12-24T11:36:18","slug":"tato-chce-wrocic-do-domu-tak-pisza-najemnicy-z-rosyjskiej-armii","status":"publish","type":"post","link":"https:\/\/www.europesays.com\/pl\/168631\/","title":{"rendered":"&#8222;Tato, chc\u0119 wr\u00f3ci\u0107 do domu&#8221;. Tak pisz\u0105 najemnicy z rosyjskiej armii"},"content":{"rendered":"<p>Ojciec tr\u00f3jki dzieci z\u00a0RPA, Dubandlela, by\u0142 dumny, kiedy jego 20-letni syn w\u00a0lipcu dosta\u0142 si\u0119 na szkolenie na elitarnego ochroniarza VIP w\u00a0Rosji, co opisuje Reuters.<\/p>\n<p>Pi\u0119\u0107 miesi\u0119cy p\u00f3\u017aniej Dubandlela jest zrozpaczony. Jego syn mia\u0142a pa\u015b\u0107 ofiar\u0105 oszustwa rekrutacyjnego, w\u00a0wyniku kt\u00f3rego on i\u00a0co najmniej 16 innych obywateli RPA zosta\u0142o wcielonych do nieokre\u015blonej grupy najemnik\u00f3w i\u00a0wys\u0142anych do rosyjskich si\u0142 w\u00a0Ukrainie. &#8211;\u00a0Obwiniam siebie &#8211;\u00a0powiedzia\u0142 Dubandlela agencji Reuters w\u00a0swoim domu w\u00a0Durbanie, dodaj\u0105c, \u017ce nie by\u0142 w\u00a0stanie op\u0142aci\u0107 synowi studi\u00f3w.<\/p>\n<p>Polsat stawia scen\u0119 w\u00a0Toruniu. To\u00a0wideo pokazuje jej rozmiary <\/p>\n<p>&#8222;Czasami przez tydzie\u0144 nie ma jedzenia, czasami brak jest wody&#8221; &#8211;\u00a0czyta\u0142 te\u017c list swego syna. &#8222;Chc\u0119 wr\u00f3ci\u0107 do domu. Prosz\u0119, tato, porozmawiaj z\u00a0kim\u015b&#8221; &#8211;\u00a0doda\u0142. <\/p>\n<p>Ministerstwo spraw zagranicznych Rosji nie odpowiedzia\u0142o na pro\u015bb\u0119 agencji o\u00a0komentarz dotycz\u0105cy tego oszustwa ani sytuacji 17 obywateli RPA. Syn Dubandleli relacjonowa\u0142 ojcu, \u017ce wraz z\u00a0innymi rekrutami sp\u0119dza ca\u0142y dzie\u0144 na kopaniu okop\u00f3w w\u00a0niskich temperaturach.<\/p>\n<p>Wi\u0119ksz\u0105 cz\u0119\u015b\u0107 Donbasu kontroluj\u0105 obecnie si\u0142y rosyjskie, a\u00a0walki w\u00a0tym regionie trwaj\u0105 od inwazji Rosji na Ukrain\u0119 w\u00a0lutym 2022 roku.<\/p>\n<p>W listopadzie tego roku minister spraw zagranicznych Ukrainy Andrij Sybiha poda\u0142, \u017ce w\u00a0wojnie przeciwko Ukrainie po stronie Rosji walczy\u0142o w\u00f3wczas ponad 1400 os\u00f3b z\u00a036 kraj\u00f3w afryka\u0144skich. Wezwa\u0142 jednocze\u015bnie rz\u0105dy tych pa\u0144stw, aby ostrzeg\u0142y swoich obywateli przed zaci\u0105gni\u0119ciem si\u0119 do rosyjskiej armii. <\/p>\n<p>&#8222;Obcokrajowc\u00f3w w\u00a0armii rosyjskiej spotka\u0142 smutny los&#8221; &#8211;\u00a0wskaza\u0142 we wpisie w\u00a0serwisie X, dodaj\u0105c, \u017ce wi\u0119kszo\u015b\u0107 z\u00a0nich szybko ginie. &#8222;Wi\u0119kszo\u015b\u0107 najemnik\u00f3w nie prze\u017cywa d\u0142u\u017cej ni\u017c miesi\u0105c &#8211;\u00a0napisa\u0142.<\/p>\n<p>&#8222;Rosja rekrutuje obywateli kraj\u00f3w afryka\u0144skich r\u00f3\u017cnymi metodami. Niekt\u00f3rym oferuje si\u0119 pieni\u0105dze, inni s\u0105 oszukiwani i\u00a0nie zdaj\u0105 sobie sprawy, na co si\u0119 pisz\u0105 lub s\u0105 do tego zmuszani. Podpisanie umowy jest r\u00f3wnoznaczne z\u00a0podpisaniem wyroku \u015bmierci&#8221; -podkre\u015bli\u0142 ukrai\u0144ski polityk.<\/p>\n<p>\u0179r\u00f3d\u0142a: Reuters, serwis X<\/p>\n","protected":false},"excerpt":{"rendered":"Ojciec tr\u00f3jki dzieci z\u00a0RPA, Dubandlela, by\u0142 dumny, kiedy jego 20-letni syn w\u00a0lipcu dosta\u0142 si\u0119 na szkolenie na elitarnego&hellip;\n","protected":false},"author":2,"featured_media":168632,"comment_status":"","ping_status":"","sticky":false,"template":"","format":"standard","meta":{"footnotes":""},"categories":[14],"tags":[32,33,27,34,35,28,31,25,40,41,80,29,30,26,82,83,84],"class_list":{"0":"post-168631","1":"post","2":"type-post","3":"status-publish","4":"format-standard","5":"has-post-thumbnail","7":"category-swiat","8":"tag-breaking-news","9":"tag-breakingnews","10":"tag-headlines","11":"tag-latest-news","12":"tag-latestnews","13":"tag-naglowki","14":"tag-najwazniejsze-artykuly","15":"tag-news","16":"tag-polish","17":"tag-polski","18":"tag-swiat","19":"tag-top-stories","20":"tag-topstories","21":"tag-wiadomosci","22":"tag-world","23":"tag-world-news","24":"tag-worldnews"},"share_on_mastodon":{"url":"https:\/\/pubeurope.com\/@pl\/115774343341533239","error":""},"_links":{"self":[{"href":"https:\/\/www.europesays.com\/pl\/wp-json\/wp\/v2\/posts\/168631","targetHints":{"allow":["GET"]}}],"collection":[{"href":"https:\/\/www.europesays.com\/pl\/wp-json\/wp\/v2\/posts"}],"about":[{"href":"https:\/\/www.europesays.com\/pl\/wp-json\/wp\/v2\/types\/post"}],"author":[{"embeddable":true,"href":"https:\/\/www.europesays.com\/pl\/wp-json\/wp\/v2\/users\/2"}],"replies":[{"embeddable":true,"href":"https:\/\/www.europesays.com\/pl\/wp-json\/wp\/v2\/comments?post=168631"}],"version-history":[{"count":0,"href":"https:\/\/www.europesays.com\/pl\/wp-json\/wp\/v2\/posts\/168631\/revisions"}],"wp:featuredmedia":[{"embeddable":true,"href":"https:\/\/www.europesays.com\/pl\/wp-json\/wp\/v2\/media\/168632"}],"wp:attachment":[{"href":"https:\/\/www.europesays.com\/pl\/wp-json\/wp\/v2\/media?parent=168631"}],"wp:term":[{"taxonomy":"category","embeddable":true,"href":"https:\/\/www.europesays.com\/pl\/wp-json\/wp\/v2\/categories?post=168631"},{"taxonomy":"post_tag","embeddable":true,"href":"https:\/\/www.europesays.com\/pl\/wp-json\/wp\/v2\/tags?post=168631"}],"curies":[{"name":"wp","href":"https:\/\/api.w.org\/{rel}","templated":true}]}}