{"id":168645,"date":"2025-12-24T11:44:13","date_gmt":"2025-12-24T11:44:13","guid":{"rendered":"https:\/\/www.europesays.com\/pl\/168645\/"},"modified":"2025-12-24T11:44:13","modified_gmt":"2025-12-24T11:44:13","slug":"dostajesz-swiadczenie-opiekuncze-tyle-wplynie-na-twoje-konto-w-2026","status":"publish","type":"post","link":"https:\/\/www.europesays.com\/pl\/168645\/","title":{"rendered":"Dostajesz \u015bwiadczenie opieku\u0144cze? Tyle wp\u0142ynie na Twoje konto w 2026"},"content":{"rendered":"<ol style=\"counter-reset:list-counter\" class=\"typography ids-typeset-body ids-typeset-body--preset-large list ids-list ids-list--ordered ids-list--size-large ids-list--marker-decimalLeadingZero \">\n<li class=\"ids-list-item\">\n<p>Rewaloryzacja \u015bwiadczenia i jego wysoko\u015b\u0107 w 2026<\/p>\n<\/li>\n<li class=\"ids-list-item\">\n<p>Kto mo\u017ce spodziewa\u0107 si\u0119 podwy\u017cki?<\/p>\n<\/li>\n<\/ol>\n<p>Rewaloryzacja \u015bwiadczenia i jego wysoko\u015b\u0107 w 2026<\/p>\n<p class=\"typography ids-typeset-body ids-typeset-body--preset-large link paragraph ids-paragraph ids-paragraph--default\">Kwota \u015bwiadczenia piel\u0119gnacyjnego (czy te\u017c opieku\u0144czego) jest powi\u0105zana z minimalnym wynagrodzeniem za prac\u0119. Dlatego gdy najni\u017csza krajowa p\u0142aca wzrasta, podwy\u017cek mog\u0105 spodziewa\u0107 si\u0119 r\u00f3wnie\u017c opiekunowie os\u00f3b z niepe\u0142nosprawno\u015bciami.<\/p>\n<p class=\"typography ids-typeset-body ids-typeset-body--preset-large link paragraph ids-paragraph ids-paragraph--default\">Od stycznia bie\u017c\u0105cego roku wysoko\u015b\u0107 \u015bwiadczenia ustalona zosta\u0142a na poziomie 3287 z\u0142 miesi\u0119cznie.<\/p>\n<p class=\"typography ids-typeset-body ids-typeset-body--preset-large link paragraph ids-paragraph ids-paragraph--default\">W 2026 roku minimalne wynagrodzenie wzro\u015bnie do 4806 z\u0142 brutto, czyli b\u0119dzie o 3% wy\u017csze ni\u017c obecnie.<a href=\"https:\/\/biznes.interia.pl\/finanse\/news-kto-wyplaca-zasilek-opiekunczy-a-kto-swiadczenie-pielegnacyj,nId,22420272\" target=\"_blank\" rel=\"nofollow noopener\">\u00a0\u015awiadczenie piel\u0119gnacyjne<\/a> zostanie zatem podniesione o ok. 99 z\u0142, do kwoty 3386 z\u0142.<\/p>\n<p>Kto mo\u017ce spodziewa\u0107 si\u0119 podwy\u017cki?<\/p>\n<p class=\"typography ids-typeset-body ids-typeset-body--preset-large link paragraph ids-paragraph ids-paragraph--default\">\u015awiadczenie piel\u0119gnacyjne mog\u0105 otrzyma\u0107 opiekunowie dzieci do 18. roku \u017cycia, kt\u00f3re posiadaj\u0105 orzeczenie o niepe\u0142nosprawno\u015bci z adnotacj\u0105 o konieczno\u015bci sta\u0142ej opieki lub aktywnego udzia\u0142u opiekuna w leczeniu, rehabilitacji i edukacji.<\/p>\n<ul class=\"typography ids-typeset-body ids-typeset-body--preset-small list--article-list ids-list ids-list--unordered ids-list--size-small \" datatype=\"disc\">\n<li class=\"ids-list-item ids-list-item__content brief-list-item\"><a class=\"ids-undecorated-link link ids-link \" data-spons=\"false\" href=\"https:\/\/biznes.interia.pl\/finanse\/news-ile-wynosi-swiadczenie-pielegnacyjne-zmiany-w-2025-roku,nId,7895597\" rel=\"nofollow noopener\" target=\"_blank\">Ile wynosi \u015bwiadczenie piel\u0119gnacyjne? Zmiany w 2025 roku<\/a><\/li>\n<li class=\"ids-list-item ids-list-item__content brief-list-item\"><a class=\"ids-undecorated-link link ids-link \" data-spons=\"false\" href=\"https:\/\/biznes.interia.pl\/finanse\/news-ile-wynosi-swiadczenie-pielegnacyjne-od-1-stycznia-kwota-pos,nId,7333415\" rel=\"nofollow noopener\" target=\"_blank\">Ile wynosi \u015bwiadczenie piel\u0119gnacyjne? Od 1 stycznia kwota posz\u0142a w g\u00f3r\u0119<\/a><\/li>\n<\/ul>\n<p class=\"typography ids-typeset-body ids-typeset-body--preset-large link paragraph ids-paragraph ids-paragraph--default\">Co istotne, pobieranie \u015bwiadczenia nie wyklucza aktywno\u015bci zawodowej &#8211; opiekun mo\u017ce jednocze\u015bnie pracowa\u0107 na etacie lub prowadzi\u0107 w\u0142asn\u0105 firm\u0119.<\/p>\n<p class=\"typography ids-typeset-body ids-typeset-body--preset-large link paragraph ids-paragraph ids-paragraph--default\">Je\u015bli jedna osoba opiekuje si\u0119 kilkoma uprawionymi podopiecznymi, kwota \u015bwiadczenia wzrasta dwukrotnie za ka\u017cd\u0105 kolejn\u0105 osob\u0119 wymagaj\u0105c\u0105 opieki.<\/p>\n<p class=\"typography ids-typeset-body ids-typeset-body--preset-large link paragraph ids-paragraph ids-paragraph--default\">Osoby korzystaj\u0105ce ze \u015bwiadczenia na wcze\u015bniejszych zasadach sprzed 2024 roku (np. opiekuj\u0105ce si\u0119 doros\u0142ymi podopiecznymi) nie trac\u0105 uprawnie\u0144 &#8211; obowi\u0105zuje ich ochrona praw nabytych.<\/p>\n<p class=\"typography ids-typeset-body ids-typeset-body--preset-large link paragraph ids-paragraph ids-paragraph--default\">Warto jednak zaznaczy\u0107, \u017ce osoby staraj\u0105ce si\u0119 o pomoc finansow\u0105 pa\u0144stwa ze wzgl\u0119du na opiek\u0119 nad niepe\u0142nosprawnym doros\u0142ym od 2024 roku musz\u0105 mie\u0107 na uwadze wa\u017cn\u0105 zmian\u0119. \u015awiadczenie piel\u0119gnacyjne przys\u0142uguje im tylko wtedy, je\u015bli niepe\u0142nosprawno\u015b\u0107 doros\u0142ego b\u0119d\u0105cego pod ich opiek\u0105 powsta\u0142a przed jego 18. rokiem \u017cycia.<\/p>\n<p class=\"typography ids-typeset-body ids-typeset-body--preset-large link paragraph ids-paragraph ids-paragraph--default\">Natomiast niepe\u0142nosprawne osoby doros\u0142e, potrzebuj\u0105ce pomocy w codzienno\u015bci, mog\u0105 wyst\u0105pi\u0107 o \u015bwiadczenie wspieraj\u0105ce, jak r\u00f3wnie\u017c o zasi\u0142ek piel\u0119gnacyjny (po uko\u0144czeniu 75. roku \u017cycia).<\/p>\n<p class=\"typography ids-typeset-body ids-typeset-body--preset-large link paragraph ids-paragraph ids-paragraph--default\">KO<\/p>\n<ul class=\"typography ids-typeset-body ids-typeset-body--preset-small list--article-list ids-list ids-list--unordered ids-list--size-small \" datatype=\"disc\">\n<li class=\"ids-list-item ids-list-item__content brief-list-item\"><a class=\"ids-undecorated-link link ids-link \" data-spons=\"false\" href=\"https:\/\/biznes.interia.pl\/finanse\/news-odpalasz-auto-i-skrobiesz-szyby-licz-sie-z-poteznym-mandatem,nId,22499984\" rel=\"nofollow noopener\" target=\"_blank\">Odpalasz auto i skrobiesz szyby? Licz si\u0119 z pot\u0119\u017cnym mandatem<\/a><\/li>\n<li class=\"ids-list-item ids-list-item__content brief-list-item\"><a class=\"ids-undecorated-link link ids-link \" data-spons=\"false\" href=\"https:\/\/biznes.interia.pl\/finanse\/news-emeryci-nie-musza-placic-za-wywoz-smieci-wystarczy-spelnic-j,nId,22497901\" rel=\"nofollow noopener\" target=\"_blank\">Emeryci nie musz\u0105 p\u0142aci\u0107 za wyw\u00f3z \u015bmieci. Wystarczy spe\u0142ni\u0107 jeden warunek<\/a><\/li>\n<\/ul>\n<p>&#8222;Wydarzenia&#8221;: Tyle zarabiaj\u0105 Polacy. Najwy\u017csze pensje w Krakowie, najni\u017csze w GorzowiePolsat News<\/p>\n","protected":false},"excerpt":{"rendered":"Rewaloryzacja \u015bwiadczenia i jego wysoko\u015b\u0107 w 2026 Kto mo\u017ce spodziewa\u0107 si\u0119 podwy\u017cki? Rewaloryzacja \u015bwiadczenia i jego wysoko\u015b\u0107 w&hellip;\n","protected":false},"author":2,"featured_media":168646,"comment_status":"","ping_status":"","sticky":false,"template":"","format":"standard","meta":{"footnotes":""},"categories":[12],"tags":[32,33,36,37,27,34,35,28,31,25,42,38,40,39,41,29,30,26],"class_list":{"0":"post-168645","1":"post","2":"type-post","3":"status-publish","4":"format-standard","5":"has-post-thumbnail","7":"category-polska","8":"tag-breaking-news","9":"tag-breakingnews","10":"tag-featured-news","11":"tag-featurednews","12":"tag-headlines","13":"tag-latest-news","14":"tag-latestnews","15":"tag-naglowki","16":"tag-najwazniejsze-artykuly","17":"tag-news","18":"tag-pl","19":"tag-poland","20":"tag-polish","21":"tag-polska","22":"tag-polski","23":"tag-top-stories","24":"tag-topstories","25":"tag-wiadomosci"},"share_on_mastodon":{"url":"https:\/\/pubeurope.com\/@pl\/115774374865782455","error":""},"_links":{"self":[{"href":"https:\/\/www.europesays.com\/pl\/wp-json\/wp\/v2\/posts\/168645","targetHints":{"allow":["GET"]}}],"collection":[{"href":"https:\/\/www.europesays.com\/pl\/wp-json\/wp\/v2\/posts"}],"about":[{"href":"https:\/\/www.europesays.com\/pl\/wp-json\/wp\/v2\/types\/post"}],"author":[{"embeddable":true,"href":"https:\/\/www.europesays.com\/pl\/wp-json\/wp\/v2\/users\/2"}],"replies":[{"embeddable":true,"href":"https:\/\/www.europesays.com\/pl\/wp-json\/wp\/v2\/comments?post=168645"}],"version-history":[{"count":0,"href":"https:\/\/www.europesays.com\/pl\/wp-json\/wp\/v2\/posts\/168645\/revisions"}],"wp:featuredmedia":[{"embeddable":true,"href":"https:\/\/www.europesays.com\/pl\/wp-json\/wp\/v2\/media\/168646"}],"wp:attachment":[{"href":"https:\/\/www.europesays.com\/pl\/wp-json\/wp\/v2\/media?parent=168645"}],"wp:term":[{"taxonomy":"category","embeddable":true,"href":"https:\/\/www.europesays.com\/pl\/wp-json\/wp\/v2\/categories?post=168645"},{"taxonomy":"post_tag","embeddable":true,"href":"https:\/\/www.europesays.com\/pl\/wp-json\/wp\/v2\/tags?post=168645"}],"curies":[{"name":"wp","href":"https:\/\/api.w.org\/{rel}","templated":true}]}}