{"id":168687,"date":"2025-12-24T12:13:17","date_gmt":"2025-12-24T12:13:17","guid":{"rendered":"https:\/\/www.europesays.com\/pl\/168687\/"},"modified":"2025-12-24T12:13:17","modified_gmt":"2025-12-24T12:13:17","slug":"juz-nie-arabowie-i-wegrzy-nowa-nacja-szturmuje-zakopane-to-zaskoczenie","status":"publish","type":"post","link":"https:\/\/www.europesays.com\/pl\/168687\/","title":{"rendered":"Ju\u017c nie Arabowie i W\u0119grzy. Nowa nacja szturmuje Zakopane. &#8222;To zaskoczenie&#8221;"},"content":{"rendered":"<p class=\"Paragraph_desktopParagraph__U31Gm\">Miejsca noclegowe na Podhalu na okres noworoczny kurcz\u0105 si\u0119 z ka\u017cd\u0105 chwil\u0105, a w statystykach ju\u017c klaruj\u0105 si\u0119 interesuj\u0105ce trendy. Jak si\u0119 okazuje, w\u015br\u00f3d obcokrajowc\u00f3w szturmuj\u0105cych Zakopane, obok W\u0119gr\u00f3w i turyst\u00f3w z Bliskiego Wschodu, pojawi\u0142a si\u0119 nowa nacja \u2014 Litwini. <\/p>\n<p class=\"Paragraph_desktopParagraph__U31Gm\">Jak m\u00f3wi w rozmowie z finanse.wp.pl Karol Wagner z Tatrza\u0144skiej Izby Gospodarczej, przyjezdni z Litwy zacz\u0119li dominowa\u0107 pod Tatrami ju\u017c w maju. <\/p>\n<ul class=\"OchatFollowUps_wrapper__1ry7X\">\n<li class=\"OchatFollowUps_item__Dhyly OchatFollowUps_itemDesktop__R6aBv\">Kim s\u0105 nowi tury\u015bci w Zakopanem?<\/li>\n<li class=\"OchatFollowUps_item__Dhyly OchatFollowUps_itemDesktop__R6aBv\">Jak Litwini wp\u0142ywaj\u0105 na ruch turystyczny w Zakopanem?<\/li>\n<li class=\"OchatFollowUps_item__Dhyly OchatFollowUps_itemDesktop__R6aBv\">Czy tury\u015bci z Bliskiego Wschodu zmieniaj\u0105 swoje preferencje?<\/li>\n<li class=\"OchatFollowUps_item__Dhyly OchatFollowUps_itemDesktop__R6aBv\">Jakie szkolenia s\u0105 prowadzone dla hotelarzy na Dolnym \u015al\u0105sku?<\/li>\n<\/ul>\n<blockquote>\n<p class=\"Paragraph_desktopParagraph__U31Gm\">&#8222;To dla nas du\u017ce zaskoczenie, ale trend jest wyra\u017anie wzrostowy. Popyt dopiero wybuchnie. W tak ma\u0142ym pa\u0144stwie marketing szeptany ma du\u017co wi\u0119ksze konwersje i zasi\u0119gi. W sylwestra mog\u0105 stanowi\u0107 ju\u017c ok. 5 proc. turyst\u00f3w og\u00f3\u0142em&#8221;<\/p>\n<\/blockquote>\n<p class=\"Paragraph_desktopParagraph__U31Gm\">\u2014 wyjawia Wagner w rozmowie z finanse.wp.pl.<\/p>\n<p>Arabowie znale\u017ali nowe miejsce w Polsce? Ju\u017c nie tylko Zakopane <\/p>\n<p class=\"Paragraph_desktopParagraph__U31Gm\">Z kolei tury\u015bci z Bliskiego Wschodu, obok Zakopanego, upodobali sobie te\u017c inne cz\u0119\u015bci Polski. Mimo \u017ce wci\u0105\u017c mo\u017cna ich spotka\u0107 pod Tatrami, obecnie ch\u0119tnie odwiedzaj\u0105 Dolny \u015al\u0105sk, kt\u00f3ry chce zdoby\u0107 ich zaufanie i zach\u0119ci\u0107, by zatrzymali si\u0119 u nich na d\u0142u\u017cej. \u2014 Bardzo wa\u017cne dla nich jest przebywanie w\u015br\u00f3d ludzi, np. na zat\u0142oczonych deptakach i w restauracjach, czyli co\u015b, co pozwala poczu\u0107 specyficzny klimat polskich miejscowo\u015bci wypoczynkowych \u2014 m\u00f3wi\u0142 w rozmowie z Onetem Wojciech Bochnak, wicemarsza\u0142ek Wojew\u00f3dztwa Dolno\u015bl\u0105skiego.<\/p>\n<p class=\"Paragraph_desktopParagraph__U31Gm\">By spe\u0142ni\u0107 oczekiwania go\u015bci z Bliskiego Wschodu, lokalni hotelarze i pracownicy bran\u017cy turystycznej uczestnicz\u0105 w licznych szkoleniach, dotycz\u0105cych m.in. r\u00f3\u017cnic kulturowych. Chodzi g\u0142\u00f3wnie o zrozumienie etykiety, oczekiwa\u0144 dotycz\u0105cych prywatno\u015bci i sposobu interakcji, a tak\u017ce wymog\u00f3w gastronomicznych, w tym dostosowania oferty kulinarnej.<\/p>\n<blockquote>\n<p class=\"Paragraph_desktopParagraph__U31Gm\">Po ostatnim spotkaniu z przedstawicielami biur podr\u00f3\u017cy z Kraj\u00f3w Zatoki Perskiej, w jakim uczestniczy\u0142em we Wroc\u0142awiu, mog\u0119 powiedzie\u0107, \u017ce go\u015bcie z tych pa\u0144stw poszukuj\u0105 na Dolnym \u015al\u0105sku oferty g\u00f3rskich kurort\u00f3w, w kt\u00f3rych mog\u0105 korzysta\u0107 zar\u00f3wno z walor\u00f3w przyrody, jak i ofert przedsi\u0119biorc\u00f3w oferuj\u0105cych rozrywk\u0119, tak\u0105 jak tory saneczkowe, przeja\u017cd\u017cki quadami i inne atrakcje<\/p>\n<\/blockquote>\n<p class=\"Paragraph_desktopParagraph__U31Gm\">\u2014 skomentowa\u0142 z kolei dla Onetu Wojciech Bochnak, wicemarsza\u0142ek Wojew\u00f3dztwa Dolno\u015bl\u0105skiego.<\/p>\n","protected":false},"excerpt":{"rendered":"Miejsca noclegowe na Podhalu na okres noworoczny kurcz\u0105 si\u0119 z ka\u017cd\u0105 chwil\u0105, a w statystykach ju\u017c klaruj\u0105 si\u0119&hellip;\n","protected":false},"author":2,"featured_media":168688,"comment_status":"","ping_status":"","sticky":false,"template":"","format":"standard","meta":{"footnotes":""},"categories":[12],"tags":[19263,32,33,36,37,27,34,35,715,28,31,53,25,52,68,51,55,42,6253,10421,38,40,39,41,47,196,29,30,4278,50,26,13933],"class_list":{"0":"post-168687","1":"post","2":"type-post","3":"status-publish","4":"format-standard","5":"has-post-thumbnail","7":"category-polska","8":"tag-arabowie_arabka_arab_arabki","9":"tag-breaking-news","10":"tag-breakingnews","11":"tag-featured-news","12":"tag-featurednews","13":"tag-headlines","14":"tag-latest-news","15":"tag-latestnews","16":"tag-litwa_kraj","17":"tag-naglowki","18":"tag-najwazniejsze-artykuly","19":"tag-new_header","20":"tag-news","21":"tag-onet3","22":"tag-onet3d","23":"tag-onet3d_2i","24":"tag-phx","25":"tag-pl","26":"tag-podhale","27":"tag-podroze_onet","28":"tag-poland","29":"tag-polish","30":"tag-polska","31":"tag-polski","32":"tag-screening_general","33":"tag-styl_zycia","34":"tag-top-stories","35":"tag-topstories","36":"tag-turystyka","37":"tag-v2021","38":"tag-wiadomosci","39":"tag-zakopane_miasto"},"share_on_mastodon":{"url":"https:\/\/pubeurope.com\/@pl\/115774488819155393","error":""},"_links":{"self":[{"href":"https:\/\/www.europesays.com\/pl\/wp-json\/wp\/v2\/posts\/168687","targetHints":{"allow":["GET"]}}],"collection":[{"href":"https:\/\/www.europesays.com\/pl\/wp-json\/wp\/v2\/posts"}],"about":[{"href":"https:\/\/www.europesays.com\/pl\/wp-json\/wp\/v2\/types\/post"}],"author":[{"embeddable":true,"href":"https:\/\/www.europesays.com\/pl\/wp-json\/wp\/v2\/users\/2"}],"replies":[{"embeddable":true,"href":"https:\/\/www.europesays.com\/pl\/wp-json\/wp\/v2\/comments?post=168687"}],"version-history":[{"count":0,"href":"https:\/\/www.europesays.com\/pl\/wp-json\/wp\/v2\/posts\/168687\/revisions"}],"wp:featuredmedia":[{"embeddable":true,"href":"https:\/\/www.europesays.com\/pl\/wp-json\/wp\/v2\/media\/168688"}],"wp:attachment":[{"href":"https:\/\/www.europesays.com\/pl\/wp-json\/wp\/v2\/media?parent=168687"}],"wp:term":[{"taxonomy":"category","embeddable":true,"href":"https:\/\/www.europesays.com\/pl\/wp-json\/wp\/v2\/categories?post=168687"},{"taxonomy":"post_tag","embeddable":true,"href":"https:\/\/www.europesays.com\/pl\/wp-json\/wp\/v2\/tags?post=168687"}],"curies":[{"name":"wp","href":"https:\/\/api.w.org\/{rel}","templated":true}]}}