{"id":168689,"date":"2025-12-24T12:14:55","date_gmt":"2025-12-24T12:14:55","guid":{"rendered":"https:\/\/www.europesays.com\/pl\/168689\/"},"modified":"2025-12-24T12:14:55","modified_gmt":"2025-12-24T12:14:55","slug":"jest-ponowny-wniosek-o-zastosowanie-europejskiego-nakazu-aresztowania-wobec-marcina-romanowskiego","status":"publish","type":"post","link":"https:\/\/www.europesays.com\/pl\/168689\/","title":{"rendered":"Jest ponowny wniosek o zastosowanie europejskiego nakazu aresztowania wobec Marcina Romanowskiego"},"content":{"rendered":"<p>Waldemar \u017burek nie ust\u0119puje w sprawie Marcina Romanowskiego. Minister sprawiedliwo\u015bci poinformowa\u0142, \u017ce z\u0142o\u017cony zosta\u0142 ponowny wniosek o zastosowanie europejskiego nakazu aresztowania wobec ukrywaj\u0105cego si\u0119 na W\u0119grzech polityka Prawa i Sprawiedliwo\u015bci.<\/p>\n<p>                         &#13;<br \/>\n        &#13;<\/p>\n<p>                                        &#13;<br \/>\n                        &#13;<br \/>\n                            <img decoding=\"async\" src=\"https:\/\/www.europesays.com\/pl\/wp-content\/uploads\/2025\/12\/000M42N3F7RA5VX2-C123-F4.jpg\" title=\"\u017burek nie odpuszcza. Jest ruch ws. Romanowskiego\" alt=\"Marcin Romanowski \/Pawe\u0142 Supernak  \/PAP\" class=\"img-responsive\"\/>&#13;<\/p>\n<p>                            &#13;<\/p>\n<p>      &#13;<br \/>\n                            Marcin Romanowski&#13;<br \/>\n                                    \/Pawe\u0142 Supernak  \/PAP  &#13;\n                                    <\/p>\n<p>&#13;<\/p>\n<p>Marcin Romanowski jest podejrzanym w \u015bledztwie dotycz\u0105cym nieprawid\u0142owo\u015bci w Funduszu Sprawiedliwo\u015bci. W grudniu 2024 r. S\u0105d Okr\u0119gowy w Warszawie na wniosek prokuratury wyda\u0142 wobec niego europejski nakaz aresztowania (ENA). P\u00f3\u017aniej polityk informowa\u0142, \u017ce uzyska\u0142 azyl polityczny na W\u0119grzech.<\/p>\n<p>W ubieg\u0142y pi\u0105tek S\u0105d Okr\u0119gowy w Warszawie uchyli\u0142 ENA wydany wobec by\u0142ego wiceministra sprawiedliwo\u015bci w rz\u0105dzie PiS. Obro\u0144ca Romanowskiego, mec. Bartosz Lewandowski, przekaza\u0142, \u017ce s\u0105d podzieli\u0142 jego pogl\u0105d, i\u017c w \u015bledztwie dotycz\u0105cym Romanowskiego dochodzi\u0142o do &#8222;bezprawnego nacisku politycznego, a dzia\u0142ania organ\u00f3w \u015bcigania stanowi\u0105 zagro\u017cenie dla praw i wolno\u015bci chronionych w konstytucji i prawie mi\u0119dzynarodowym&#8221;.<\/p>\n<p>Prokurator ocenia to postanowienie jako oczywi\u015bcie bezzasadne\u00a0&#8211; przekaza\u0142 w\u00f3wczas rzecznik prasowy Prokuratury Krajowej prok. Przemys\u0142aw Nowak. Jego zdaniem &#8222;ju\u017c na wst\u0119pnym etapie oceny&#8221; mo\u017cna wskaza\u0107, \u017ce w sprawie &#8222;nie zasz\u0142y \u017cadne okoliczno\u015bci&#8221; uzasadniaj\u0105ce uchylenie ENA. Okoliczno\u015bciami takimi nie s\u0105 w szczeg\u00f3lno\u015bci przyznanie azylu politycznego w innym kraju UE ani odmowa wpisania poszukiwa\u0144 do systemu Interpolu\u00a0&#8211; oceni\u0142, dodaj\u0105c, \u017ce informacje te znajdowa\u0142y si\u0119 w aktach sprawy i by\u0142y dost\u0119pne dla s\u0105du.<\/p>\n<p>To jednak nie koniec sprawy, bowiem podczas poniedzia\u0142kowej konferencji prasowej minister sprawiedliwo\u015bci Waldemar \u017burek poinformowa\u0142, \u017ce z\u0142o\u017cony zosta\u0142 ponowny wniosek o zastosowanie europejskiego nakazu aresztowania wobec Marcina Romanowskiego.<\/p>\n<p>Szef resortu doda\u0142, \u017ce &#8222;rzecz\u0105 zadziwiaj\u0105c\u0105&#8221; jest, i\u017c 19 grudnia s\u0105d uchyla ENA, &#8222;nie maj\u0105c akt sprawy, bo akta sprawy s\u0105 w prokuraturze, i nie zawiadamiaj\u0105c prokuratury o posiedzeniu&#8221;. S\u0105d nagle, bez akt sprawy, uchyli\u0142 ENA. To jest rzecz bez precedensu &#8211; stwierdzi\u0142.<\/p>\n<p>Prokurator generalny zaznaczy\u0142, \u017ce decyzja warszawskiego s\u0105du okr\u0119gowego jest niezrozumia\u0142a i mo\u017ce utrudni\u0107 \u015bledztwo. Doda\u0142, \u017ce uchylenie europejskiego nakazu aresztowania wobec polityka PiS zaskoczy\u0142o prokuratur\u0119.<\/p>\n<p>Cz\u0119\u015b\u0107 uzasadnienia, kt\u00f3ra &#8211; naszym zdaniem &#8211; ma elementy politycznej oceny, a nie prawnej, jest dla nas nie do zaakceptowania\u00a0&#8211; powiedzia\u0142. Doda\u0142, \u017ce prokuratura b\u0119dzie pr\u00f3bowa\u0142a w zwi\u0105zku z tym tak\u017ce &#8222;wnosi\u0107 inne \u015brodki dotycz\u0105ce tej decyzji s\u0105du&#8221;.<\/p>\n","protected":false},"excerpt":{"rendered":"Waldemar \u017burek nie ust\u0119puje w sprawie Marcina Romanowskiego. Minister sprawiedliwo\u015bci poinformowa\u0142, \u017ce z\u0142o\u017cony zosta\u0142 ponowny wniosek o zastosowanie&hellip;\n","protected":false},"author":2,"featured_media":168690,"comment_status":"","ping_status":"","sticky":false,"template":"","format":"standard","meta":{"footnotes":""},"categories":[5],"tags":[32,33,36,37,27,34,35,28,31,25,42,38,40,39,41,29,30,26],"class_list":{"0":"post-168689","1":"post","2":"type-post","3":"status-publish","4":"format-standard","5":"has-post-thumbnail","7":"category-naglowki","8":"tag-breaking-news","9":"tag-breakingnews","10":"tag-featured-news","11":"tag-featurednews","12":"tag-headlines","13":"tag-latest-news","14":"tag-latestnews","15":"tag-naglowki","16":"tag-najwazniejsze-artykuly","17":"tag-news","18":"tag-pl","19":"tag-poland","20":"tag-polish","21":"tag-polska","22":"tag-polski","23":"tag-top-stories","24":"tag-topstories","25":"tag-wiadomosci"},"share_on_mastodon":{"url":"https:\/\/pubeurope.com\/@pl\/115774497730956791","error":""},"_links":{"self":[{"href":"https:\/\/www.europesays.com\/pl\/wp-json\/wp\/v2\/posts\/168689","targetHints":{"allow":["GET"]}}],"collection":[{"href":"https:\/\/www.europesays.com\/pl\/wp-json\/wp\/v2\/posts"}],"about":[{"href":"https:\/\/www.europesays.com\/pl\/wp-json\/wp\/v2\/types\/post"}],"author":[{"embeddable":true,"href":"https:\/\/www.europesays.com\/pl\/wp-json\/wp\/v2\/users\/2"}],"replies":[{"embeddable":true,"href":"https:\/\/www.europesays.com\/pl\/wp-json\/wp\/v2\/comments?post=168689"}],"version-history":[{"count":0,"href":"https:\/\/www.europesays.com\/pl\/wp-json\/wp\/v2\/posts\/168689\/revisions"}],"wp:featuredmedia":[{"embeddable":true,"href":"https:\/\/www.europesays.com\/pl\/wp-json\/wp\/v2\/media\/168690"}],"wp:attachment":[{"href":"https:\/\/www.europesays.com\/pl\/wp-json\/wp\/v2\/media?parent=168689"}],"wp:term":[{"taxonomy":"category","embeddable":true,"href":"https:\/\/www.europesays.com\/pl\/wp-json\/wp\/v2\/categories?post=168689"},{"taxonomy":"post_tag","embeddable":true,"href":"https:\/\/www.europesays.com\/pl\/wp-json\/wp\/v2\/tags?post=168689"}],"curies":[{"name":"wp","href":"https:\/\/api.w.org\/{rel}","templated":true}]}}