{"id":168695,"date":"2025-12-24T12:21:15","date_gmt":"2025-12-24T12:21:15","guid":{"rendered":"https:\/\/www.europesays.com\/pl\/168695\/"},"modified":"2025-12-24T12:21:15","modified_gmt":"2025-12-24T12:21:15","slug":"uszkodzony-starlink-na-zdjeciu-z-orbity-spacex-analizuje-zdarzenie","status":"publish","type":"post","link":"https:\/\/www.europesays.com\/pl\/168695\/","title":{"rendered":"Uszkodzony Starlink na zdj\u0119ciu z orbity. SpaceX analizuje zdarzenie"},"content":{"rendered":"<p>SpaceX zmaga si\u0119 z\u00a0awari\u0105 jednego ze swoich satelit\u00f3w Starlink. Problem pojawi\u0142 si\u0119 17 grudnia, gdy urz\u0105dzenie straci\u0142o \u0142\u0105czno\u015b\u0107 z\u00a0centrum kontroli i\u00a0dosz\u0142o do nieplanowanego wycieku gazu z\u00a0jego zbiornika nap\u0119dowego. Od tego czasu satelita nie jest stabilny i\u00a0powoli zmierza w\u00a0stron\u0119 atmosfery Ziemi, gdzie w\u00a0najbli\u017cszych tygodniach ulegnie zniszczeniu.<\/p>\n<p>Aby oceni\u0107 skal\u0119 uszkodze\u0144, SpaceX poprosi\u0142o firm\u0119 Vantor (dawniej Maxar Intelligence) o\u00a0wykonanie zdj\u0119\u0107 satelity z\u00a0orbity. Zadanie zosta\u0142o zrealizowane przez satelit\u0119 obserwacyjnego WorldView-3 z\u00a0odleg\u0142o\u015bci 241 km nad Alask\u0105 18 grudnia. Dzi\u0119ki wysokiej rozdzielczo\u015bci obrazu \u2013\u00a012 cm \u2013\u00a0uda\u0142o si\u0119 dok\u0142adnie zbada\u0107 stan urz\u0105dzenia.<\/p>\n<p>Todd Surdey z\u00a0Vantor podkre\u015bli\u0142, \u017ce zastosowanie najnowszych technologii umo\u017cliwi\u0142o niezwykle szybkie przygotowanie informacji dla SpaceX. Jak zaznaczy\u0142: &#8222;Nasz zesp\u00f3\u0142 wykorzysta\u0142 zaawansowane mo\u017cliwo\u015bci obserwacji spoza Ziemi i\u00a0niedawno rozszerzone mo\u017cliwo\u015bci zbierania danych, dzi\u0119ki czemu potwierdzi\u0142, \u017ce satelita jest w\u00a0wi\u0119kszo\u015bci nienaruszony&#8221;.<\/p>\n<p>Dane uzyskane po awarii sugeruj\u0105 jednak, \u017ce w\u00a0wyniku incydentu z\u00a0satelity oderwa\u0142o si\u0119 kilka niewielkich fragment\u00f3w. Z\u00a0informacji przekazanych przez SpaceX wynika, \u017ce zar\u00f3wno g\u0142\u00f3wne urz\u0105dzenie, jak i\u00a0te elementy nie stanowi\u0105 zagro\u017cenia dla pozosta\u0142ych obiekt\u00f3w znajduj\u0105cych si\u0119 na niskiej orbicie oko\u0142oziemskiej.<\/p>\n<p>Michael Nicolls, wiceprezes ds. in\u017cynierii Starlink w\u00a0SpaceX, poinformowa\u0142: &#8222;Doceniamy szybk\u0105 reakcj\u0119 ze strony Vantor, kt\u00f3ra umo\u017cliwi\u0142a wykonanie zdj\u0119\u0107. Dodatkowe analizy sugeruj\u0105, \u017ce pojawi\u0142o si\u0119 kilka fragment\u00f3w mo\u017cliwych do \u015bledzenia, a\u00a0zar\u00f3wno satelita, jak i\u00a0te szcz\u0105tki powinny wej\u015b\u0107 w\u00a0atmosfer\u0119 i\u00a0ca\u0142kowicie ulec zniszczeniu w\u00a0ci\u0105gu kilku tygodni&#8221;.<\/p>\n<p>Aktualnie Starlink tworzy najliczniejsz\u0105 konstelacj\u0119 satelit\u00f3w na \u015bwiecie. Wed\u0142ug danych publikowanych przez SpaceX, na orbicie dzia\u0142a obecnie ok. 9,3 tys. satelit\u00f3w Starlink, co stanowi ok. 65 proc. wszystkich urz\u0105dze\u0144 na orbicie. <\/p>\n","protected":false},"excerpt":{"rendered":"SpaceX zmaga si\u0119 z\u00a0awari\u0105 jednego ze swoich satelit\u00f3w Starlink. Problem pojawi\u0142 si\u0119 17 grudnia, gdy urz\u0105dzenie straci\u0142o \u0142\u0105czno\u015b\u0107&hellip;\n","protected":false},"author":2,"featured_media":168696,"comment_status":"","ping_status":"","sticky":false,"template":"","format":"standard","meta":{"footnotes":""},"categories":[20],"tags":[120,118,119,42,38,40,39,41,116,114,115,121,117],"class_list":{"0":"post-168695","1":"post","2":"type-post","3":"status-publish","4":"format-standard","5":"has-post-thumbnail","7":"category-nauka-i-technika","8":"tag-nauka","9":"tag-nauka-i-technika","10":"tag-naukatechnika","11":"tag-pl","12":"tag-poland","13":"tag-polish","14":"tag-polska","15":"tag-polski","16":"tag-science","17":"tag-science-and-technology","18":"tag-sciencetechnology","19":"tag-technika","20":"tag-technology"},"share_on_mastodon":{"url":"https:\/\/pubeurope.com\/@pl\/115774520251850230","error":""},"_links":{"self":[{"href":"https:\/\/www.europesays.com\/pl\/wp-json\/wp\/v2\/posts\/168695","targetHints":{"allow":["GET"]}}],"collection":[{"href":"https:\/\/www.europesays.com\/pl\/wp-json\/wp\/v2\/posts"}],"about":[{"href":"https:\/\/www.europesays.com\/pl\/wp-json\/wp\/v2\/types\/post"}],"author":[{"embeddable":true,"href":"https:\/\/www.europesays.com\/pl\/wp-json\/wp\/v2\/users\/2"}],"replies":[{"embeddable":true,"href":"https:\/\/www.europesays.com\/pl\/wp-json\/wp\/v2\/comments?post=168695"}],"version-history":[{"count":0,"href":"https:\/\/www.europesays.com\/pl\/wp-json\/wp\/v2\/posts\/168695\/revisions"}],"wp:featuredmedia":[{"embeddable":true,"href":"https:\/\/www.europesays.com\/pl\/wp-json\/wp\/v2\/media\/168696"}],"wp:attachment":[{"href":"https:\/\/www.europesays.com\/pl\/wp-json\/wp\/v2\/media?parent=168695"}],"wp:term":[{"taxonomy":"category","embeddable":true,"href":"https:\/\/www.europesays.com\/pl\/wp-json\/wp\/v2\/categories?post=168695"},{"taxonomy":"post_tag","embeddable":true,"href":"https:\/\/www.europesays.com\/pl\/wp-json\/wp\/v2\/tags?post=168695"}],"curies":[{"name":"wp","href":"https:\/\/api.w.org\/{rel}","templated":true}]}}