{"id":168699,"date":"2025-12-24T12:25:20","date_gmt":"2025-12-24T12:25:20","guid":{"rendered":"https:\/\/www.europesays.com\/pl\/168699\/"},"modified":"2025-12-24T12:25:20","modified_gmt":"2025-12-24T12:25:20","slug":"56-przestepstw-seksualnych-wobec-zony-byly-radny-w-anglii-oskarzony","status":"publish","type":"post","link":"https:\/\/www.europesays.com\/pl\/168699\/","title":{"rendered":"56 przest\u0119pstw seksualnych wobec \u017cony. By\u0142y radny w Anglii oskar\u017cony"},"content":{"rendered":"<ul>\n<li>Philip Young jest oskar\u017cony o\u00a056 przest\u0119pstw, w\u00a0tym wielokrotne gwa\u0142ty.<\/li>\n<li>Opr\u00f3cz niego przed s\u0105dem stan\u0119\u0142o pi\u0119ciu innych m\u0119\u017cczyzn z\u00a0podobnymi zarzutami.<\/li>\n<li>Joanne Young zrezygnowa\u0142a z\u00a0prawa do anonimowo\u015bci, ujawniaj\u0105c przest\u0119pstwa z\u00a0lat 2010-2023.<\/li>\n<\/ul>\n<p>49-letni Philip Young zosta\u0142 oskar\u017cony m.in. o\u00a0podawanie \u017conie substancji odurzaj\u0105cych i\u00a0obezw\u0142adniaj\u0105cych w\u00a0celu zmuszenia jej do czynno\u015bci seksualnych, a\u00a0tak\u017ce o\u00a0podgl\u0105dactwo, posiadanie nieprzyzwoitych zdj\u0119\u0107 dzieci oraz drastycznych materia\u0142\u00f3w graficznych. Para jest obecnie po rozwodzie.<\/p>\n<p>M\u0119\u017cczyzna przebywa w\u00a0areszcie, a\u00a0nast\u0119pna rozprawa w\u00a0jego sprawie zosta\u0142a wyznaczona na 23 stycznia.<\/p>\n<p>Jak informuje &#8222;The Guardian&#8221;, Young by\u0142 radnym w\u00a0radzie miejskiej Swindon z\u00a0ramienia Partii Konserwatywnej w\u00a0latach 2007\u20132010.<\/p>\n<p>We wtorek w\u00a0s\u0105dzie ma si\u0119 tak\u017ce stawi\u0107 pi\u0119ciu innych m\u0119\u017cczyzn w\u00a0wieku od 31 do 61 lat, w\u00a0wi\u0119kszo\u015bci mieszka\u0144c\u00f3w Swindon. Wszyscy s\u0105 oskar\u017ceni o\u00a0przest\u0119pstwa seksualne wobec Joanne Young, w\u00a0tym gwa\u0142t, molestowanie i\u00a0napa\u015b\u0107.<\/p>\n<p>Policja poda\u0142a, \u017ce kobieta zrzek\u0142a si\u0119 przys\u0142uguj\u0105cego jej prawa do anonimowo\u015bci. Zgodnie z\u00a0aktami sprawy przest\u0119pstwa mia\u0142y mie\u0107 miejsce w\u00a0latach 2010\u20132023.<\/p>\n","protected":false},"excerpt":{"rendered":"Philip Young jest oskar\u017cony o\u00a056 przest\u0119pstw, w\u00a0tym wielokrotne gwa\u0142ty. Opr\u00f3cz niego przed s\u0105dem stan\u0119\u0142o pi\u0119ciu innych m\u0119\u017cczyzn z\u00a0podobnymi&hellip;\n","protected":false},"author":2,"featured_media":168700,"comment_status":"","ping_status":"","sticky":false,"template":"","format":"standard","meta":{"footnotes":""},"categories":[14],"tags":[32,33,27,34,35,28,31,25,40,41,80,29,30,26,82,83,84],"class_list":{"0":"post-168699","1":"post","2":"type-post","3":"status-publish","4":"format-standard","5":"has-post-thumbnail","7":"category-swiat","8":"tag-breaking-news","9":"tag-breakingnews","10":"tag-headlines","11":"tag-latest-news","12":"tag-latestnews","13":"tag-naglowki","14":"tag-najwazniejsze-artykuly","15":"tag-news","16":"tag-polish","17":"tag-polski","18":"tag-swiat","19":"tag-top-stories","20":"tag-topstories","21":"tag-wiadomosci","22":"tag-world","23":"tag-world-news","24":"tag-worldnews"},"share_on_mastodon":{"url":"https:\/\/pubeurope.com\/@pl\/115774536045333821","error":""},"_links":{"self":[{"href":"https:\/\/www.europesays.com\/pl\/wp-json\/wp\/v2\/posts\/168699","targetHints":{"allow":["GET"]}}],"collection":[{"href":"https:\/\/www.europesays.com\/pl\/wp-json\/wp\/v2\/posts"}],"about":[{"href":"https:\/\/www.europesays.com\/pl\/wp-json\/wp\/v2\/types\/post"}],"author":[{"embeddable":true,"href":"https:\/\/www.europesays.com\/pl\/wp-json\/wp\/v2\/users\/2"}],"replies":[{"embeddable":true,"href":"https:\/\/www.europesays.com\/pl\/wp-json\/wp\/v2\/comments?post=168699"}],"version-history":[{"count":0,"href":"https:\/\/www.europesays.com\/pl\/wp-json\/wp\/v2\/posts\/168699\/revisions"}],"wp:featuredmedia":[{"embeddable":true,"href":"https:\/\/www.europesays.com\/pl\/wp-json\/wp\/v2\/media\/168700"}],"wp:attachment":[{"href":"https:\/\/www.europesays.com\/pl\/wp-json\/wp\/v2\/media?parent=168699"}],"wp:term":[{"taxonomy":"category","embeddable":true,"href":"https:\/\/www.europesays.com\/pl\/wp-json\/wp\/v2\/categories?post=168699"},{"taxonomy":"post_tag","embeddable":true,"href":"https:\/\/www.europesays.com\/pl\/wp-json\/wp\/v2\/tags?post=168699"}],"curies":[{"name":"wp","href":"https:\/\/api.w.org\/{rel}","templated":true}]}}