{"id":168761,"date":"2025-12-24T13:06:11","date_gmt":"2025-12-24T13:06:11","guid":{"rendered":"https:\/\/www.europesays.com\/pl\/168761\/"},"modified":"2025-12-24T13:06:11","modified_gmt":"2025-12-24T13:06:11","slug":"slowa-kayah-zabolaly-viki-gabor-zdanie-zostalo-mylnie-odebrane","status":"publish","type":"post","link":"https:\/\/www.europesays.com\/pl\/168761\/","title":{"rendered":"S\u0142owa Kayah zabola\u0142y Viki Gabor. &#8222;Zdanie zosta\u0142o mylnie odebrane&#8221;"},"content":{"rendered":"<p class=\"Paragraph_desktopParagraph__U31Gm\">Znakiem rozpoznawczym <a href=\"https:\/\/kultura.onet.pl\/muzyka\/wiadomosci\/eurowizja-junior-2025-znamy-sklad-polskiego-jury-w-nim-viki-gabor\/wb11pg0\" id=\"fd41c531-39eb-42cd-a91b-98649c19ec9f\" rel=\"nofollow noopener\" target=\"_blank\">18-letniej Viki Gabor <\/a>opr\u00f3cz g\u0142osu sta\u0142 si\u0119 sceniczny wizerunek \u2014 mocny makija\u017c, d\u0142ugie paznokcie oraz odwa\u017cne stylizacje. W 2020 r. wyda\u0142y <a href=\"https:\/\/kultura.onet.pl\/muzyka\/gatunki\/pop\/viki-gabor-i-kayah-prezentuja-teledysk-do-ramie-w-ramie-zobacz-wideo\/rtvfc04\" id=\"50a97b66-7b9e-4736-a356-c34d35d14043\" rel=\"nofollow noopener\" target=\"_blank\">wsp\u00f3lny utw\u00f3r z Kayah<\/a>, kt\u00f3ry sta\u0142 si\u0119 hymnem kobiecej si\u0142y i wsparcia, jednak ich relacja mia\u0142a ulec pogorszeniu, gdy do\u015bwiadczona wokalistka publicznie wyrazi\u0142a niezadowolenie z kierunku, w kt\u00f3rym zmierza kariera m\u0142odszej kole\u017canki.<\/p>\n<p class=\"Paragraph_desktopParagraph__U31Gm\">&#8222;Ja bym troch\u0119 jej karier\u0119 poprowadzi\u0142a inaczej. Zawsze jej gratulowa\u0142am wielkiego talentu. Tam jest ogromny potencja\u0142, ci\u0105gle z b\u00f3lem twierdz\u0119, \u017ce niewykorzystany (&#8230;)&#8221; \u2014 <a href=\"https:\/\/plejada.pl\/newsy\/kayah-ocenia-kariere-viki-gabor-wielki-talent-niewykorzystany-potencjal\/dwmjrpd\" id=\"92d98958-528c-4588-becc-1f68f3c25923\" rel=\"nofollow noopener\" target=\"_blank\">m\u00f3wi\u0142a w\u00f3wczas 58-letnia Kayah w Radiu Eska.<\/a><\/p>\n<p class=\"VideoPlayerText_videoPlayerText__iDwyz\">Dalszy ci\u0105g materia\u0142u pod wideo<\/p>\n<ul class=\"OchatFollowUps_wrapper__1ry7X\">\n<li class=\"OchatFollowUps_item__Dhyly OchatFollowUps_itemDesktop__R6aBv\">Co powiedzia\u0142a Kayah na temat Viki Gabor?<\/li>\n<li class=\"OchatFollowUps_item__Dhyly OchatFollowUps_itemDesktop__R6aBv\">Jak Viki Gabor zareagowa\u0142a na s\u0142owa Kayah?<\/li>\n<li class=\"OchatFollowUps_item__Dhyly OchatFollowUps_itemDesktop__R6aBv\">Czy Kayah przeprosi\u0142a za swoje s\u0142owa?<\/li>\n<li class=\"OchatFollowUps_item__Dhyly OchatFollowUps_itemDesktop__R6aBv\">Gdzie Kayah i Viki Gabor wyst\u0105pi\u0105 razem?<\/li>\n<\/ul>\n<p>Kayah kaja si\u0119 po s\u0142owach o Viki Gabor: mylnie odebrane  <\/p>\n<p class=\"Paragraph_desktopParagraph__U31Gm\">Viki Gabor nie pozosta\u0142a oboj\u0119tna na komentarze dotycz\u0105ce jej wygl\u0105du i kariery. W rozmowie z \u017burnalist\u0105 przyzna\u0142a, \u017ce s\u0142owa <a href=\"https:\/\/kultura.onet.pl\/kayah\" id=\"e0f8a370-171a-4514-afd6-2e3e60e7ce79\" rel=\"nofollow noopener\" target=\"_blank\">Kayah<\/a> by\u0142y dla niej przykre, a ca\u0142a sytuacja j\u0105 zasmuci\u0142a. W odpowiedzi na krytyk\u0119 dotycz\u0105c\u0105 wizerunku, m\u0142oda artystka stwierdzi\u0142a, \u017ce osoby komentuj\u0105ce jej styl &#8222;nie maj\u0105 gustu&#8221;.<\/p>\n<p class=\"Paragraph_desktopParagraph__U31Gm\">W kolejnej, niedawnej rozmowie z radiem RMF FM Kayah odnios\u0142a si\u0119 do wcze\u015bniejszych wypowiedzi, t\u0142umacz\u0105c, \u017ce jej s\u0142owa zosta\u0142y \u017ale zinterpretowane. Podkre\u015bli\u0142a, \u017ce zawsze zale\u017ca\u0142o jej na tym, by talent Viki jak najmocniej b\u0142yszcza\u0142 i zosta\u0142 doceniony przez jak najszersze grono odbiorc\u00f3w.<\/p>\n<blockquote>\n<p class=\"Paragraph_desktopParagraph__U31Gm\">Chc\u0105c zaznaczy\u0107 ogromny potencja\u0142 jej talentu, powiedzia\u0142am zdanie, kt\u00f3re zosta\u0142o kompletnie mylnie ocenione, odebrane i puszczone w eter<\/p>\n<\/blockquote>\n<p class=\"Paragraph_desktopParagraph__U31Gm\">\u2014 t\u0142umaczy z perspektywy czasu Kayah.<\/p>\n<blockquote>\n<p class=\"Paragraph_desktopParagraph__U31Gm\">Powiedzia\u0142am, \u017ce po prostu inaczej poprowadzi\u0142abym jej karier\u0119 w danym momencie, bo z \u017calem stwierdzi\u0142am, \u017ce bardzo mi brakuje na rynku i tak dalej i tak dalej. Co\u015b tak g\u0142upiego i o ma\u0142y w\u0142os to nas nie por\u00f3\u017cni\u0142o. Niestety taka jest twarz medi\u00f3w. Je\u017celi kto\u015b nie jest do ko\u0144ca \u017cyczliwy, mo\u017ce wyj\u0105\u0107 co\u015b z kontekstu i zmanipulowa\u0107, co chcia\u0142e\u015b powiedzie\u0107<\/p>\n<\/blockquote>\n<p class=\"Paragraph_desktopParagraph__U31Gm\">\u2014 dodaje artystka, zapewniaj\u0105c, \u017ce nie mia\u0142a z\u0142ych intencji.<\/p>\n<p class=\"Paragraph_desktopParagraph__U31Gm\">Ju\u017c wkr\u00f3tce Kayah i Viki Gabor b\u0119d\u0105 mia\u0142y okazj\u0119 si\u0119 spotka\u0107 i by\u0107 mo\u017ce nawet razem za\u015bpiewa\u0107 \u2014 obie wyst\u0105pi\u0105 podczas Sylwestra z Dw\u00f3jk\u0105, kt\u00f3ry odb\u0119dzie si\u0119 w Katowicach.<\/p>\n<p class=\"Paragraph_desktopParagraph__U31Gm\">Zobacz te\u017c:<\/p>\n","protected":false},"excerpt":{"rendered":"Znakiem rozpoznawczym 18-letniej Viki Gabor opr\u00f3cz g\u0142osu sta\u0142 si\u0119 sceniczny wizerunek \u2014 mocny makija\u017c, d\u0142ugie paznokcie oraz odwa\u017cne&hellip;\n","protected":false},"author":2,"featured_media":168762,"comment_status":"","ping_status":"","sticky":false,"template":"","format":"standard","meta":{"footnotes":""},"categories":[22],"tags":[122,67,1741,261,1503,53,52,68,51,55,42,38,40,39,41,33255,123,47,65,50,2027],"class_list":{"0":"post-168761","1":"post","2":"type-post","3":"status-publish","4":"format-standard","5":"has-post-thumbnail","7":"category-rozrywka","8":"tag-entertainment","9":"tag-intextvideo_splayer","10":"tag-kayah","11":"tag-kultura","12":"tag-muzyka_i_muzycy_muzyka_rozrywkowa_spiew","13":"tag-new_header","14":"tag-onet3","15":"tag-onet3d","16":"tag-onet3d_2i","17":"tag-phx","18":"tag-pl","19":"tag-poland","20":"tag-polish","21":"tag-polska","22":"tag-polski","23":"tag-ramie_w_ramie","24":"tag-rozrywka","25":"tag-screening_general","26":"tag-update_me","27":"tag-v2021","28":"tag-viki_gabor"},"share_on_mastodon":{"url":"https:\/\/pubeurope.com\/@pl\/115774697371059061","error":""},"_links":{"self":[{"href":"https:\/\/www.europesays.com\/pl\/wp-json\/wp\/v2\/posts\/168761","targetHints":{"allow":["GET"]}}],"collection":[{"href":"https:\/\/www.europesays.com\/pl\/wp-json\/wp\/v2\/posts"}],"about":[{"href":"https:\/\/www.europesays.com\/pl\/wp-json\/wp\/v2\/types\/post"}],"author":[{"embeddable":true,"href":"https:\/\/www.europesays.com\/pl\/wp-json\/wp\/v2\/users\/2"}],"replies":[{"embeddable":true,"href":"https:\/\/www.europesays.com\/pl\/wp-json\/wp\/v2\/comments?post=168761"}],"version-history":[{"count":0,"href":"https:\/\/www.europesays.com\/pl\/wp-json\/wp\/v2\/posts\/168761\/revisions"}],"wp:featuredmedia":[{"embeddable":true,"href":"https:\/\/www.europesays.com\/pl\/wp-json\/wp\/v2\/media\/168762"}],"wp:attachment":[{"href":"https:\/\/www.europesays.com\/pl\/wp-json\/wp\/v2\/media?parent=168761"}],"wp:term":[{"taxonomy":"category","embeddable":true,"href":"https:\/\/www.europesays.com\/pl\/wp-json\/wp\/v2\/categories?post=168761"},{"taxonomy":"post_tag","embeddable":true,"href":"https:\/\/www.europesays.com\/pl\/wp-json\/wp\/v2\/tags?post=168761"}],"curies":[{"name":"wp","href":"https:\/\/api.w.org\/{rel}","templated":true}]}}