{"id":168806,"date":"2025-12-24T13:39:08","date_gmt":"2025-12-24T13:39:08","guid":{"rendered":"https:\/\/www.europesays.com\/pl\/168806\/"},"modified":"2025-12-24T13:39:08","modified_gmt":"2025-12-24T13:39:08","slug":"nie-zyje-sebastian-hertner-mial-34-lata-tragiczny-wypadek-przeglad-sportowy-onet","status":"publish","type":"post","link":"https:\/\/www.europesays.com\/pl\/168806\/","title":{"rendered":"Nie \u017cyje Sebastian Hertner. Mia\u0142 34 lata. Tragiczny wypadek &#8211; Przegl\u0105d Sportowy Onet"},"content":{"rendered":"<ol>\n<li><a href=\"https:\/\/news.google.com\/rss\/articles\/CBMirwFBVV95cUxNdGg0RVdnUGNzaG9pbUREU2lCajBSZG5BV3lkeTVtdzZxVHN0c0tDSFJzWWFtenRVdXpsUVdFZG5GUF93TjBUaW5UeUlJR1hUOUM1ZGMzTi1XZDBSbndORXBKQVhweXduT1c0LWhBSUFaMTc5WkRCOHpJVWNtYXRJRmZTRG85TzVNUl9JVTlRNGpkakI2YkdxMVpOY0JmNmlXU2p1dzBHVjdpclJQQ2Fn?oc=5\" target=\"_blank\" rel=\"nofollow noopener\">Nie \u017cyje Sebastian Hertner. Mia\u0142 34 lata. Tragiczny wypadek<\/a>&nbsp;&nbsp;Przegl\u0105d Sportowy Onet<\/li>\n<li><a href=\"https:\/\/news.google.com\/rss\/articles\/CBMiogFBVV95cUxOVHl4RWFVZTIxYU4wemdWV3l5VjNCTFB4WWhQSGJlQ0k5STlxajd0dldoQm14dVo1ZWtSSXhjNjdwWUtyZm9OZ2g1SlpaejZ3a0FPLXpvdGp3Qm5XR3FmQks0Q1piM0hndlNBeHI0X0VpaGVsZUF3LTVDcVFSOUtscnN5dERjbU1nS3JRd3N6UW9FUnU1dXEzRURGYlhzZ1JGQ2c?oc=5\" target=\"_blank\" rel=\"nofollow noopener\">Tragedia na stoku. Nie \u017cyje by\u0142y reprezentant Niemiec<\/a>&nbsp;&nbsp;SportoweFakty<\/li>\n<li><a href=\"https:\/\/news.google.com\/rss\/articles\/CBMioAFBVV95cUxPSkk0ZHB4ZU9IRzlkUnRQWUVteUhsVE1mV1FWdFdBMGs2RDk0a01IYXlUbUNEVkdYM194ZGdKd2lWYzhibm5aTHU2cDlic1hwUm9jNERzQUxMMVNkMFhfdWQzUUJUSjJlQnBtaTVXNTFrbGpva1VGVDdrLW9zVjNXN29UT2RLdVU2dEE5eTB4VV95TlQ0STZLWlNoVVp4NFVQ?oc=5\" target=\"_blank\" rel=\"nofollow noopener\">Tragedia w Czarnog\u00f3rze. Sportowiec zgin\u0105\u0142 na oczach \u017cony<\/a>&nbsp;&nbsp;RMF24<\/li>\n<li><a href=\"https:\/\/news.google.com\/rss\/articles\/CBMitAFBVV95cUxNLVhxYUhGVFFZMVhfQkw1Y0k2U1pYcHlhVUk5elhHRUF6amh2dnlWTVAtZl8zOUNTVjJkQlVodXdVeVlOZmdDdVZlVlRKVDFTRkI1WEhmNHRFR3F2ZnRaR3dBN0U0SmF4RHRLMTBVano2ZjhjZnhSSVMtQU1XOFl4U0x4SEF1RlpuVExrTHVsZWpJQ3VLLWY0SXR0WFJnWFU3djd1TUxRUFh5VGlNOE92S19yaW8?oc=5\" target=\"_blank\" rel=\"nofollow noopener\">Makabryczna \u015bmier\u0107 pi\u0142karza z Niemiec. Spad\u0142 w przepa\u015b\u0107 z 70 metr\u00f3w<\/a>&nbsp;&nbsp;Meczyki.pl<\/li>\n<li><a href=\"https:\/\/news.google.com\/rss\/articles\/CBMiuwFBVV95cUxNdS1rYXd3b0pFQzl2X0tkampwQWdlLWhtRHJ3SG42Z1RWemtTQVRTOE5fT0pXVWVnOTh6dU8td3o1SDBoNEdVX0FGa1RUSkZKcnk3QzY3QnN2VVpFRzZpcEpQVTRLQ0x1S08zRE9qa1E2WEtDLVlaSXE3V2VLVWkxb3kwUXdiM3lRR00tc2VtR2NOZkxkaDI0SUwyS0J0MFQ1eFFRa1RPRjkyTUNyMnFlRzNzOThPMVJ6TVk4?oc=5\" target=\"_blank\" rel=\"nofollow noopener\">Horror na stoku narciarskim w Czarnog\u00f3rze. M\u0105\u017c i \u017cona zderzyli si\u0119 na wysoko\u015bci 70 metr\u00f3w<\/a>&nbsp;&nbsp;Gazeta<\/li>\n<\/ol>\n","protected":false},"excerpt":{"rendered":"Nie \u017cyje Sebastian Hertner. Mia\u0142 34 lata. Tragiczny wypadek&nbsp;&nbsp;Przegl\u0105d Sportowy Onet Tragedia na stoku. Nie \u017cyje by\u0142y reprezentant&hellip;\n","protected":false},"author":2,"featured_media":168807,"comment_status":"","ping_status":"","sticky":false,"template":"","format":"standard","meta":{"footnotes":""},"categories":[14],"tags":[32,33,27,67,34,35,28,31,25,15773,549,948,40,41,136,128,47,135,80,29,30,26,82,83,84],"class_list":{"0":"post-168806","1":"post","2":"type-post","3":"status-publish","4":"format-standard","5":"has-post-thumbnail","7":"category-swiat","8":"tag-breaking-news","9":"tag-breakingnews","10":"tag-headlines","11":"tag-intextvideo_splayer","12":"tag-latest-news","13":"tag-latestnews","14":"tag-naglowki","15":"tag-najwazniejsze-artykuly","16":"tag-news","17":"tag-nie_zyje","18":"tag-pber","19":"tag-pilka_nozna","20":"tag-polish","21":"tag-polski","22":"tag-ps_detal_new","23":"tag-psv2","24":"tag-screening_general","25":"tag-sport_sport","26":"tag-swiat","27":"tag-top-stories","28":"tag-topstories","29":"tag-wiadomosci","30":"tag-world","31":"tag-world-news","32":"tag-worldnews"},"share_on_mastodon":{"url":"https:\/\/pubeurope.com\/@pl\/115774827080199829","error":""},"_links":{"self":[{"href":"https:\/\/www.europesays.com\/pl\/wp-json\/wp\/v2\/posts\/168806","targetHints":{"allow":["GET"]}}],"collection":[{"href":"https:\/\/www.europesays.com\/pl\/wp-json\/wp\/v2\/posts"}],"about":[{"href":"https:\/\/www.europesays.com\/pl\/wp-json\/wp\/v2\/types\/post"}],"author":[{"embeddable":true,"href":"https:\/\/www.europesays.com\/pl\/wp-json\/wp\/v2\/users\/2"}],"replies":[{"embeddable":true,"href":"https:\/\/www.europesays.com\/pl\/wp-json\/wp\/v2\/comments?post=168806"}],"version-history":[{"count":0,"href":"https:\/\/www.europesays.com\/pl\/wp-json\/wp\/v2\/posts\/168806\/revisions"}],"wp:featuredmedia":[{"embeddable":true,"href":"https:\/\/www.europesays.com\/pl\/wp-json\/wp\/v2\/media\/168807"}],"wp:attachment":[{"href":"https:\/\/www.europesays.com\/pl\/wp-json\/wp\/v2\/media?parent=168806"}],"wp:term":[{"taxonomy":"category","embeddable":true,"href":"https:\/\/www.europesays.com\/pl\/wp-json\/wp\/v2\/categories?post=168806"},{"taxonomy":"post_tag","embeddable":true,"href":"https:\/\/www.europesays.com\/pl\/wp-json\/wp\/v2\/tags?post=168806"}],"curies":[{"name":"wp","href":"https:\/\/api.w.org\/{rel}","templated":true}]}}