{"id":168821,"date":"2025-12-24T13:50:15","date_gmt":"2025-12-24T13:50:15","guid":{"rendered":"https:\/\/www.europesays.com\/pl\/168821\/"},"modified":"2025-12-24T13:50:15","modified_gmt":"2025-12-24T13:50:15","slug":"lekkoatletyka-amerykanie-zachwyceni-natasza-dudek","status":"publish","type":"post","link":"https:\/\/www.europesays.com\/pl\/168821\/","title":{"rendered":"Lekkoatletyka. Amerykanie zachwyceni Natasz\u0105 Dudek"},"content":{"rendered":"<p class=\"typography ids-typeset-body ids-typeset-body--preset-large link paragraph ids-paragraph ids-paragraph--default\">Amerykanie kochaj\u0105 lekkoatletyk\u0119, zainteresowanie budz\u0105 nie tylko zmagania tych najlepszych, ale ju\u017c rywalizacje mi\u0119dzyszkolne. I to od poziomu szk\u00f3\u0142 \u015brednich zaczynaj\u0105c. Fina\u0142y uniwersyteckie, na s\u0142ynnym Hayward Field w Eugene, \u015bledz\u0105 setki tysi\u0119cy os\u00f3b. A tam cz\u0119sto padaj\u0105 wyniki na skal\u0119 \u015bwiatow\u0105.<\/p>\n<p class=\"typography ids-typeset-body ids-typeset-body--preset-large link paragraph ids-paragraph ids-paragraph--default\">Takie zainteresowanie ma solidne podstawy &#8211; rywalizacja toczy si\u0119, na r\u00f3\u017cnych poziomach, przez ca\u0142y rok, globalne marki producent\u00f3w sprz\u0119tu opiekuj\u0105 si\u0119 tymi najlepszymi sportowcami. Co\u015b wie o tym Klaudia Kazimierska, kt\u00f3ra ko\u0144cz\u0105c przygod\u0119 z Uniwersytetem Oregonu, podpisa\u0142a profesjonalny kontrakt z Nike. M\u00f3wimy za\u015b o zawodniczce, kt\u00f3ry b\u0142yszcza\u0142a w NCAA, ale przede wszystkim: pobieg\u0142a w finale igrzysk olimpijskich i finale mistrzostw \u015bwiata.<\/p>\n<p><img decoding=\"async\" class=\"ids-image-holder__img\" loading=\"lazy\" alt=\"Zawodniczka w kolorowym stroju sportowym tu\u017c przed przekroczeniem linii mety podczas wy\u015bcigu biegowego, za ni\u0105 znajduje si\u0119 kolejna uczestniczka, a w tle wida\u0107 kibic\u00f3w i innych zawodnik\u00f3w.\" title=\"Natasza Dudek wygrywa NXN Nike Cross Nationals. Grudzie\u0144 2025\" width=\"6220\" height=\"4147\" src=\"https:\/\/www.europesays.com\/pl\/wp-content\/uploads\/2025\/12\/000M49TDHLNF7P0U-C323-F4.webp.webp\"\/><\/p>\n<p>Natasza Dudek wygrywa NXN Nike Cross Nationals. Grudzie\u0144 2025Kirby LeeGetty Images<\/p>\n<p class=\"typography ids-typeset-body ids-typeset-body--preset-large link paragraph ids-paragraph ids-paragraph--default\">Podobn\u0105 \u015bcie\u017ck\u0119 przechodzi\u0142a kiedy\u015b Zofia Dudek, razem z rodzin\u0105 wyjecha\u0142a do Stan\u00f3w Zjednoczonych w trakcie swojej szko\u0142y podstawowej. Za spraw\u0105 taty Macieja, kt\u00f3ry w 2011 roku zosta\u0142 wizytuj\u0105cym profesorem ekonomii na Uniwersytecie Po\u0142udniowej Kalifornii, p\u00f3\u017aniej pe\u0142ni\u0142 tak\u0105 rol\u0119 na Purdue Univeristy w Indianie, od lat jest za\u015b wyk\u0142adowc\u0105 na Univeristy of Michigan.<\/p>\n<p class=\"typography ids-typeset-body ids-typeset-body--preset-large link paragraph ids-paragraph ids-paragraph--default\">I to w\u0142a\u015bnie Ann Arbour, miasto-siedziba szko\u0142y, sta\u0142o si\u0119 ich baz\u0105 treningow\u0105. Natasz\u0119 Dudek prowadzi m.in. Nancy Boudreau, rezerwowa w ameryka\u0144skiej dru\u017cynie na igrzyska w Meksyku (1968) i Monachium (1972).<\/p>\n<p class=\"typography ids-typeset-body ids-typeset-body--preset-large link paragraph ids-paragraph ids-paragraph--default\">Zofia Dudek m\u00f3wi\u0142a o tym sze\u015b\u0107 lat temu w wywiadzie dla bieganie.pl. Mia\u0142a wtedy 17 lat i w\u0142a\u015bnie wywalczony tytu\u0142 mistrzyni Europy juniorek w biegu na 3000 metr\u00f3w. Wtedy, w Boras, z\u0142ote medale w swoich konkurencjach zdobywa\u0142y m. in. Femke Bol (400 m przez p\u0142otki), Jaros\u0142awa Mahuczich (skok wzwy\u017c), Larissa Iapichino (skok w dal), Jorinde van Klinken (pchni\u0119cie kul\u0105) czy Amy Hunt (bieg na 200 m). A Pia Skryszowska\u00a0cieszy\u0142a si\u0119 ze srebra na 100 m przez p\u0142otki.<\/p>\n<p class=\"typography ids-typeset-body ids-typeset-body--preset-large link paragraph ids-paragraph ids-paragraph--default\">Do dzi\u015b mieszka i trenuje w USA, w tym roku ko\u0144czy\u0142a przygod\u0119 z NCAA (17. miejsce w finale na 5000 m), wcze\u015bniej w Bostonie uzyska\u0142a bardzo warto\u015bciowy czas w hali na tym dystansie (15:33.35).<\/p>\n<p>Dwa presti\u017cowe tytu\u0142y dla Nataszy Dudek. 15-latka z Polski dokona\u0142a tego jako pierwsza<\/p>\n<p class=\"typography ids-typeset-body ids-typeset-body--preset-large link paragraph ids-paragraph ids-paragraph--default\">W\u0142a\u015bnie \u015bladami dw\u00f3ch starszych si\u00f3str pod\u0105\u017ca teraz zaledwie 15-letnia Natasza, urodziny mia\u0142a w listopadzie. Zofia w 2019 roku wygra\u0142a prze\u0142ajowe mistrzostwa Foot Locker, w tym roku zorganizowane w tym samym miejscu pod szyldem Brooks.<\/p>\n<p class=\"typography ids-typeset-body ids-typeset-body--preset-large link paragraph ids-paragraph ids-paragraph--default\">A m\u0142odsza siostra w\u0142a\u015bnie j\u0105 przebi\u0142a, co da\u0142o efekt w postaci ciekawego artyku\u0142u na \u0142amach magazynu Track and Field News &#8211; najbardziej presti\u017cowego na \u015bwiecie po\u015bwi\u0119conego &#8222;kr\u00f3lowej sportu&#8221;.<\/p>\n<p class=\"typography ids-typeset-body ids-typeset-body--preset-large link paragraph ids-paragraph ids-paragraph--default\">Zofia, co podkre\u015bla w swoim artykule Jeff Hollobaugh, wygra\u0142a bowiem &#8211; jako pierwsza w historii &#8211; oba cykle bieg\u00f3w prze\u0142ajowych: najpierw NXN (Nike Cross Nationals) w Portland w Oregonie, teraz za\u015b Brooks XC Championships w San Diego w Kalifornii. Te ostatnie zawody zast\u0105pi\u0142y odwo\u0142ane wcze\u015bniej Foot Locker Cross-Country Championships, przej\u0119\u0142y rol\u0119 mistrzostw USA szk\u00f3\u0142 \u015brednich. M\u0142oda Polka by\u0142a najlepsza z grona 50 uczestniczek fina\u0142u, o 1,6 s wyprzedzi\u0142a Blair Bartlett.<\/p>\n<p class=\"typography ids-typeset-body ids-typeset-body--preset-large link paragraph ids-paragraph ids-paragraph--default\">Artyku\u0142 w TaFN zaczyna si\u0119 od s\u0142\u00f3w jednego z trener\u00f3w 15-latki Iana Forsytha z Ann Arbour: &#8222;M\u0142odsze dzieci maj\u0105 przewag\u0119, bo zawsze mog\u0105 dokona\u0107 tego dzi\u0119ki starszym siostrom&#8221;. I zaznaczy\u0142, \u017ce na starcie przygotowa\u0144 latem, nie spodziewa\u0142 si\u0119 takich wynik\u00f3w.<\/p>\n<p class=\"typography ids-typeset-body ids-typeset-body--preset-large link paragraph ids-paragraph ids-paragraph--default\">&#8211; Gdy zaczyna\u0142am biega\u0107, Zofia chodzi\u0142a do liceum. To ona mnie wci\u0105gn\u0119\u0142a, widzia\u0142am, ile jej to sprawia przyjemno\u015bci. I te\u017c tego chcia\u0142am &#8211; m\u00f3wi Natasza.<\/p>\n<p class=\"typography ids-typeset-body ids-typeset-body--preset-large link paragraph ids-paragraph ids-paragraph--default\">Sama przyznaje, \u017ce wi\u0119cej da\u0142 jej tytu\u0142 zdobyty w Portland. &#8211; Ten bieg pokaza\u0142, \u017ce potrafi\u0119 da\u0107 z siebie wszystko. I da\u0142 mi du\u017co pewno\u015bci siebie &#8211; m\u00f3wi. &#8211; W tym roku nauczy\u0142am si\u0119 nie mie\u0107 \u017cadnych obaw na mecie. Rok temu serce mi bi\u0142o bardzo szybko, teraz staram si\u0119 wej\u015b\u0107 do pewnej strefy jeszcze przed wy\u015bcigiem &#8211; t\u0142umaczy\u0142a.<\/p>\n<p><img decoding=\"async\" class=\"ids-image-holder__img\" loading=\"lazy\" alt=\"Trzy u\u015bmiechni\u0119te dziewczyny stoj\u0105 na podium, ka\u017cda trzyma statuetk\u0119 zwyci\u0119zcy, w tle widoczne drzewa oraz elementy wydarzenia sportowego.\" title=\"Natasza Dudek z pucharem po triumfie w Oregonie\" width=\"8640\" height=\"5760\" src=\"https:\/\/www.europesays.com\/pl\/wp-content\/uploads\/2025\/12\/000M49TGYWLD0YUB-C323-F4.webp.webp\"\/><\/p>\n<p>Natasza Dudek z pucharem po triumfie w OregonieKirby LeeGetty Images<\/p>\n<p class=\"typography ids-typeset-body ids-typeset-body--preset-large link paragraph ids-paragraph ids-paragraph--default\">Natasza Dudek 10 listopada sko\u0144czy\u0142a 15 lat,\u00a0wi\u0119ksz\u0105 cz\u0119\u015b\u0107 \u017cycia sp\u0119dzi\u0142a w USA. Jest jednak obywatelk\u0105 Polski, na stronie World Athletics figuruje nasza flaga. A co ze startami mi\u0119dzynarodowymi m\u0142odej zawodniczki Pioneer High School? Nastolatka podkre\u015bla, \u017ce to mo\u017ce nast\u0105pi\u0107 w przysz\u0142o\u015bci, ale sama nie wie &#8211; kiedy. I na razie chce chwil\u0119 odpocz\u0105\u0107 przed rozpocz\u0119ciem start\u00f3w w hali.<\/p>\n<ul class=\"typography ids-typeset-body ids-typeset-body--preset-small list--article-list ids-list ids-list--unordered ids-list--size-small \" datatype=\"disc\">\n<li class=\"ids-list-item ids-list-item__content brief-list-item\"><a class=\"ids-undecorated-link link ids-link \" data-spons=\"false\" href=\"https:\/\/sport.interia.pl\/sportowe-zycie\/news-ida-swieta-a-tu-wielka-radosc-polskiej-medalistki-pokazala-z,nId,22501874\" rel=\"nofollow noopener\" target=\"_blank\">Id\u0105 \u015bwi\u0119ta, a tu wielka rado\u015b\u0107 polskiej medalistki. Pokaza\u0142a zdj\u0119cie<\/a><\/li>\n<li class=\"ids-list-item ids-list-item__content brief-list-item\"><a class=\"ids-undecorated-link link ids-link \" data-spons=\"false\" href=\"https:\/\/sport.interia.pl\/mma\/news-lisek-padl-na-deski-jedrzejczyk-wkroczyla-do-akcji-posypaly,nId,22501764\" rel=\"nofollow noopener\" target=\"_blank\">Lisek pad\u0142 na deski, J\u0119drzejczyk wkroczy\u0142a do akcji. Posypa\u0142y si\u0119 gratulacje<\/a><\/li>\n<\/ul>\n<p>&#8222;As Sportu Interii i Polsatu Sport 2025&#8221;. Natalia Bukowiecka podsumowa\u0142a poprzedni sezon. \u201cBywa\u0142o r\u00f3\u017cnie\u201d. WIDEOPolsat SportPolsat Sport<\/p>\n<p><a class=\"ids-undecorated-link source ids-page-info--source__link\" href=\"https:\/\/www.interia.pl\" rel=\"nofollow noopener\" target=\"_blank\"><img decoding=\"async\" class=\"ids-image-holder__img\" loading=\"lazy\" alt=\"\" title=\"\" height=\"24px\" src=\"https:\/\/www.europesays.com\/pl\/wp-content\/uploads\/2025\/12\/1766553731_41_0009A60QQ5I2TYF7-C202-F4.webp.webp\"\/><\/a><\/p>\n<p>Masz sugestie, uwagi albo widzisz b\u0142\u0105d? Napisz do nas<\/p>\n","protected":false},"excerpt":{"rendered":"Amerykanie kochaj\u0105 lekkoatletyk\u0119, zainteresowanie budz\u0105 nie tylko zmagania tych najlepszych, ale ju\u017c rywalizacje mi\u0119dzyszkolne. I to od poziomu&hellip;\n","protected":false},"author":2,"featured_media":168822,"comment_status":"","ping_status":"","sticky":false,"template":"","format":"standard","meta":{"footnotes":""},"categories":[24],"tags":[42,38,40,39,41,127,126],"class_list":{"0":"post-168821","1":"post","2":"type-post","3":"status-publish","4":"format-standard","5":"has-post-thumbnail","7":"category-sport","8":"tag-pl","9":"tag-poland","10":"tag-polish","11":"tag-polska","12":"tag-polski","13":"tag-sport","14":"tag-sports"},"share_on_mastodon":{"url":"https:\/\/pubeurope.com\/@pl\/115774870856175140","error":""},"_links":{"self":[{"href":"https:\/\/www.europesays.com\/pl\/wp-json\/wp\/v2\/posts\/168821","targetHints":{"allow":["GET"]}}],"collection":[{"href":"https:\/\/www.europesays.com\/pl\/wp-json\/wp\/v2\/posts"}],"about":[{"href":"https:\/\/www.europesays.com\/pl\/wp-json\/wp\/v2\/types\/post"}],"author":[{"embeddable":true,"href":"https:\/\/www.europesays.com\/pl\/wp-json\/wp\/v2\/users\/2"}],"replies":[{"embeddable":true,"href":"https:\/\/www.europesays.com\/pl\/wp-json\/wp\/v2\/comments?post=168821"}],"version-history":[{"count":0,"href":"https:\/\/www.europesays.com\/pl\/wp-json\/wp\/v2\/posts\/168821\/revisions"}],"wp:featuredmedia":[{"embeddable":true,"href":"https:\/\/www.europesays.com\/pl\/wp-json\/wp\/v2\/media\/168822"}],"wp:attachment":[{"href":"https:\/\/www.europesays.com\/pl\/wp-json\/wp\/v2\/media?parent=168821"}],"wp:term":[{"taxonomy":"category","embeddable":true,"href":"https:\/\/www.europesays.com\/pl\/wp-json\/wp\/v2\/categories?post=168821"},{"taxonomy":"post_tag","embeddable":true,"href":"https:\/\/www.europesays.com\/pl\/wp-json\/wp\/v2\/tags?post=168821"}],"curies":[{"name":"wp","href":"https:\/\/api.w.org\/{rel}","templated":true}]}}