{"id":168825,"date":"2025-12-24T13:52:20","date_gmt":"2025-12-24T13:52:20","guid":{"rendered":"https:\/\/www.europesays.com\/pl\/168825\/"},"modified":"2025-12-24T13:52:20","modified_gmt":"2025-12-24T13:52:20","slug":"sony-smuci-graczy-na-swieta-odbiera-gre-ktora-rozdawano-za-darmo-dwa-miesiace-temu-na-playstation","status":"publish","type":"post","link":"https:\/\/www.europesays.com\/pl\/168825\/","title":{"rendered":"Sony smuci graczy na \u015awi\u0119ta. Odbiera gr\u0119, kt\u00f3r\u0105 &#8222;rozdawano za darmo&#8221; dwa miesi\u0105ce temu na PlayStation"},"content":{"rendered":"<p>Sony podj\u0119\u0142o zdecydowane kroki w celu naprawienia b\u0142\u0119du cenowego sprzed niemal dw\u00f3ch miesi\u0119cy, odbieraj\u0105c graczom dost\u0119p do gry Shadow Tactics: Blades of the Shogun.<\/p>\n<p>Osoby, kt\u00f3re doda\u0142y ten tytu\u0142 do swojej biblioteki za darmo dzi\u0119ki luce w sklepie PlayStation Store, otrzymuj\u0105 teraz powiadomienia o przetworzeniu &#8222;zwrotu pieni\u0119dzy&#8221; w kwocie 0,00 z\u0142. Decyzja ta oznacza, \u017ce gra znika z kont u\u017cytkownik\u00f3w, mimo \u017ce od momentu jej przypisania min\u0119\u0142o sporo czasu.<\/p>\n<p>    Dalsza cz\u0119\u015b\u0107 tekstu pod wideo<\/p>\n<p>Ca\u0142e zamieszanie zacz\u0119\u0142o si\u0119 w po\u0142owie pa\u017adziernika 2025 roku, kiedy to w sieci pojawi\u0142a si\u0119 informacja o b\u0142\u0119dzie pozwalaj\u0105cym na darmowe pobranie pe\u0142nej wersji gry po wykonaniu kilku konkretnych krok\u00f3w. Metoda polega\u0142a na dodaniu do biblioteki wersji demonstracyjnej, co odblokowywa\u0142o mo\u017cliwo\u015b\u0107 odebrania ca\u0142ego produktu bez \u017cadnych koszt\u00f3w. Informacja ta szybko rozesz\u0142a si\u0119 w mediach spo\u0142eczno\u015bciowych, a Sony dopiero teraz, tu\u017c przed \u015bwi\u0119tami, zdecydowa\u0142o si\u0119 na masowe cofanie tych licencji.<\/p>\n<p>        <img loading=\"lazy\" decoding=\"async\" src=\"https:\/\/www.europesays.com\/pl\/wp-content\/uploads\/2025\/12\/1766169616_588_B32963402.414688363;dc_trk_aid=607216972;dc_trk_cid=228291445;ord=[timestamp];dc_lat=;dc_rdid=;tag_f.gif\" attributionsrc=\"\" border=\"0\" height=\"1\" width=\"1\" alt=\"Advertisement\"\/><\/p>\n<p>                                <img loading=\"lazy\" decoding=\"async\" width=\"1930\" height=\"831\" alt=\"Sony smuci graczy na \u015awi\u0119ta. Odbiera gr\u0119, kt\u00f3r\u0105 &quot;rozdawano&quot; dwa miesi\u0105ce temu na PlayStation\" data-placeholder=\"data:image\/png;base64,iVBORw0KGgoAAAANSUhEUgAAAAEAAAABCAQAAAC1HAwCAAAAC0lEQVR42mO89B8AAqkB05ycXjIAAAAASUVORK5CYII=\" class=\"lazy\" src=\"data:image\/png;base64,iVBORw0KGgoAAAANSUhEUgAAAAEAAAABCAQAAAC1HAwCAAAAC0lEQVR42mO89B8AAqkB05ycXjIAAAAASUVORK5CYII=\" data-src=\"https:\/\/pliki.ppe.pl\/storage\/0fae884ca05f095a26a2\/0fae884ca05f095a26a2.webp\"\/><\/p>\n<p>    <img decoding=\"async\" src=\"https:\/\/www.ppe.pl\/build\/client\/images\/icons\/resize-icon.e1e9c338.svg\" class=\"resize-icon__icon\" alt=\"resize icon\"\/><\/p>\n<p>Dzia\u0142anie japo\u0144skiego giganta wzbudzi\u0142o spore zainteresowanie, szczeg\u00f3lnie w kontek\u015bcie dzisiejszego zachowania firmy CD Projekt RED. Podczas gdy tw\u00f3rcy Cyberpunka 2077 pozwolili graczom zachowa\u0107 kopie kupione po okazyjnej cenie wynikaj\u0105cej z b\u0142\u0119du na eShopie, Sony wybra\u0142o znacznie bardziej rygorystyczne rozwi\u0105zanie. Jest to dotkliwa wiadomo\u015b\u0107 dla fan\u00f3w taktycznych wyzwa\u0144, bior\u0105c pod uwag\u0119, \u017ce gra osadzona w XVII-wiecznej Japonii doczeka\u0142a si\u0119 dedykowanej wersji na PlayStation 5 zaledwie kilka dni przed wspomnianym wyciekiem w pa\u017adzierniku.<\/p>\n","protected":false},"excerpt":{"rendered":"Sony podj\u0119\u0142o zdecydowane kroki w celu naprawienia b\u0142\u0119du cenowego sprzed niemal dw\u00f3ch miesi\u0119cy, odbieraj\u0105c graczom dost\u0119p do gry&hellip;\n","protected":false},"author":2,"featured_media":99806,"comment_status":"","ping_status":"","sticky":false,"template":"","format":"standard","meta":{"footnotes":""},"categories":[20],"tags":[120,118,119,42,38,40,39,41,116,114,115,121,117],"class_list":{"0":"post-168825","1":"post","2":"type-post","3":"status-publish","4":"format-standard","5":"has-post-thumbnail","7":"category-nauka-i-technika","8":"tag-nauka","9":"tag-nauka-i-technika","10":"tag-naukatechnika","11":"tag-pl","12":"tag-poland","13":"tag-polish","14":"tag-polska","15":"tag-polski","16":"tag-science","17":"tag-science-and-technology","18":"tag-sciencetechnology","19":"tag-technika","20":"tag-technology"},"share_on_mastodon":{"url":"https:\/\/pubeurope.com\/@pl\/115774878475850812","error":""},"_links":{"self":[{"href":"https:\/\/www.europesays.com\/pl\/wp-json\/wp\/v2\/posts\/168825","targetHints":{"allow":["GET"]}}],"collection":[{"href":"https:\/\/www.europesays.com\/pl\/wp-json\/wp\/v2\/posts"}],"about":[{"href":"https:\/\/www.europesays.com\/pl\/wp-json\/wp\/v2\/types\/post"}],"author":[{"embeddable":true,"href":"https:\/\/www.europesays.com\/pl\/wp-json\/wp\/v2\/users\/2"}],"replies":[{"embeddable":true,"href":"https:\/\/www.europesays.com\/pl\/wp-json\/wp\/v2\/comments?post=168825"}],"version-history":[{"count":0,"href":"https:\/\/www.europesays.com\/pl\/wp-json\/wp\/v2\/posts\/168825\/revisions"}],"wp:featuredmedia":[{"embeddable":true,"href":"https:\/\/www.europesays.com\/pl\/wp-json\/wp\/v2\/media\/99806"}],"wp:attachment":[{"href":"https:\/\/www.europesays.com\/pl\/wp-json\/wp\/v2\/media?parent=168825"}],"wp:term":[{"taxonomy":"category","embeddable":true,"href":"https:\/\/www.europesays.com\/pl\/wp-json\/wp\/v2\/categories?post=168825"},{"taxonomy":"post_tag","embeddable":true,"href":"https:\/\/www.europesays.com\/pl\/wp-json\/wp\/v2\/tags?post=168825"}],"curies":[{"name":"wp","href":"https:\/\/api.w.org\/{rel}","templated":true}]}}